{"id":544876,"date":"2022-05-02T00:04:02","date_gmt":"2022-05-02T05:04:02","guid":{"rendered":"https:\/\/www.diarioimagen.net\/?p=544876"},"modified":"2022-05-02T03:43:35","modified_gmt":"2022-05-02T08:43:35","slug":"reforma-electoral-o-cambio-de-piel","status":"publish","type":"post","link":"https:\/\/www.diarioimagen.net\/?p=544876","title":{"rendered":"Reforma electoral o cambio de piel"},"content":{"rendered":"<h2>Desde el portal<\/h2>\n<h5>\u00c1ngel Soriano<\/h5>\n<p>&nbsp;<\/p>\n<p>Cada administraci\u00f3n cambia de nombres, colores y logotipos instituciones y organismos p\u00fablicos creados por anteriores administraciones con el objeto de dar un perfil innovador a su gesti\u00f3n, pero en realidad en el fondo se trata de los mismos prop\u00f3sitos y objetivos, solo que con diferente fachada y con el prop\u00f3sito de deshacerse de unos y colocar a otros.<\/p>\n<p>Desde luego que con estas innovaciones se ha avanzado mucho si es que partimos de la aut\u00e9ntica reforma electoral impulsada por don Jes\u00fas Reyes Heroles que abri\u00f3 las puertas a la disidencia y las modificaciones que se han hecho posteriormente, hasta perfeccionar el sistema de compra-venta de legisladores con prop\u00f3sitos concretos del Ejecutivo.<\/p>\n<p>Porque en la ampliaci\u00f3n de curules en la C\u00e1mara de Diputados o de esca\u00f1os en el Senado de la Rep\u00fablica nunca se garantiz\u00f3 ni se ha garantizado la independencia del Poder Legislativo, al contrario, la sumisi\u00f3n es abierta al grado que la ex titular de Gobernaci\u00f3n, la ministra en retiro Olga S\u00e1nchez Cordero, controla el Senado despu\u00e9s de su paso por el Ejecutivo y el Judicial.<\/p>\n<p>Con una nueva reforma electoral no se avanzar\u00e1 mucho; desaparece el INE, pero se crea otro organismo burocr\u00e1tico con personajes afines y amplio presupuesto; la reducci\u00f3n del n\u00famero de legisladores tampoco es garant\u00eda de independencia, quiz\u00e1 s\u00ed en ahorros lo mismo que el recorte a los subsidios de los partidos, pero la democracia real, nunca ha sido aut\u00e9ntica y tampoco lo ser\u00e1 en los tiempos actuales.<\/p>\n<p style=\"text-align: center;\"><strong>Turbulencias<br \/>\nAhora s\u00ed habr\u00e1 debate en Oaxaca<\/strong><\/p>\n<p>La Coparmex-Oaxaca y la Red Local Ciudadana realizar\u00e1n el Primer Debate Ciudadano este mi\u00e9rcoles 4 de mayo en las Instalaciones de la Universidad An\u00e1huac Oaxaca (UAO), a partir de las 6 de la tarde que se trasmitir\u00e1 a trav\u00e9s de las redes sociales de Debates Ciudadanos.mx,\u00a0 modalidad que permitir\u00e1 a la ciudadan\u00eda comentar en tiempo real sobre las propuestas presentadas mediante un formato innovador en el que los candidatos interactuar\u00e1n en vivo con ciudadanos, evitando el mon\u00f3logo y las mutuas descalificaciones que generalmente existen en este tipo de ejercicios, inform\u00f3 Sarah\u00ed P\u00e9rez Castro, vocera de la UAO\u2026 Desde un principio sab\u00edamos que ten\u00edamos un problema de violencia de g\u00e9nero, por eso se cre\u00f3 la Secretar\u00eda de las Mujeres porque era un tema de agenda de pol\u00edtica p\u00fablica y que\u00a0ten\u00edamos que darle atenci\u00f3n debida, indic\u00f3 el gobernador de Nuevo Le\u00f3n, Samuel Garc\u00eda al presidir la primera sesi\u00f3n ordinaria del Sistema Estatal para Prevenir, Atender, Sancionar y Erradicar la Violencia contra las Mujeres, en Palacio de Gobierno de Monterrey, en donde el caso Debanhi sigue conmocionando a la sociedad regia y al mundo por las circunstancias que rodean su desaparici\u00f3n y muerte en el municipio conurbado de Escobedo\u2026 La gobernadora de Guerrero, Evelyn Salgado Pineda, y el gobernador de Oaxaca, Alejandro Murat, atestiguaron la firma de un convenio de colaboraci\u00f3n entre las fiscal\u00edas de ambas entidades para combatir la delincuencia en la regi\u00f3n l\u00edmite que abarca la costa grande y la costa chica en colaboraci\u00f3n con los municipios de la zona\u2026 Como \u201ctragedia ecol\u00f3gica\u201d define en un reportaje en <em>Latinus<\/em>, Loret de Mola el paso demoledor del Tren Maya, en tanto que la revista <em>Proceso <\/em>destaca la inoperancia del AIFA por la ausencia de vuelos y de pasajeros lo que se traduce en fracasos de lo que la actual administraci\u00f3n considera como espectaculares obras para el desarrollo nacional\u2026 Candidatean sin sustento al tabasque\u00f1o Ad\u00e1n Augusto L\u00f3pez Hern\u00e1ndez como aspirante presidencial a tres a\u00f1os del fin de la actual administraci\u00f3n. Las decisiones se toman en su momento y de acuerdo al inter\u00e9s del que decide, no de la opini\u00f3n de los medios.<\/p>\n<p><u><a href=\"mailto:asorianocarrasco@yahoo.com\" target=\"_blank\" rel=\"noopener noreferrer\"><em>asorianocarrasco@yahoo.com<\/em><\/a><br \/>\n<em><a href=\"https:\/\/revistabrecha.com\" target=\"_blank\" rel=\"noopener noreferrer\">www.revistabrecha.com<\/a><br \/>\n<a href=\"https:\/\/twitter.com\/brecharevista\" target=\"_blank\" rel=\"noopener noreferrer\">@BrechaRevista<\/a><\/em><\/u><\/p>\n","protected":false},"excerpt":{"rendered":"<p><span style=\"color: #005497;\"><strong>\u00c1ngel Soriano<\/strong><\/span><\/p>\n","protected":false},"author":3,"featured_media":0,"comment_status":"open","ping_status":"open","sticky":false,"template":"","format":"standard","meta":{"_monsterinsights_skip_tracking":false,"_monsterinsights_sitenote_active":false,"_monsterinsights_sitenote_note":"","_monsterinsights_sitenote_category":0,"footnotes":""},"categories":[135],"tags":[85,86,43674],"class_list":["post-544876","post","type-post","status-publish","format-standard","hentry","category-angel-soriano-opinion","tag-angel-soriano","tag-desde-el-portal","tag-opinion"],"_links":{"self":[{"href":"https:\/\/www.diarioimagen.net\/index.php?rest_route=\/wp\/v2\/posts\/544876","targetHints":{"allow":["GET"]}}],"collection":[{"href":"https:\/\/www.diarioimagen.net\/index.php?rest_route=\/wp\/v2\/posts"}],"about":[{"href":"https:\/\/www.diarioimagen.net\/index.php?rest_route=\/wp\/v2\/types\/post"}],"author":[{"embeddable":true,"href":"https:\/\/www.diarioimagen.net\/index.php?rest_route=\/wp\/v2\/users\/3"}],"replies":[{"embeddable":true,"href":"https:\/\/www.diarioimagen.net\/index.php?rest_route=%2Fwp%2Fv2%2Fcomments&post=544876"}],"version-history":[{"count":0,"href":"https:\/\/www.diarioimagen.net\/index.php?rest_route=\/wp\/v2\/posts\/544876\/revisions"}],"wp:attachment":[{"href":"https:\/\/www.diarioimagen.net\/index.php?rest_route=%2Fwp%2Fv2%2Fmedia&parent=544876"}],"wp:term":[{"taxonomy":"category","embeddable":true,"href":"https:\/\/www.diarioimagen.net\/index.php?rest_route=%2Fwp%2Fv2%2Fcategories&post=544876"},{"taxonomy":"post_tag","embeddable":true,"href":"https:\/\/www.diarioimagen.net\/index.php?rest_route=%2Fwp%2Fv2%2Ftags&post=544876"}],"curies":[{"name":"wp","href":"https:\/\/api.w.org\/{rel}","templated":true}]}}