{"id":544878,"date":"2022-05-02T00:05:45","date_gmt":"2022-05-02T05:05:45","guid":{"rendered":"https:\/\/www.diarioimagen.net\/?p=544878"},"modified":"2022-05-04T00:20:47","modified_gmt":"2022-05-04T05:20:47","slug":"seguramente-claudia-no-es-la-tapada","status":"publish","type":"post","link":"https:\/\/www.diarioimagen.net\/?p=544878","title":{"rendered":"Seguramente Claudia no es la tapada"},"content":{"rendered":"<h2>Perfil de M\u00e9xico<\/h2>\n<h5>Armando R\u00edos Ruiz<\/h5>\n<p>&nbsp;<\/p>\n<p>Por m\u00e1s que se diga que se acabaron los tapados, los posibles candidatos de Morena a la Presidencia de la Rep\u00fablica han comenzado a dar la cara, alentados por el presidente L\u00f3pez, que, como el creador, juega con su creaci\u00f3n y debe divertirse cuando ve a una partida de ingenuos colaboradores que siguen\u00a0 supuestas reglas pol\u00edticas, en aras de ser se\u00f1alados de manera definitiva por el dedo de su dios, en cuya mente ya est\u00e1 prefigurada la imagen del sucesor.<\/p>\n<p>Es obvio que los que hasta hoy han conseguido el permiso para decir a la ciudadan\u00eda que quieren, est\u00e1n a\u00fan lejos de tener la certeza de ser los elegidos. Por lo tanto, el tapadismo sigue vigente. Hay quienes piensan\u00a0 que inclusive podr\u00eda ser un militar, fuerza a la que el gran elector ha dado una importancia jam\u00e1s imaginada y que sus filas deben albergar forzosamente, a alguien que ha pensado en ese futuro ansiado.<\/p>\n<p>Muchos ciudadanos ya han desechado a la se\u00f1ora Claudia Sheinbaum, cuya simpat\u00eda simplemente no existe. Las sonrisas que a veces le surgen como a fuerzas se muestran fingidas. Como que no es capaz de sentir y cuya inteligencia yace subordinada a la de su creador sin poder ocultarlo. Pretende, como otros funcionarios, ser lo m\u00e1s parecido a quien ha sostenido su carrera pol\u00edtica.<\/p>\n<p>Obviamente, la gente no quiere segundas partes, por m\u00e1s que adoren al jefe de la chairiza. Se ven mal cuando copian los dichos, los ademanes, la sonrisa y todas las descomposturas que ofrece la persona a quien quieren imitar. Se ven carentes de personalidad propia. De inteligencia. Por eso muchos sospechan que eso de cient\u00edfica, es s\u00f3lo un apodo.<\/p>\n<p>Hasta hoy, los visibles son esta se\u00f1ora, que no tiene nada que ofrecer. Don Ad\u00e1n Augusto, secretario de Gobernaci\u00f3n y paisano del que manda, que sali\u00f3 a hacer el rid\u00edculo en algunos estados del norte. Es decir, que fue a presentarse como el aspirante que podr\u00eda ser el sucesor, pero que se desdibuj\u00f3 inmediatamente y adquiri\u00f3 dimensiones tan peque\u00f1as, que el cargo de gobernador le quedaba como un oc\u00e9ano a quien no sabe nadar.<\/p>\n<p>El \u00faltimo hasta el momento es Marcelo, con una cauda gigantesca de desatinos en su pasado reciente, que sus enemigos deben guardar en sus archivos para exhibirlo a la hora de la hora. Verbigracia, Miguel \u00c1ngel Mancera y otros que saben mucho de sus malas ma\u00f1as.<\/p>\n<p>Volviendo a la se\u00f1ora Sheinbaum, es p\u00e9sima abogada de s\u00ed misma y esto la convierte en despreciable del voto duro de Morena. Aunque no debe descartarse que quienes lo representan estar\u00edan dispuestos a responder a su amo porque no son capaces de razonar. Porque s\u00f3lo asienten ante la voz de mando.<\/p>\n<p>Imag\u00ednense la mentalidad de la se\u00f1ora, que parece estar convencida de que el candidato de Morena ser\u00e1 elegido por el pueblo, como lo acaba de decir. \u00bfQu\u00e9 concepto tiene de pueblo? \u00bfEn serio piensa que el pueblo se va a ocupar de elegir, no al Presidente, sino al candidato? De ser as\u00ed, el pr\u00f3ximo candidato de su partido ser\u00eda sin dudarlo, el pr\u00f3ximo Presidente. Valga el retru\u00e9cano.<\/p>\n<p>No hay un juicio que haya vertido, que tenga que ver con la realidad o por lo menos inteligente. No se le da. Si ha ocupado posiciones importantes, no es por su capacidad, sino por haber sido siempre leal al se\u00f1or. Pero adem\u00e1s, ha dejado una estela de llantos, desatinos e incapacidades, como los siniestros destellos de la muerte en el colegio Rebsamen y en la l\u00ednea 12 del Metro. Esos son sus triunfos que por cierto han quedado impunes gracias a la protecci\u00f3n de que goza.<\/p>\n<p>Dice que por lo pronto est\u00e1 atenta a ser jefa de gobierno de la Ciudad de M\u00e9xico, en donde la criminalidad, entre otros males, se ha disparado a niveles gigantescos, aunque pretenda borrar los hechos con declaraciones en contrario. En los hechos abandona su funci\u00f3n para hacer proselitismo que no le prospera.<\/p>\n<p>Es cierto que muchos le han brindado su respaldo. Pero se trata de parte de esos 15 millones de ciudadanos fan\u00e1ticos de Morena, que no abandonar\u00e1n el barco por m\u00e1s agua que haga.<\/p>\n<p><a href=\"mailto:ariosruiz@gmail.com\" target=\"_blank\" rel=\"noopener noreferrer\"><em>ariosruiz@gmail.com<\/em><\/a><\/p>\n","protected":false},"excerpt":{"rendered":"<p><span style=\"color: #005497;\"><strong>Armando R\u00edos Ruiz<\/strong><\/span><\/p>\n","protected":false},"author":3,"featured_media":0,"comment_status":"open","ping_status":"open","sticky":false,"template":"","format":"standard","meta":{"_monsterinsights_skip_tracking":false,"_monsterinsights_sitenote_active":false,"_monsterinsights_sitenote_note":"","_monsterinsights_sitenote_category":0,"footnotes":""},"categories":[88405],"tags":[88407,43674,91193],"class_list":["post-544878","post","type-post","status-publish","format-standard","hentry","category-armando-rios-ruiz","tag-armando-rios-ruiz","tag-opinion","tag-perfil-de-mexico"],"_links":{"self":[{"href":"https:\/\/www.diarioimagen.net\/index.php?rest_route=\/wp\/v2\/posts\/544878","targetHints":{"allow":["GET"]}}],"collection":[{"href":"https:\/\/www.diarioimagen.net\/index.php?rest_route=\/wp\/v2\/posts"}],"about":[{"href":"https:\/\/www.diarioimagen.net\/index.php?rest_route=\/wp\/v2\/types\/post"}],"author":[{"embeddable":true,"href":"https:\/\/www.diarioimagen.net\/index.php?rest_route=\/wp\/v2\/users\/3"}],"replies":[{"embeddable":true,"href":"https:\/\/www.diarioimagen.net\/index.php?rest_route=%2Fwp%2Fv2%2Fcomments&post=544878"}],"version-history":[{"count":0,"href":"https:\/\/www.diarioimagen.net\/index.php?rest_route=\/wp\/v2\/posts\/544878\/revisions"}],"wp:attachment":[{"href":"https:\/\/www.diarioimagen.net\/index.php?rest_route=%2Fwp%2Fv2%2Fmedia&parent=544878"}],"wp:term":[{"taxonomy":"category","embeddable":true,"href":"https:\/\/www.diarioimagen.net\/index.php?rest_route=%2Fwp%2Fv2%2Fcategories&post=544878"},{"taxonomy":"post_tag","embeddable":true,"href":"https:\/\/www.diarioimagen.net\/index.php?rest_route=%2Fwp%2Fv2%2Ftags&post=544878"}],"curies":[{"name":"wp","href":"https:\/\/api.w.org\/{rel}","templated":true}]}}