{"id":544892,"date":"2022-05-02T00:08:26","date_gmt":"2022-05-02T05:08:26","guid":{"rendered":"https:\/\/www.diarioimagen.net\/?p=544892"},"modified":"2022-05-02T03:55:48","modified_gmt":"2022-05-02T08:55:48","slug":"traidor-a-la-patria","status":"publish","type":"post","link":"https:\/\/www.diarioimagen.net\/?p=544892","title":{"rendered":"Traidor a la patria"},"content":{"rendered":"<h2>Detr\u00e1s del Poder<\/h2>\n<h5>Jos\u00e9 Antonio L\u00f3pez Sosa<\/h5>\n<p>&nbsp;<\/p>\n<p>Ahora llamar al otro traidor a la patria es el lugar com\u00fan favorito de nuestros pol\u00edticos en turno, tanto del partido en el poder como de la oposici\u00f3n.<\/p>\n<p>Como una estrategia pueril, desde el partido en el poder comenzaron a llamar traidores a la patria a los legisladores que votaran contra la reforma el\u00e9ctrica propuesta desde la Presidencia de la Rep\u00fablica. Mediante reflexiones de muy bajo calado trataron de justificar llamar traidores a la patria a quienes pensaran distinto.<\/p>\n<p>Luego, con la forma reaccionaria de nuestra oposici\u00f3n, comenzaron a compartir postulados donde ellos llaman a los que est\u00e1n en el poder, traidores a la patria.<\/p>\n<p>En t\u00e9rminos de comunicaci\u00f3n, la estrategia de L\u00f3pez Obrador fue un \u00e9xito porque ahora todos se llaman traidores de la patria de un lado y del otro.<\/p>\n<p>En t\u00e9rminos pol\u00edticos, el aquilatar este postulado, tanto en el partido en el gobierno como en la oposici\u00f3n, denota lo terriblemente pobre del discurso y del debate pol\u00edtico en nuestro pa\u00eds.<\/p>\n<p>Traicionar a un ente como lo es la patria, no tiene nada que ver con coincidir o no con la visi\u00f3n del Presidente en turno, tampoco resulta un argumento v\u00e1lido para quienes se oponen a las ideas pol\u00edticas actuales.<\/p>\n<p>Hoy en d\u00eda, cualquier persona que no est\u00e9 de acuerdo con una l\u00ednea de pensamiento es llamada traidor a la patria, aunque en realidad el mensaje de fondo es una traici\u00f3n al pensamiento uniforme, al aceptar sin cuestionar, al creer de forma casi teol\u00f3gica en un argumento pol\u00edtico o econ\u00f3mico, en otro orden de ideas, la cancelaci\u00f3n de la democracia en el ejercicio del poder y, resulta curioso cuando con consultas populares se quiere disfrazar el gobierno en turno de dem\u00f3crata, al mismo tiempo que en el ejercicio del poder se trata de suprimir esos valores reales de la democracia como son, disentir y pensar distinto.<\/p>\n<p>Bajo la l\u00f3gica de los integrantes de Morena y del aglutinado opositor, todos quienes pensemos distinto en una u otra forma somos traidores a la patria, tanto de un lado como del otro hay un dejo de intolerancia ideol\u00f3gica y pr\u00e1ctica que acent\u00faan la polarizaci\u00f3n pol\u00edtica y social en nuestro pa\u00eds.<\/p>\n<p>En estos d\u00edas han sido se\u00f1aladas miles y miles de personas como traidores a la patria, la frase de moda de la Cuarta Transformaci\u00f3n para ubicar a los opositores y, la frase tambi\u00e9n de moda para la oposici\u00f3n para ubicar a los fieles de la 4T.<\/p>\n<p>En s\u00edntesis, cada d\u00eda es m\u00e1s barato el mensaje pol\u00edtico y la descalificaci\u00f3n, ya no es con ideas o con realidades, ahora es con frases trilladas y lugares comunes que convencen a una legi\u00f3n de creyentes de uno y otro lado.<\/p>\n<p>\u00a1Pobre patria!<\/p>\n<p><em><a href=\"http:\/\/www.lopezsosa.com\" target=\"_blank\" rel=\"noopener\">www.lopezsosa.com<\/a><\/em><br \/>\n<em><a href=\"mailto:joseantonio@lopezsosa.com\" target=\"_blank\" rel=\"noopener\">joseantonio@lopezsosa.com<\/a><\/em><br \/>\n<em><a href=\"http:\/\/twitter.com\/joseantonio1977\" target=\"_blank\" rel=\"noopener\">@joseantonio197<\/a><\/em><\/p>\n","protected":false},"excerpt":{"rendered":"<p><span style=\"color: #005497;\"><strong>Jos\u00e9 Antonio L\u00f3pez Sosa<\/strong><\/span><\/p>\n","protected":false},"author":3,"featured_media":0,"comment_status":"open","ping_status":"open","sticky":false,"template":"","format":"standard","meta":{"_monsterinsights_skip_tracking":false,"_monsterinsights_sitenote_active":false,"_monsterinsights_sitenote_note":"","_monsterinsights_sitenote_category":0,"footnotes":""},"categories":[637],"tags":[638,43690,43674],"class_list":["post-544892","post","type-post","status-publish","format-standard","hentry","category-jose-antonio-lopez-sosa","tag-detras-del-poder","tag-jose-antonio-lopez-sosa","tag-opinion"],"_links":{"self":[{"href":"https:\/\/www.diarioimagen.net\/index.php?rest_route=\/wp\/v2\/posts\/544892","targetHints":{"allow":["GET"]}}],"collection":[{"href":"https:\/\/www.diarioimagen.net\/index.php?rest_route=\/wp\/v2\/posts"}],"about":[{"href":"https:\/\/www.diarioimagen.net\/index.php?rest_route=\/wp\/v2\/types\/post"}],"author":[{"embeddable":true,"href":"https:\/\/www.diarioimagen.net\/index.php?rest_route=\/wp\/v2\/users\/3"}],"replies":[{"embeddable":true,"href":"https:\/\/www.diarioimagen.net\/index.php?rest_route=%2Fwp%2Fv2%2Fcomments&post=544892"}],"version-history":[{"count":0,"href":"https:\/\/www.diarioimagen.net\/index.php?rest_route=\/wp\/v2\/posts\/544892\/revisions"}],"wp:attachment":[{"href":"https:\/\/www.diarioimagen.net\/index.php?rest_route=%2Fwp%2Fv2%2Fmedia&parent=544892"}],"wp:term":[{"taxonomy":"category","embeddable":true,"href":"https:\/\/www.diarioimagen.net\/index.php?rest_route=%2Fwp%2Fv2%2Fcategories&post=544892"},{"taxonomy":"post_tag","embeddable":true,"href":"https:\/\/www.diarioimagen.net\/index.php?rest_route=%2Fwp%2Fv2%2Ftags&post=544892"}],"curies":[{"name":"wp","href":"https:\/\/api.w.org\/{rel}","templated":true}]}}