{"id":545010,"date":"2022-05-03T00:04:51","date_gmt":"2022-05-03T05:04:51","guid":{"rendered":"https:\/\/www.diarioimagen.net\/?p=545010"},"modified":"2022-05-03T04:53:34","modified_gmt":"2022-05-03T09:53:34","slug":"alfredo-del-mazo-pendiente-de-los-maestros-mexiquenses-lider-magisterial-carbajal-leyva","status":"publish","type":"post","link":"https:\/\/www.diarioimagen.net\/?p=545010","title":{"rendered":"Alfredo Del Mazo, pendiente de los maestros mexiquenses: l\u00edder magisterial Carbajal Leyva"},"content":{"rendered":"<p>&nbsp;<\/p>\n<ul>\n<li><strong><em>Cumplimiento de demandas<\/em><\/strong><\/li>\n<\/ul>\n<p>&nbsp;<\/p>\n<h6>Arturo Baena<\/h6>\n<p>&nbsp;<\/p>\n<div id=\"attachment_545100\" style=\"width: 470px\" class=\"wp-caption aligncenter\"><a href=\"https:\/\/www.diarioimagen.net\/?attachment_id=545100\" rel=\"attachment wp-att-545100\"><img loading=\"lazy\" decoding=\"async\" aria-describedby=\"caption-attachment-545100\" class=\"size-full wp-image-545100\" src=\"https:\/\/www.diarioimagen.net\/wp-content\/uploads\/2022\/05\/toluca-1.jpg\" alt=\"\" width=\"460\" height=\"270\" \/><\/a><p id=\"caption-attachment-545100\" class=\"wp-caption-text\">Aurelio Carbajal Leyva expres\u00f3 que el SMSEM valora la lucha de los trabajadores y \u00e9sta seguir\u00e1 a trav\u00e9s del di\u00e1logo y acuerdos.<\/p><\/div>\n<p>&nbsp;<\/p>\n<p><strong>Toluca, Estado de M\u00e9xico.\u2014<\/strong> Incremento salarial justo, decoroso y mejorar la calidad del servicio en cl\u00ednicas y hospitales del ISSEMyM, especialmente en la entrega de medicamentos, son las principales demandas del magisterio organizado de la entidad.<\/p>\n<p>Afirm\u00f3 en entrevista con <strong>DIARIOIMAGEN<\/strong>,\u00a0Marco Aurelio Carbajal Leyva, Secretario General del Sindicato de Maestros al Servicio del Estado de M\u00e9xico (SMSEM), en el marco de la conmemoraci\u00f3n del 136 Aniversario del D\u00eda Internacional del Trabajo.<\/p>\n<p>Aurelio Carbajal expres\u00f3 que a 70 a\u00f1os de su fundaci\u00f3n, el SMSEM valora la lucha de los trabajadores y \u00e9sta seguir\u00e1 a trav\u00e9s del di\u00e1logo y acuerdos para los maestros mexiquenses.<\/p>\n<p>\u201cQueremos solicitar el respaldo, siempre invaluable, del Gobierno de la entidad para que este a\u00f1o, cada docente de nuestro sindicato pueda contar con un incremento salarial que adem\u00e1s de justo, sea decoroso para las y los mejores maestros del pa\u00eds\u201d, expres\u00f3.<\/p>\n<p>El l\u00edder sindical,\u00a0destac\u00f3 la necesidad de fortalecer la l\u00ednea de apoyos y gratificaciones que permitan a los maestros dar una vida digna a sus familias, adem\u00e1s de continuar creciendo profesionalmente.<\/p>\n<p>El representante de m\u00e1s de 100 mil maestros estatales, se manifest\u00f3 convencido de que las solicitudes del magisterio\u00a0 tendr\u00e1n eco en el Gobierno estatal, pues, dijo, \u201cel Gobernador Alfredo Del Mazo Maza, de manera permanente est\u00e1 al pendiente del Magisterio Mexiquense\u201d.<\/p>\n<p>Finamente,\u00a0 solicit\u00f3 que cualquier reforma a la Ley de ISSEMyM, antes de ser aprobada, sea conocida, valorada y consensuada por todos los afiliados a este instituto, particularmente por los maestros.<\/p>\n","protected":false},"excerpt":{"rendered":"<p>Incremento salarial justo, decoroso y mejorar la calidad del servicio en cl\u00ednicas y hospitales del ISSEMyM, especialmente en la entrega de medicamentos, son las principales demandas del magisterio organizado de la entidad.<\/p>\n","protected":false},"author":3,"featured_media":545100,"comment_status":"open","ping_status":"open","sticky":false,"template":"","format":"standard","meta":{"_monsterinsights_skip_tracking":false,"_monsterinsights_sitenote_active":false,"_monsterinsights_sitenote_note":"","_monsterinsights_sitenote_category":0,"footnotes":""},"categories":[5],"tags":[2505,95359,43675,452],"class_list":["post-545010","post","type-post","status-publish","format-standard","has-post-thumbnail","hentry","category-estado-de-mexico","tag-alfredo-del-mazo-maza","tag-carbajal-leyva","tag-estado-de-mexico","tag-toluca"],"_links":{"self":[{"href":"https:\/\/www.diarioimagen.net\/index.php?rest_route=\/wp\/v2\/posts\/545010","targetHints":{"allow":["GET"]}}],"collection":[{"href":"https:\/\/www.diarioimagen.net\/index.php?rest_route=\/wp\/v2\/posts"}],"about":[{"href":"https:\/\/www.diarioimagen.net\/index.php?rest_route=\/wp\/v2\/types\/post"}],"author":[{"embeddable":true,"href":"https:\/\/www.diarioimagen.net\/index.php?rest_route=\/wp\/v2\/users\/3"}],"replies":[{"embeddable":true,"href":"https:\/\/www.diarioimagen.net\/index.php?rest_route=%2Fwp%2Fv2%2Fcomments&post=545010"}],"version-history":[{"count":0,"href":"https:\/\/www.diarioimagen.net\/index.php?rest_route=\/wp\/v2\/posts\/545010\/revisions"}],"wp:featuredmedia":[{"embeddable":true,"href":"https:\/\/www.diarioimagen.net\/index.php?rest_route=\/wp\/v2\/media\/545100"}],"wp:attachment":[{"href":"https:\/\/www.diarioimagen.net\/index.php?rest_route=%2Fwp%2Fv2%2Fmedia&parent=545010"}],"wp:term":[{"taxonomy":"category","embeddable":true,"href":"https:\/\/www.diarioimagen.net\/index.php?rest_route=%2Fwp%2Fv2%2Fcategories&post=545010"},{"taxonomy":"post_tag","embeddable":true,"href":"https:\/\/www.diarioimagen.net\/index.php?rest_route=%2Fwp%2Fv2%2Ftags&post=545010"}],"curies":[{"name":"wp","href":"https:\/\/api.w.org\/{rel}","templated":true}]}}