{"id":545028,"date":"2022-05-03T00:02:36","date_gmt":"2022-05-03T05:02:36","guid":{"rendered":"https:\/\/www.diarioimagen.net\/?p=545028"},"modified":"2022-05-03T02:58:58","modified_gmt":"2022-05-03T07:58:58","slug":"fuego-amigo-contra-ricardo-aldana","status":"publish","type":"post","link":"https:\/\/www.diarioimagen.net\/?p=545028","title":{"rendered":"Fuego amigo contra Ricardo Aldana"},"content":{"rendered":"<h2>La Retaguardia<\/h2>\n<h5>Adriana Moreno Cordero<\/h5>\n<p>&nbsp;<\/p>\n<ul>\n<li><strong><em>3 de mayo, fecha inc\u00f3moda para Claudia Sheinbaum<\/em><\/strong><\/li>\n<\/ul>\n<p>&nbsp;<\/p>\n<p>El buen desempe\u00f1o de <strong>Ricardo Aldana<\/strong> -en el corto tiempo que lleva-, de su liderazgo en el sindicato petrolero se ve amenazado, seg\u00fan se sabe, por \u201cfuego amigo\u201d. No obstante que Aldana apenas fue electo el pasado mes de febrero por mayor\u00eda de las 36 secciones de todo el pa\u00eds, existe una minor\u00eda de inconformes que critica a su l\u00edder en estos apenas casi tres meses de gesti\u00f3n, inclusive nos aseguran que adem\u00e1s de la minor\u00eda de inconformes, hay \u201cfuego amigo\u201d de un grupo de agazapados que ni siquiera se atreven a dar la cara y que han empezado a ponerle \u201cpiedritas en el camino\u201d a Aldana de forma an\u00f3nima.<\/p>\n<p>Afortunadamente, el l\u00edder de los trabajadores petroleros, est\u00e1 dedicado ciento por ciento a ejercer su liderazgo por el bien de todos sus agremiados. Sin duda,\u00a0su experiencia y trayectoria auguran \u00e9xito en su desempe\u00f1o como l\u00edder de los petroleros, y estamos seguros que seguir\u00e1 trabajando por el bienestar de sus agremiados y nos atrevemos a pronosticar lo que le dijo <em>Don Quijote<\/em> a <em>Sancho Panza<\/em>\u2026 seguiremos informando.<\/p>\n<p>En otro tema, hoy sin duda es un d\u00eda muy, pero muy dif\u00edcil ni m\u00e1s ni menos que para la jefa de Gobierno de la Ciudad de M\u00e9xico, <strong>Claudia Sheinbaum<\/strong>, al cumplirse el primer aniversario de la tremenda tragedia ocurrida la noche del 3 de mayo de 2021, cuando se viv\u00eda la pandemia de Covid-19 y por diferentes noticieros nocturnos, quienes se encontraban y circulaban por la zona de las estaciones del Metro Olivos-Tezonco reportaban esta desgracia con videos en los que se pod\u00eda apreciar como ellos mismos auxiliaban a las v\u00edctimas, en lo que los servicios de emergencia arribaban al lugar.<\/p>\n<p>Alrededor de dos horas despu\u00e9s, la jefa del gobierno capitalino se present\u00f3 en el lugar y desde entonces, solamente se ha ocupado en tratar de subestimar el colapso que cobr\u00f3 la vida de 26 personas; lo llam\u00f3 \u201cincidente\u201d y al final de investigaciones que dejan mucho que desear, los \u00fanicos culpables fueron unos malditos pernos y lo que m\u00e1s llama la atenci\u00f3n, es que ayer, la audiencia en la que se supone imputar\u00eda al ex director del proyecto Metro, <strong>Enrique Horcasitas<\/strong>, por los delitos de homicidio, lesiones y da\u00f1os culposos por el colapso de la L\u00ednea 12, as\u00ed como a otros ex funcionarios y dos empresas, fue diferida por cuarta ocasi\u00f3n, por lo que se celebrar\u00e1 el pr\u00f3ximo 6 de junio, pr\u00e1cticamente dentro de un mes.<\/p>\n<p>Los otros imputados, <strong>Guillermo Alc\u00e1zar<\/strong> y <strong>Juan Antonio Giral<\/strong>, hicieron todo para que esto ocurriera as\u00ed. El primero argument\u00f3 desconocer la carpeta de investigaci\u00f3n, mientras que el segundo, utiliz\u00f3 lo que se ha convertido en el pretexto favorito; dijo que ten\u00eda Covid.<\/p>\n<p>Lo que puede decirse de esta situaci\u00f3n que tiene tan inc\u00f3moda a la se\u00f1ora Sheinbaum Pardo, es que a un a\u00f1o de las investigaciones no hay nada; esta errada y llamada Cuarta Transformaci\u00f3n tapa todo, as\u00ed como en su momento, la funcionaria capitalina cubri\u00f3 y justific\u00f3 a la ex directora del Metro, <strong>Florencia Serran\u00eda<\/strong>.<\/p>\n<p><strong>Christopher Estupi\u00f1\u00e1n<\/strong>, uno de los abogados de las v\u00edctimas declar\u00f3 que: \u201cA un a\u00f1o no hay justicia, las familias que tienen derecho a recibir justicia y s\u00f3lo se ha ponderado los derechos de la defensa\u201d.<\/p>\n<p>Esto le causa da\u00f1o a los intereses de la jefa de Gobierno de la Ciudad de M\u00e9xico porque justo en momentos en que est\u00e1 m\u00e1s que metida en la carrera para el 2024, correteando al Presidente y viendo c\u00f3mo sus bonos se desmoronan, el expediente de la L\u00ednea 12 del Metro puede apresurar ese declive.<\/p>\n<p>Hace una semana, Sheinbaum estuvo en Quintana Roo, apoyando la campa\u00f1a de la candidata morenista al gobierno del estado, <strong>Mara Lezama<\/strong>, pero tambi\u00e9n, para medir los apoyos que tiene y pudo tristemente comprobar que fuera de la CDMX, ni la conocen.<\/p>\n<p>Entonces, como parte de su sesuda estrategia para promocionarse, Claudia Sheinbaum circula una foto por las \u201cex benditas redes\u201d en la que anuncia por \u201ctwitter\u201d que va o viene de la reuni\u00f3n ma\u00f1anera en Palacio Nacional. Esto, tambi\u00e9n lo hace para medir sus apoyos y solo los tiene con los ciegos seguidores del presidente Andr\u00e9s Manuel L\u00f3pez Obrador y el ala dura del morenismo.<\/p>\n<p>Adem\u00e1s, la reciente actividad desplegada por el secretario de Relaciones Exteriores, <strong>Marcelo Ebrard<\/strong>, que inaugur\u00f3 en Hidalgo, al presentarse en la campa\u00f1a del abanderado del partido oficial al gobierno estatal, <strong>Julio Menchaca<\/strong>, le resta todav\u00eda m\u00e1s puntos a Sheinbaum, am\u00e9n de que el canciller ha sabido, como sea, \u201clavarse las manos\u201d de lo ocurrido el 3 de mayo del a\u00f1o pasado, aunque es evidente que tambi\u00e9n tuvo responsabilidad en este expediente.<\/p>\n<p>Y fue el propio presidente L\u00f3pez Obrador, el que anunci\u00f3 que uno de sus acompa\u00f1antes a la gira que llevar\u00e1 a cabo por Centroam\u00e9rica ser\u00e1, precisamente, Marcelo Ebrard, mientras que la jefa de Gobierno, se quedar\u00e1 en la Ciudad de M\u00e9xico, deseando fervientemente que no le vayan a propinar otra lluvia de jitomatazos, pero especialmente este 3 de mayo, podr\u00eda tener otro serio descalabro pol\u00edtico.<\/p>\n<p style=\"text-align: center;\"><strong>Municiones<\/strong><\/p>\n<p>*** Los dirigentes nacionales del PRI, <strong>Alejandro Moreno<\/strong>; del PAN, <strong>Marko Cort\u00e9s;<\/strong> y del PRD, <strong>Jes\u00fas Zambrano<\/strong>, ofrecieron una conferencia de prensa para reiterar que el bloque \u201cVa por M\u00e9xico\u201d est\u00e1 en contra de la aberrante reforma electoral propuesta por el presidente, por lo que ellos presentar\u00e1n su propia reforma en materia electoral. Y duro se fueron contra la reforma que pretende destruir al INE, por eso, la calificaron como \u201cun dardo envenenado\u201d en contra del Instituto que preside el doctor <strong>Lorenzo C\u00f3rdova<\/strong> as\u00ed como en contra de la democracia. Qu\u00e9 bueno que los l\u00edderes partidistas hicieron el compromiso de no permitir retrocesos ni autoritarismos, \u201cM\u00e9xico no ser\u00e1 una autocracia\u201d, subrayaron.<\/p>\n<p>*** El ex consejero presidente de lo que era el Instituto Federal Electoral, <strong>Jos\u00e9 Woldenberg<\/strong>, opin\u00f3 sobre la reforma electoral lopezobradorista y coincidi\u00f3 en que se trata de destruir a las instituciones electorales y sustituirlas por un Instituto omnipotente y un s\u00f3lo tribunal electoral. Sin duda y como lo declar\u00f3 en entrevista el doctor Woldenberg, llama poderosamente la atenci\u00f3n que M\u00e9xico haya avanzado mucho en el terreno electoral en las \u00faltimas d\u00e9cadas, lo que se pudo comprobar con la alternancia y los Congresos plurales\u00a0 y ahora esta errada y llamada Cuarta Transformaci\u00f3n quiere construir un Instituto cuyos consejeros sean propuestos por el presidente el Congreso y el Poder Judicial, pero manejando unilateralmente este proceso el tabasque\u00f1o. Es tambi\u00e9n preocupante que electoralmente hablando, se quiera destruir a instituciones electorales confiables.<\/p>\n<p>*** Por cierto, se dice que no tardar\u00e1 mucho tiempo para que el flamante secretario de Gobierno de la Ciudad de M\u00e9xico, <strong>Mart\u00ed Batres<\/strong>, reciba tremendo rev\u00e9s, pues ya no goza de las preferencias de su jefa, Claudia Sheinbaum, que ya tiene puestos los ojos en otro, que no es el controvertido senador con licencia. \u00a1Qu\u00e9 tal!<\/p>\n<p><u><a href=\"mailto:morcora@gmail.com\" target=\"_blank\" rel=\"noopener noreferrer\"><em>morcora@gmail.com<\/em><\/a><\/u><\/p>\n","protected":false},"excerpt":{"rendered":"<p><span style=\"color: #005497;\"><strong>Adriana Moreno Cordero<\/strong><\/span><\/p>\n","protected":false},"author":3,"featured_media":0,"comment_status":"open","ping_status":"open","sticky":false,"template":"","format":"standard","meta":{"_monsterinsights_skip_tracking":false,"_monsterinsights_sitenote_active":false,"_monsterinsights_sitenote_note":"","_monsterinsights_sitenote_category":0,"footnotes":""},"categories":[69370],"tags":[69369,69368,43674],"class_list":["post-545028","post","type-post","status-publish","format-standard","hentry","category-adriana-moreno-cordero","tag-adriana-moreno-cordero","tag-la-retaguardia","tag-opinion"],"_links":{"self":[{"href":"https:\/\/www.diarioimagen.net\/index.php?rest_route=\/wp\/v2\/posts\/545028","targetHints":{"allow":["GET"]}}],"collection":[{"href":"https:\/\/www.diarioimagen.net\/index.php?rest_route=\/wp\/v2\/posts"}],"about":[{"href":"https:\/\/www.diarioimagen.net\/index.php?rest_route=\/wp\/v2\/types\/post"}],"author":[{"embeddable":true,"href":"https:\/\/www.diarioimagen.net\/index.php?rest_route=\/wp\/v2\/users\/3"}],"replies":[{"embeddable":true,"href":"https:\/\/www.diarioimagen.net\/index.php?rest_route=%2Fwp%2Fv2%2Fcomments&post=545028"}],"version-history":[{"count":0,"href":"https:\/\/www.diarioimagen.net\/index.php?rest_route=\/wp\/v2\/posts\/545028\/revisions"}],"wp:attachment":[{"href":"https:\/\/www.diarioimagen.net\/index.php?rest_route=%2Fwp%2Fv2%2Fmedia&parent=545028"}],"wp:term":[{"taxonomy":"category","embeddable":true,"href":"https:\/\/www.diarioimagen.net\/index.php?rest_route=%2Fwp%2Fv2%2Fcategories&post=545028"},{"taxonomy":"post_tag","embeddable":true,"href":"https:\/\/www.diarioimagen.net\/index.php?rest_route=%2Fwp%2Fv2%2Ftags&post=545028"}],"curies":[{"name":"wp","href":"https:\/\/api.w.org\/{rel}","templated":true}]}}