{"id":545029,"date":"2022-05-03T00:01:50","date_gmt":"2022-05-03T05:01:50","guid":{"rendered":"https:\/\/www.diarioimagen.net\/?p=545029"},"modified":"2022-05-03T02:59:53","modified_gmt":"2022-05-03T07:59:53","slug":"de-reyes-heroles-a-amlo","status":"publish","type":"post","link":"https:\/\/www.diarioimagen.net\/?p=545029","title":{"rendered":"De Reyes Heroles a AMLO"},"content":{"rendered":"<h2>De pe a pa<\/h2>\n<h5>Alberto Vieyra G.<\/h5>\n<p>&nbsp;<\/p>\n<p>En las elecciones presidenciales de 1976, Jos\u00e9 L\u00f3pez Portillo gan\u00f3 por el PRI como el <em>Llanero Solitario,<\/em> la Presidencia de la Rep\u00fablica sin tener contendiente, pues el PAN que era la \u00fanica oposici\u00f3n que todav\u00eda no cuajaba y se desgastaba en un divisionismo interno, el Partido Comunista Mexicano postular\u00eda al m\u00edtico l\u00edder obrero Valent\u00edn Campa, quien obtuvo casi 1 mill\u00f3n de votos como candidato presidencial independiente, que debieron ser anulados, se cre\u00f3 un problema de legitimidad que, como nunca, evidenci\u00f3 una crisis de representatividad que puso en tela de juicio el modelo democr\u00e1tico contemplado en la Constituci\u00f3n y en el discurso oficial.<\/p>\n<p>Fue entonces como el tuxpe\u00f1o Jes\u00fas Reyes Heroles, <em>Reyes Herodes<\/em> le apodaban, empuj\u00f3 la reforma pol\u00edtico-electoral de 1977 que marcar\u00eda el fin de la hegemon\u00eda priista para transitar al M\u00e9xico del pluralismo pol\u00edtico.<\/p>\n<p>Por aquellos a\u00f1os los grupos subversivos que conocimos despu\u00e9s como guerrilla hab\u00edan sentado sus reales en Estados como Nuevo Le\u00f3n, Guerrero, Oaxaca y Estado de M\u00e9xico.<\/p>\n<p>M\u00e9xico era una olla de presi\u00f3n a punto de estallar con guerrilleros como Lucio Caba\u00f1as, Genaro V\u00e1zquez y tal y tal, era urgente abrirle a la presi\u00f3n a ese caldero pol\u00edtico.<\/p>\n<p>Se otorgar\u00edan registros pol\u00edticos a esas organizaciones que pululaban en la clandestinidad y se elevaba la C\u00e1mara de Diputados de 300 a 400 diputados, 100 de ellos por la v\u00eda plurinominal, es decir los premios de consolaci\u00f3n a la chiquillada partidista para que el PRI dejar\u00e1 de ser un partido sobrerrepresentado en el Congreso.<\/p>\n<p>En 1979, al celebrarse las elecciones intermedias para renovar la C\u00e1mara baja, se cosechar\u00edan los primeros frutos de la reforma promovida por el ide\u00f3logo priista, Jes\u00fas Reyes Heroles y la C\u00e1mara de Diputados quedar\u00eda integrada como sigue: El Partido Revolucionario Institucional recibi\u00f3 el 69.84% de los votos (le correspondieron 296 diputados) y perdi\u00f3, en manos del Partido Acci\u00f3n Nacional, cuatro diputaciones de mayor\u00eda relativa. Este \u00faltimo obtuvo 10.79% de los sufragios, lo que se tradujo en 42 diputados plurinominales, sigui\u00e9ndole el Partido Comunista Mexicano con 4.97% (18 diputados); el Partido Popular Socialista con 2.59% (12 diputados); el Partido Socialista de los Trabajadores con 2.12% (12 diputados); el Partido Dem\u00f3crata Mexicano con 2.05% (10 diputados); y, por \u00faltimo, el Partido Aut\u00e9ntico de la Revoluci\u00f3n Mexicana con 1.81% (10 diputados).<\/p>\n<p>Para la XLIII legislatura, producto de una nueva reforma electoral, la C\u00e1mara de Diputados se integrar\u00eda por 500 curules y el Senado de la Rep\u00fablica por 64 senadores, dos por cada estado, la mitad electos por 3 a\u00f1os y la otra mitad por 6 a\u00f1os.<\/p>\n<p>Hoy, cuando AMLO busca controlar al aparato electoral de M\u00e9xico para perpetuarse en el poder anuncia, que como parte de su reforma electoral ser\u00e1 la desaparici\u00f3n de los 200 diputados plurinominales con lo cual, seg\u00fan \u00e9l, busca instituir en M\u00e9xico una democracia barata que nos podr\u00eda salir muy cara, pues la inmensa mayor\u00eda de organizaciones pol\u00edticas muchas de ellas llamadas asociaciones civiles, podr\u00edan convertirse en potenciales guerrillas que reclamar\u00edan sus cotos de poder.\u00a0 \u00bfSe imagina usted a los actuales diputados y senadores plurinominales sin el <em>hueso<\/em> legislativo? Seguramente los ver\u00edamos con un fusil o un cuerno de chivo en manos.<\/p>\n<p>La reforma electoral de AMLO, como est\u00e1 no ser\u00e1 aprobada ni yendo a bailar a Chalma, es una nueva forma de control pol\u00edtico, pero al m\u00e1s puro estilo del comunismo que privilegia la ignorancia y la pobreza de los pueblos.<\/p>\n<p>Aparejado con ello, AMLO busca dar un revolc\u00f3n al modelo educativo nacional desapareciendo la primaria, secundaria, preparatoria y todo con fines ideol\u00f3gicos comunistas. En fin, la reforma electoral de AMLO se presenta como otro maldito opio del cual le hablar\u00e9 ma\u00f1ana.<\/p>\n<p><a href=\"mailto:info@agenciamn.com\" target=\"_blank\" rel=\"noopener noreferrer\"><em>info@agenciamn.com<\/em><\/a><\/p>\n","protected":false},"excerpt":{"rendered":"<p><span style=\"color: #005497;\"><strong>Alberto Vieyra G.<\/strong><\/span><\/p>\n","protected":false},"author":3,"featured_media":0,"comment_status":"open","ping_status":"open","sticky":false,"template":"","format":"standard","meta":{"_monsterinsights_skip_tracking":false,"_monsterinsights_sitenote_active":false,"_monsterinsights_sitenote_note":"","_monsterinsights_sitenote_category":0,"footnotes":""},"categories":[4596],"tags":[43697,4597,43674],"class_list":["post-545029","post","type-post","status-publish","format-standard","hentry","category-alberto-vieyra-g","tag-alberto-vieyra-g","tag-de-pe-a-pa","tag-opinion"],"_links":{"self":[{"href":"https:\/\/www.diarioimagen.net\/index.php?rest_route=\/wp\/v2\/posts\/545029","targetHints":{"allow":["GET"]}}],"collection":[{"href":"https:\/\/www.diarioimagen.net\/index.php?rest_route=\/wp\/v2\/posts"}],"about":[{"href":"https:\/\/www.diarioimagen.net\/index.php?rest_route=\/wp\/v2\/types\/post"}],"author":[{"embeddable":true,"href":"https:\/\/www.diarioimagen.net\/index.php?rest_route=\/wp\/v2\/users\/3"}],"replies":[{"embeddable":true,"href":"https:\/\/www.diarioimagen.net\/index.php?rest_route=%2Fwp%2Fv2%2Fcomments&post=545029"}],"version-history":[{"count":0,"href":"https:\/\/www.diarioimagen.net\/index.php?rest_route=\/wp\/v2\/posts\/545029\/revisions"}],"wp:attachment":[{"href":"https:\/\/www.diarioimagen.net\/index.php?rest_route=%2Fwp%2Fv2%2Fmedia&parent=545029"}],"wp:term":[{"taxonomy":"category","embeddable":true,"href":"https:\/\/www.diarioimagen.net\/index.php?rest_route=%2Fwp%2Fv2%2Fcategories&post=545029"},{"taxonomy":"post_tag","embeddable":true,"href":"https:\/\/www.diarioimagen.net\/index.php?rest_route=%2Fwp%2Fv2%2Ftags&post=545029"}],"curies":[{"name":"wp","href":"https:\/\/api.w.org\/{rel}","templated":true}]}}