{"id":545030,"date":"2022-05-03T00:04:00","date_gmt":"2022-05-03T05:04:00","guid":{"rendered":"https:\/\/www.diarioimagen.net\/?p=545030"},"modified":"2022-05-03T03:01:49","modified_gmt":"2022-05-03T08:01:49","slug":"competencia-antimexicana","status":"publish","type":"post","link":"https:\/\/www.diarioimagen.net\/?p=545030","title":{"rendered":"Competencia antimexicana"},"content":{"rendered":"<h2>Desde el portal<\/h2>\n<h5>\u00c1ngel Soriano<\/h5>\n<p>&nbsp;<\/p>\n<p>El canciller Marcelo Ebrard afirm\u00f3 que en los Estados Unidos hay una competencia electoral entre candidatos para ver qui\u00e9n es antimexicano y toman la bandera de la migraci\u00f3n ilegal para lanzarse en contra del pa\u00eds, cuando que M\u00e9xico busca resolver el problema desde su origen sin que la Uni\u00f3n Americana haga su parte.<\/p>\n<p>Cit\u00f3 el caso del gobernador Greg Abbot, que por tercera ocasi\u00f3n busca reelegirse en Texas y \u201cha extorsionado\u201d a los gobernadores mexicanos de la zona fronteriza para firmar no un acuerdo, sino un documento en el que se comprometen a hacer lo que \u00e9l quiere, lo cual es desventajoso y el gobierno federal no permitir\u00e1 que le hagan lo mismo.<\/p>\n<p>Ebrard, que recorre el pa\u00eds como el mundo, conoce sin duda el asunto, de tal manera que explica que M\u00e9xico invierte en Centroam\u00e9rica recursos suficientes para crear empleos en la regi\u00f3n y detener el flujo migratorio ilegal, pero no se observa la misma voluntad pol\u00edtica de parte del gobierno estadounidense.<\/p>\n<p>Arrecian las campa\u00f1as electorales en los Estados Unidos y, en consecuencia, los ataques hacia nuestro pa\u00eds siguiendo la t\u00f3nica del ex presidente Donald Trump, que ha tenido buenos resultados con esa pr\u00e1ctica que han seguido los aspirantes a puestos de elecci\u00f3n popular en el otrora poderoso vecino pa\u00eds del norte. Abbot, en tanto, acusa a M\u00e9xico de invasi\u00f3n y pronto declarar\u00e1 la guerra.<\/p>\n<p style=\"text-align: center;\"><strong>Turbulencias<br \/>\nGira por Centroam\u00e9rica<\/strong><\/p>\n<p>El presidente Andr\u00e9s Manuel L\u00f3pez Obrador alista su gira por Centroam\u00e9rica, en la cual, seguramente, el tema principal ser\u00e1 el de la migraci\u00f3n ilegal. Se trata de un fen\u00f3meno mundial que afecta a diversos pa\u00edses lim\u00edtrofes: los de los pa\u00edses pobres van hacia los ricos en busca de mejores condiciones de vida y de esa manera se nutre la cultura y se fortalecen las naciones con la mezcla de razas y costumbres; pararlas es dif\u00edcil, aunque si se puede reducirlas notablemente mediante la creaci\u00f3n de empleos e ingresos en sus lugares de origen y que los viajes sean s\u00f3lo de placer y no de necesidad de sobrevivencia, como plantea el Presidente mexicano. Seguramente que las potencias seguir\u00e1n con inter\u00e9s el periplo del tabasque\u00f1o que inicia su carrera por un liderazgo mundial\u2026 Aunque el gobernador Samuel Garc\u00eda destin\u00f3 en Nuevo Le\u00f3n a 200 polic\u00edas dedicados exclusivamente al rubro de secuestros y desapariciones, la inquietud de la sociedad regia por la irresponsabilidad de las autoridades judiciales en la conducci\u00f3n del caso Debanhi ha aumentado el malestar y las cr\u00edticas hacia la administraci\u00f3n del joven mandatario que podr\u00eda ver frustradas sus aspiraciones presidenciales de no salir de este embrollo\u2026 Otro caso en NL es el del ex gobernador Jaime Rodr\u00edguez (a) \u201cEl Bronco\u201d, que sin duda cuenta con simpat\u00edas -al igual que Rosario Robles-, y que no los ven bien en prisi\u00f3n. Persecuci\u00f3n pol\u00edtica, m\u00e1s que justicia, es lo que prevalece en ambos casos\u2026 Y el siguiente podr\u00eda ser el senador Miguel \u00c1ngel Mancera, cuyo partido, el PRD, no est\u00e1 en el \u00e1nimo de la IV-T y el mismo ex jefe de Gobierno, por lo que pronto se le llamar\u00e1 a comparecer sobre el caso de la L\u00ednea 12 del Metro con el prop\u00f3sito de encontrar a un responsable de peso y no afectar la carrera presidencial de 2024 a uno de los aspirantes m\u00e1s fuertes\u2026 Enfrentamientos entre corporaciones militares-policiacas en diversos estados de la Rep\u00fablica es una demostraci\u00f3n clara de que el esquema de seguridad p\u00fablica ha fallado y tiene que revisarse. No todo son cifras alegres en las ma\u00f1anera ni discursos lacayunos hacia el presidente, lo que cuenta son los hechos y en esto no se cumple.<\/p>\n<p><u><a href=\"mailto:asorianocarrasco@yahoo.com\" target=\"_blank\" rel=\"noopener noreferrer\"><em>asorianocarrasco@yahoo.com<\/em><\/a><br \/>\n<em><a href=\"https:\/\/revistabrecha.com\" target=\"_blank\" rel=\"noopener noreferrer\">www.revistabrecha.com<\/a><br \/>\n<a href=\"https:\/\/twitter.com\/brecharevista\" target=\"_blank\" rel=\"noopener noreferrer\">@BrechaRevista<\/a><\/em><\/u><\/p>\n","protected":false},"excerpt":{"rendered":"<p><span style=\"color: #005497;\"><strong>\u00c1ngel Soriano<\/strong><\/span><\/p>\n","protected":false},"author":3,"featured_media":0,"comment_status":"open","ping_status":"open","sticky":false,"template":"","format":"standard","meta":{"_monsterinsights_skip_tracking":false,"_monsterinsights_sitenote_active":false,"_monsterinsights_sitenote_note":"","_monsterinsights_sitenote_category":0,"footnotes":""},"categories":[135],"tags":[85,86,43674],"class_list":["post-545030","post","type-post","status-publish","format-standard","hentry","category-angel-soriano-opinion","tag-angel-soriano","tag-desde-el-portal","tag-opinion"],"_links":{"self":[{"href":"https:\/\/www.diarioimagen.net\/index.php?rest_route=\/wp\/v2\/posts\/545030","targetHints":{"allow":["GET"]}}],"collection":[{"href":"https:\/\/www.diarioimagen.net\/index.php?rest_route=\/wp\/v2\/posts"}],"about":[{"href":"https:\/\/www.diarioimagen.net\/index.php?rest_route=\/wp\/v2\/types\/post"}],"author":[{"embeddable":true,"href":"https:\/\/www.diarioimagen.net\/index.php?rest_route=\/wp\/v2\/users\/3"}],"replies":[{"embeddable":true,"href":"https:\/\/www.diarioimagen.net\/index.php?rest_route=%2Fwp%2Fv2%2Fcomments&post=545030"}],"version-history":[{"count":0,"href":"https:\/\/www.diarioimagen.net\/index.php?rest_route=\/wp\/v2\/posts\/545030\/revisions"}],"wp:attachment":[{"href":"https:\/\/www.diarioimagen.net\/index.php?rest_route=%2Fwp%2Fv2%2Fmedia&parent=545030"}],"wp:term":[{"taxonomy":"category","embeddable":true,"href":"https:\/\/www.diarioimagen.net\/index.php?rest_route=%2Fwp%2Fv2%2Fcategories&post=545030"},{"taxonomy":"post_tag","embeddable":true,"href":"https:\/\/www.diarioimagen.net\/index.php?rest_route=%2Fwp%2Fv2%2Ftags&post=545030"}],"curies":[{"name":"wp","href":"https:\/\/api.w.org\/{rel}","templated":true}]}}