{"id":545033,"date":"2022-05-03T00:03:58","date_gmt":"2022-05-03T05:03:58","guid":{"rendered":"https:\/\/www.diarioimagen.net\/?p=545033"},"modified":"2022-05-04T03:24:00","modified_gmt":"2022-05-04T08:24:00","slug":"colosio-riojas-en-entredicho","status":"publish","type":"post","link":"https:\/\/www.diarioimagen.net\/?p=545033","title":{"rendered":"Colosio Riojas, en entredicho"},"content":{"rendered":"<h2>Centro..!<\/h2>\n<h5>Arturo R\u00edos Ruiz<\/h5>\n<p>&nbsp;<\/p>\n<ul>\n<li><strong><em>Visible ebriedad lo da\u00f1a<\/em><\/strong><\/li>\n<li><strong><em>Su imagen ya no es la misma<\/em><\/strong><\/li>\n<\/ul>\n<p>&nbsp;<\/p>\n<p>Tundieron a Luis Donaldo Colosio Riojas por supuestamente presidir ebrio una sesi\u00f3n de Cabildo. En las redes tambi\u00e9n se\u00f1alaron que el edil ha estado desaparecido en el estado, por lo que se mofaron de su comportamiento.<\/p>\n<p>El presidente municipal de Monterrey, Luis Donaldo Colosio Riojas, protagoniz\u00f3 un esc\u00e1ndalo tras presidir una sesi\u00f3n virtual desde Estados Unidos.<\/p>\n<p>Quienes hemos corrido decenas de etapas en la vida, al observar el video del alcalde, no tenemos duda que estaba bajo el influjo de algo, su torpeza fue evidente, alguien alcoholizado, sin atrevernos a que fuera algo m\u00e1s serio. \u00c9l ya explic\u00f3 que fue un problema del sonido, obviamente que se defiende.<\/p>\n<p>Se trata de un joven pol\u00edtico con amplia simpat\u00eda, que se le ha visto serio, formal y preparado e incluso se le ha considerado una carta atractiva para contender por la Presidencia en 2024. La principal barrera que muchos puntean en su contra es su juventud, que la asocian con inexperiencia y por l\u00f3gica inmadurez.<\/p>\n<p>Incluso, un servidor crey\u00f3 en sus posibilidades, al escuchar entrevistas con puntos a su favor: buenos conceptos, conocimiento, imagen e indagamos sus ventajas reales para poder opinar sobre su futuro pol\u00edtico en relaci\u00f3n a 2024.<\/p>\n<p>Comparamos que L\u00e1zaro C\u00e1rdenas, que pas\u00f3 a la historia como un gran Presidente por el trato a los olvidados del campo y la publicidad oficial casi lo elev\u00f3 a h\u00e9roe por la nacionalizaci\u00f3n del petr\u00f3leo.<\/p>\n<p>Pero en el \u00faltimo caso, la acci\u00f3n s\u00f3lo tuvo como ejecuci\u00f3n el despojar a las empresas inglesas que Porfirio D\u00edaz concesion\u00f3 y L\u00e1zaro C\u00e1rdenas se las quit\u00f3 para entregarlas a los Estados unidos y hasta hoy d\u00eda, ese pa\u00eds refina el crudo y luego nos vende el producto refinado.<\/p>\n<p>C\u00e1rdenas ten\u00eda 39 a\u00f1os de edad al llegar a la Presidencia y Colosio, en caso dado, tendr\u00eda los mismos y en el padr\u00f3n electoral actualizado en noviembre pasado aument\u00f3 a 96 millones de electores en n\u00famero redondos y contamos que el estrato de 30 a 40 a\u00f1os, hay un total de 40 millones de votos; un sector que se identificar\u00eda con la joven. Le concedimos posibilidades.<\/p>\n<p>Bast\u00f3 un video para despojar al joven de credibilidad, experiencia, cuidado, mesura y responsabilidad y eso llega al fondo; sus promotores expertos como Dante Delgado, deben actuar y r\u00e1pido en \u00e9l y en la opini\u00f3n p\u00fablica. Ser\u00eda una pena que todo terminara por un desliz tan delicado.<\/p>\n<p>Muy ni\u00f1o, qued\u00f3 sin padre que ser\u00eda ser Presidente, luego a su madre, y fue educado por sus familiares, se cas\u00f3, tiene hijos y ya fue legislador y hoy alcalde de una ciudad muy importante y llam\u00f3 la atenci\u00f3n de gigantes del dinero y de la pol\u00edtica, que buscan sea contendiente en la pr\u00f3xima contienda.<\/p>\n<p>Nosotros opinamos que est\u00e1 es un \u201cqui\u00e9n sabe\u201d, ya es objeto de una paliza por su rid\u00edculo que reson\u00f3 en las redes y cr\u00edticas agrias que buscan demolerlo y deber\u00e1 comenzar otra vez. La imagen es lo m\u00e1s sensible de toda persona p\u00fablica y el construirla se lleva mucho tiempo y un error la desbarata en minutos.<\/p>\n<p><em><a href=\"mailto:rrrart2000@hotmail.com\" target=\"_blank\" rel=\"noopener noreferrer\">rrrart2000@hotmail.com<\/a><\/em><\/p>\n","protected":false},"excerpt":{"rendered":"<p><span style=\"color: #005497;\"><strong>Arturo R\u00edos Ruiz<\/strong><\/span><\/p>\n","protected":false},"author":3,"featured_media":0,"comment_status":"open","ping_status":"open","sticky":false,"template":"","format":"standard","meta":{"_monsterinsights_skip_tracking":false,"_monsterinsights_sitenote_active":false,"_monsterinsights_sitenote_note":"","_monsterinsights_sitenote_category":0,"footnotes":""},"categories":[82265],"tags":[82266,10806,43674],"class_list":["post-545033","post","type-post","status-publish","format-standard","hentry","category-arturo-rios-ruiz","tag-arturo-rios-ruiz","tag-centro","tag-opinion"],"_links":{"self":[{"href":"https:\/\/www.diarioimagen.net\/index.php?rest_route=\/wp\/v2\/posts\/545033","targetHints":{"allow":["GET"]}}],"collection":[{"href":"https:\/\/www.diarioimagen.net\/index.php?rest_route=\/wp\/v2\/posts"}],"about":[{"href":"https:\/\/www.diarioimagen.net\/index.php?rest_route=\/wp\/v2\/types\/post"}],"author":[{"embeddable":true,"href":"https:\/\/www.diarioimagen.net\/index.php?rest_route=\/wp\/v2\/users\/3"}],"replies":[{"embeddable":true,"href":"https:\/\/www.diarioimagen.net\/index.php?rest_route=%2Fwp%2Fv2%2Fcomments&post=545033"}],"version-history":[{"count":0,"href":"https:\/\/www.diarioimagen.net\/index.php?rest_route=\/wp\/v2\/posts\/545033\/revisions"}],"wp:attachment":[{"href":"https:\/\/www.diarioimagen.net\/index.php?rest_route=%2Fwp%2Fv2%2Fmedia&parent=545033"}],"wp:term":[{"taxonomy":"category","embeddable":true,"href":"https:\/\/www.diarioimagen.net\/index.php?rest_route=%2Fwp%2Fv2%2Fcategories&post=545033"},{"taxonomy":"post_tag","embeddable":true,"href":"https:\/\/www.diarioimagen.net\/index.php?rest_route=%2Fwp%2Fv2%2Ftags&post=545033"}],"curies":[{"name":"wp","href":"https:\/\/api.w.org\/{rel}","templated":true}]}}