{"id":545041,"date":"2022-05-03T00:17:15","date_gmt":"2022-05-03T05:17:15","guid":{"rendered":"https:\/\/www.diarioimagen.net\/?p=545041"},"modified":"2022-05-10T04:00:09","modified_gmt":"2022-05-10T09:00:09","slug":"democracia-a-la-carta","status":"publish","type":"post","link":"https:\/\/www.diarioimagen.net\/?p=545041","title":{"rendered":"\u00bfDemocracia a la carta?"},"content":{"rendered":"<h2>Caleidoscopio<\/h2>\n<h5>Guillermina G\u00f3mora Ord\u00f3\u00f1ez<\/h5>\n<p>&nbsp;<\/p>\n<p>Lo prometido es deuda, Morena anunci\u00f3 desde 2019 que impulsar\u00eda una reforma para \u201creflexionar sobre el papel y atribuciones del <strong>Instituto Nacional Electoral<\/strong> (INE)\u201d, y ahora lo tiene contra las cuerdas al m\u00e1s puro estilo del partido hegem\u00f3nico.<\/p>\n<p>Bajo la bandera de la austeridad y de consolidar un sistema democr\u00e1tico eficiente, Morena y sus legisladores buscan el control de todas las elecciones en el pa\u00eds, desde la presidencial hasta las municipales; disminuir el n\u00famero de consejeros del INE de once a siete, y eliminar los <strong>Organismos Electorales de los Estados<\/strong> (<strong>Oples<\/strong>).<\/p>\n<p>En septiembre de 2018, <strong>Horacio Duarte, entonces representante de Morena ante el INE, <\/strong>alert\u00f3 del escenario que vendr\u00eda, luego de que el <strong>Tribunal Electoral del Poder Judicial de la Federaci\u00f3n<\/strong> revocara por unanimidad la multa de 197 millones de pesos que impuso el INE al partido de <strong>Andr\u00e9s Manuel L\u00f3pez Obrador<\/strong> por el mal uso de un fideicomiso que cre\u00f3 para ayudar a los damnificados del sismo del 19 de septiembre en 2017.<\/p>\n<p>\u201cVamos a revisar si hay condiciones para una nueva Reforma Electoral, yo creo que esta resoluci\u00f3n obliga a los consejeros del INE a reflexionar sobre su papel y su trabajo, de c\u00f3mo hacen sus investigaciones\u201d, dijo Duarte.<\/p>\n<p>Cant\u00f3 el tiro, y ahora el <strong>actual administrador de la Agencia Nacional de Aduanas de M\u00e9xico<\/strong> (Anam), lidera la embestida. Horacio Duarte asegura que la iniciativa en materia pol\u00edtico electoral busca \u201chacer m\u00e1s barata\u201d la democracia en el pa\u00eds. \u00bfSer\u00e1?<\/p>\n<p>Para el ejercicio de 2022, Morena recibi\u00f3 del INE 1,835 millones 107 mil 842 pesos en prerrogativas y no se quej\u00f3. Lo cierto es que, el partido en el poder busca pasar facturas y cobrar viejos agravios a las autoridades electorales a las que por a\u00f1os acusaron de fraude y falta de certezas.<\/p>\n<p>El presidente L\u00f3pez Obrador sabe que su propuesta no va a pasar, Morena no tiene mayor\u00eda en el Congreso y s\u00f3lo la est\u00e1 utilizando con fines pol\u00edticos, con miras a 2024. Poner estos temas para que la oposici\u00f3n los rechace favorece su narrativa electoral de que son \u201ctraidores a la patria\u201d.<\/p>\n<p><strong>\u00a1Al diablo las instituciones!, <\/strong>producto de la lucha de la izquierda y la derecha mexicana que derrot\u00f3 un modelo centralista y abri\u00f3 el sistema pol\u00edtico mexicano a los ciudadanos.<\/p>\n<p>Una batalla que llev\u00f3 a la creaci\u00f3n del IFE (1990) y a la instrumentaci\u00f3n de diversas reformas para perfeccionar la operaci\u00f3n de un organismo aut\u00f3nomo vigilado por los ciudadanos y garantes de la alternancia pac\u00edfica del poder, como en el triunfo de #AMLO en 2018.<\/p>\n<p>Volver al M\u00e9xico en el que el gobierno tenga en su mano el control de las elecciones a trav\u00e9s de personeros impuestos por \u00e9l en un nuevo \u00f3rgano y garantizar su permanencia, es una apuesta muy riesgosa para la democracia representativa, la seguridad nacional y la paz social.<\/p>\n<p>Para muestra las cifras del proceso electoral de 2021, con 90 asesinatos y 693 agresiones contra pol\u00edticos y candidatos, el m\u00e1s violento de los \u00faltimos 20 a\u00f1os, de acuerdo con un informe de la consultora Etellekt. No es un dato menor, la disputa por el poder involucra intereses y grupos de tooodo tipo.<\/p>\n<p>Adem\u00e1s, recordemos que en 2023 se renovar\u00e1n cuatro posiciones en el Consejo General del INE, la del actual <strong>presidente Lorenzo C\u00f3rdova, Adriana Favela, Ciro Murayama y Jos\u00e9 Roberto Ruiz<\/strong>, quienes fueron nombrados en 2014 para una gesti\u00f3n de nueve a\u00f1os.<\/p>\n<p><strong>Lorenzo C\u00f3rdova, presidente consejero del INE<\/strong>, ha fijado una postura muy clara: \u201csi algo nos ense\u00f1a la historia, es que a la democracia hay que cuidarla permanentemente, o si no, cuando menos nos demos cuenta, eventualmente sin quererlo o sin percatarnos, la habremos perdido\u201d.<\/p>\n<p>Algo muy parecido advirti\u00f3 el pensador socialista Karl Marx: \u201cLa historia se repite, primero como tragedia y segundo, como farsa\u201d \u00bfAnte qu\u00e9 estamos en M\u00e9xico en materia electoral? \u00bfCondenaremos al pa\u00eds a reescribir la negra historia ya superada del partido \u00fanico que anulaba la voluntad popular?<\/p>\n<p>En juego est\u00e1n la democracia, las instituciones y la credibilidad de M\u00e9xico para traer inversiones y recuperar nuestra golpeada econom\u00eda por la incertidumbre de las err\u00e1ticas pol\u00edticas p\u00fablicas y la inseguridad.<\/p>\n<p>\u00bfAl diablo las Instituciones?, es pregunta.<\/p>\n<p style=\"text-align: center;\"><strong>VERICUENTOS<\/strong><\/p>\n<p style=\"text-align: center;\"><strong>Monreal teje fino<\/strong><\/p>\n<p>La experiencia pol\u00edtica de Ricardo Monreal \u00c1vila, presidente de la Junta de Coordinaci\u00f3n Pol\u00edtica del Senado, estar\u00e1 a prueba de nueva cuenta con la iniciativa de reforma electoral que envi\u00f3 el presidente Andr\u00e9s Manuel L\u00f3pez Obrador. El zacatecano espera alcanzar consensos con el PAN, PRI, PRD y Movimiento Ciudadano para lograr la aprobaci\u00f3n. Sin embargo, la oposici\u00f3n anticip\u00f3 que votar\u00e1 en contra de la reforma constitucional que busca desaparecer al INE. <strong>\u00a1Sopas!<\/strong><\/p>\n<p style=\"text-align: center;\"><strong>\u00a0<\/strong><strong>Ni\u00f1os, en riesgo<\/strong><\/p>\n<p><strong>\u00a0<\/strong>Durante el conversatorio \u201c\u00bfC\u00f3mo detener las desapariciones y feminicidios de ni\u00f1as y adolescentes en M\u00e9xico?, <strong>Juan Mart\u00edn P\u00e9rez, coordinador de Tejiendo Redes Infancia en Am\u00e9rica Latina y el Caribe, <\/strong>revel\u00f3 que hay 6 mil 400 menores y adolescentes desaparecidos y que el 2021, ha sido el a\u00f1o con mayor n\u00famero de ni\u00f1os desaparecidos al registrar oficialmente m\u00e1s de mil 900, en un contexto de guerra como la que se vive en el pa\u00eds. Estudios realizados sobre este delito en M\u00e9xico, destacan que los menores que desaparecen, especialmente de entre 7 y 17 a\u00f1os, son utilizados para trata, reclutamiento de la delincuencia organizada y explotaci\u00f3n sexual entre otros. <strong><em>#ConLosNi\u00f1osNo<\/em><\/strong><\/p>\n<p><a href=\"https:\/\/twitter.com\/guillegomora?lang=es\" target=\"_blank\" rel=\"noopener\"><em>@guillegomora<\/em><\/a><\/p>\n","protected":false},"excerpt":{"rendered":"<p><span style=\"color: #005497;\"><strong>Guillermina G\u00f3mora Ord\u00f3\u00f1ez<\/strong><\/span<\/span><\/p>\n","protected":false},"author":3,"featured_media":0,"comment_status":"open","ping_status":"open","sticky":false,"template":"","format":"standard","meta":{"_monsterinsights_skip_tracking":false,"_monsterinsights_sitenote_active":false,"_monsterinsights_sitenote_note":"","_monsterinsights_sitenote_category":0,"footnotes":""},"categories":[58361],"tags":[95362,43674],"class_list":["post-545041","post","type-post","status-publish","format-standard","hentry","category-guillermina-gomora-ordonez","tag-caleidoscopi","tag-opinion"],"_links":{"self":[{"href":"https:\/\/www.diarioimagen.net\/index.php?rest_route=\/wp\/v2\/posts\/545041","targetHints":{"allow":["GET"]}}],"collection":[{"href":"https:\/\/www.diarioimagen.net\/index.php?rest_route=\/wp\/v2\/posts"}],"about":[{"href":"https:\/\/www.diarioimagen.net\/index.php?rest_route=\/wp\/v2\/types\/post"}],"author":[{"embeddable":true,"href":"https:\/\/www.diarioimagen.net\/index.php?rest_route=\/wp\/v2\/users\/3"}],"replies":[{"embeddable":true,"href":"https:\/\/www.diarioimagen.net\/index.php?rest_route=%2Fwp%2Fv2%2Fcomments&post=545041"}],"version-history":[{"count":0,"href":"https:\/\/www.diarioimagen.net\/index.php?rest_route=\/wp\/v2\/posts\/545041\/revisions"}],"wp:attachment":[{"href":"https:\/\/www.diarioimagen.net\/index.php?rest_route=%2Fwp%2Fv2%2Fmedia&parent=545041"}],"wp:term":[{"taxonomy":"category","embeddable":true,"href":"https:\/\/www.diarioimagen.net\/index.php?rest_route=%2Fwp%2Fv2%2Fcategories&post=545041"},{"taxonomy":"post_tag","embeddable":true,"href":"https:\/\/www.diarioimagen.net\/index.php?rest_route=%2Fwp%2Fv2%2Ftags&post=545041"}],"curies":[{"name":"wp","href":"https:\/\/api.w.org\/{rel}","templated":true}]}}