{"id":545148,"date":"2022-05-04T00:02:14","date_gmt":"2022-05-04T05:02:14","guid":{"rendered":"https:\/\/www.diarioimagen.net\/?p=545148"},"modified":"2022-05-04T05:25:48","modified_gmt":"2022-05-04T10:25:48","slug":"trabajo-coordinado-para-la-prevencion-de-la-violencia-de-genero-en-el-edomex","status":"publish","type":"post","link":"https:\/\/www.diarioimagen.net\/?p=545148","title":{"rendered":"Trabajo coordinado para la prevenci\u00f3n de la violencia de g\u00e9nero en el Edomex"},"content":{"rendered":"<p>&nbsp;<\/p>\n<ul>\n<li><strong><em>La seguridad p\u00fablica, una\u00a0prioridad<\/em><\/strong><\/li>\n<\/ul>\n<p>&nbsp;<\/p>\n<h6>Arturo Baena<\/h6>\n<p>&nbsp;<\/p>\n<div id=\"attachment_545280\" style=\"width: 470px\" class=\"wp-caption aligncenter\"><a href=\"https:\/\/www.diarioimagen.net\/?attachment_id=545280\" rel=\"attachment wp-att-545280\"><img loading=\"lazy\" decoding=\"async\" aria-describedby=\"caption-attachment-545280\" class=\"size-full wp-image-545280\" src=\"https:\/\/www.diarioimagen.net\/wp-content\/uploads\/2022\/05\/tlalnepantla-1.jpg\" alt=\"\" width=\"460\" height=\"270\" \/><\/a><p id=\"caption-attachment-545280\" class=\"wp-caption-text\">Los tres niveles de gobierno trabajan de manera coordinada en acciones para la prevenci\u00f3n de la Alerta de Violencia de G\u00e9nero.<\/p><\/div>\n<p>&nbsp;<\/p>\n<p><strong>Tlalnepantla, Estado de M\u00e9xico.\u2014<\/strong> Garantizar que las mujeres, ni\u00f1as y adolescentes tengan una vida libre de violencias es una prioridad para la administraci\u00f3n de Alfredo Del Mazo Maza, por ello, los tres niveles de gobierno, federal, estatal y municipal, trabajan de manera coordinada en acciones para la prevenci\u00f3n de la Alerta de Violencia de G\u00e9nero, en los municipios mexiquenses se\u00f1alados en la Estrategia Nacional de Seguridad P\u00fablica.<\/p>\n<p>En este sentido, a trav\u00e9s del recurso aplicado, en el municipio de Tlalnepantla se han implementado distintas estrategias y acciones, por ejemplo, la creaci\u00f3n de las oficias de la Direcci\u00f3n de la Mujer, del Centro Naranja, obras del C4 de la Zona Oriente y del Refugio Municipal de las Mujeres, as\u00ed como la conformaci\u00f3n de cinco redes comunitarias con el objetivo de detectar y canalizar a mujeres en situaci\u00f3n de violencia.<\/p>\n<p>Aunado a esto, en beneficio de las m\u00e1s de 345 mil mujeres, ni\u00f1as y adolescentes de este municipio, se capacit\u00f3 a los elementos que conforman la C\u00e9lula de Reacci\u00f3n Inmediata para la b\u00fasqueda y localizaci\u00f3n de mujeres y ni\u00f1as desaparecidas, se elabor\u00f3 el Protocolo de Actuaci\u00f3n Policial con Perspectiva de G\u00e9nero para casos de violencia y se han implementado pol\u00edticas p\u00fablicas como la operaci\u00f3n de Unidades M\u00f3viles para la prevenci\u00f3n, atenci\u00f3n y erradicaci\u00f3n de las violencias.<\/p>\n<p>Es de referir que en el municipio se tienen instalados 663 sitios de videovigilancia con un total de 2 mil 362 c\u00e1maras habilitaci\u00f3n de 153 puntos de luz, en los 35 puntos georreferenciados para la recuperaci\u00f3n de espacios p\u00fablicos con perspectiva de g\u00e9nero a trav\u00e9s del Programa \u201cMe muevo Segura\u201d y con coordinaci\u00f3n con el Poder Judicial se implement\u00f3 el \u201cJuzgado de Control Especializado en Cateos, \u00d3rdenes de Aprehensi\u00f3n y Medidas de Protecci\u00f3n en L\u00ednea\u201d, que opera las 24 horas, los 7 d\u00edas de la semana.<\/p>\n","protected":false},"excerpt":{"rendered":"<p>Garantizar que las mujeres, ni\u00f1as y adolescentes tengan una vida libre de violencias es una prioridad para la administraci\u00f3n de Alfredo Del Mazo Maza, por ello, los tres niveles de gobierno, federal, estatal y municipal, trabajan de manera coordinada en acciones para la prevenci\u00f3n de la Alerta de Violencia de G\u00e9nero, en los municipios mexiquenses se\u00f1alados en la Estrategia Nacional de Seguridad P\u00fablica.<\/p>\n","protected":false},"author":3,"featured_media":545280,"comment_status":"open","ping_status":"open","sticky":false,"template":"","format":"standard","meta":{"_monsterinsights_skip_tracking":false,"_monsterinsights_sitenote_active":false,"_monsterinsights_sitenote_note":"","_monsterinsights_sitenote_category":0,"footnotes":""},"categories":[5],"tags":[43675,169,14425],"class_list":["post-545148","post","type-post","status-publish","format-standard","has-post-thumbnail","hentry","category-estado-de-mexico","tag-estado-de-mexico","tag-tlalnepantla","tag-violencia-de-genero"],"_links":{"self":[{"href":"https:\/\/www.diarioimagen.net\/index.php?rest_route=\/wp\/v2\/posts\/545148","targetHints":{"allow":["GET"]}}],"collection":[{"href":"https:\/\/www.diarioimagen.net\/index.php?rest_route=\/wp\/v2\/posts"}],"about":[{"href":"https:\/\/www.diarioimagen.net\/index.php?rest_route=\/wp\/v2\/types\/post"}],"author":[{"embeddable":true,"href":"https:\/\/www.diarioimagen.net\/index.php?rest_route=\/wp\/v2\/users\/3"}],"replies":[{"embeddable":true,"href":"https:\/\/www.diarioimagen.net\/index.php?rest_route=%2Fwp%2Fv2%2Fcomments&post=545148"}],"version-history":[{"count":0,"href":"https:\/\/www.diarioimagen.net\/index.php?rest_route=\/wp\/v2\/posts\/545148\/revisions"}],"wp:featuredmedia":[{"embeddable":true,"href":"https:\/\/www.diarioimagen.net\/index.php?rest_route=\/wp\/v2\/media\/545280"}],"wp:attachment":[{"href":"https:\/\/www.diarioimagen.net\/index.php?rest_route=%2Fwp%2Fv2%2Fmedia&parent=545148"}],"wp:term":[{"taxonomy":"category","embeddable":true,"href":"https:\/\/www.diarioimagen.net\/index.php?rest_route=%2Fwp%2Fv2%2Fcategories&post=545148"},{"taxonomy":"post_tag","embeddable":true,"href":"https:\/\/www.diarioimagen.net\/index.php?rest_route=%2Fwp%2Fv2%2Ftags&post=545148"}],"curies":[{"name":"wp","href":"https:\/\/api.w.org\/{rel}","templated":true}]}}