{"id":545169,"date":"2022-05-04T00:02:25","date_gmt":"2022-05-04T05:02:25","guid":{"rendered":"https:\/\/www.diarioimagen.net\/?p=545169"},"modified":"2022-05-04T23:03:33","modified_gmt":"2022-05-05T04:03:33","slug":"en-breve-autorizacion-sobre-impacto-ambiental-de-tramo-5-del-tren-maya","status":"publish","type":"post","link":"https:\/\/www.diarioimagen.net\/?p=545169","title":{"rendered":"En breve,\u00a0autorizaci\u00f3n sobre impacto ambiental de Tramo 5 del Tren Maya"},"content":{"rendered":"<p>&nbsp;<\/p>\n<h3 style=\"text-align: center;\">De acuerdo con Sedena y Semarnat<\/h3>\n<p>&nbsp;<\/p>\n<ul>\n<li><strong><em>Vamos a dar cumplimiento a la normatividad, afirma general encargado de la obra<\/em><\/strong><\/li>\n<\/ul>\n<p>&nbsp;<\/p>\n<div id=\"attachment_545256\" style=\"width: 470px\" class=\"wp-caption aligncenter\"><a href=\"https:\/\/www.diarioimagen.net\/?attachment_id=545256\" rel=\"attachment wp-att-545256\"><img loading=\"lazy\" decoding=\"async\" aria-describedby=\"caption-attachment-545256\" class=\"size-full wp-image-545256\" src=\"https:\/\/www.diarioimagen.net\/wp-content\/uploads\/2022\/05\/TREN01.jpg\" alt=\"\" width=\"460\" height=\"270\" \/><\/a><p id=\"caption-attachment-545256\" class=\"wp-caption-text\">La Sedena reconoci\u00f3 que la MIA en la construcci\u00f3n del Tramo 5 del Tren Maya, apenas se encuentra en proceso.<\/p><\/div>\n<p>&nbsp;<\/p>\n<p>Tras la denuncia insistente por parte de grupos ambientalistas sobre la falta de una Manifestaci\u00f3n de Impacto Ambiental (MIA) en la construcci\u00f3n del Tramo 5 del Tren Maya, la Secretar\u00eda de la Defensa Nacional (Sedena) reconoci\u00f3 que el mecanismo apenas se encuentra en proceso.<\/p>\n<p>El general Gustavo Vallejo Su\u00e1rez, antes comandante del agrupamiento de construcci\u00f3n en el aeropuerto de Santa Luc\u00eda, se\u00f1al\u00f3: \u201cYa estamos tomando acciones, estamos elaborando la Manifestaci\u00f3n de Impacto Ambiental con instituciones de educaci\u00f3n superior de prestigio, en aras de investigaci\u00f3n del medio ambiente\u201d.<\/p>\n<p>Y argument\u00f3 que la Sedena se encuentra trabajando en coordinaci\u00f3n con la Secretar\u00eda de Medio Ambiente y Recursos Naturales (Semarnat) y con el Fondo Nacional de Fomento al Turismo (Fonatur), as\u00ed como con autoridades ambientales de los tres niveles de gobierno, \u201cvamos a dar cumplimiento a la normatividad en materia ambiental\u201d, asever\u00f3.<\/p>\n<p>En ese mismo sentido, a\u00f1adi\u00f3: \u201cLa Sedena reafirma su responsabilidad institucional con el medio ambiente mediante acciones concretas durante los trabajos de construcci\u00f3n, para el cuidado y preservaci\u00f3n de la flora y fauna y dem\u00e1s recursos naturales de esa regi\u00f3n\u201d.<\/p>\n<p>Por su parte, Mar\u00eda Luisa Albores, titular de la Semarnat, inform\u00f3 que la Fase 1, el Tramo 2 y el Tramo 3 del Tren Maya cuentan con las MIA respectivas y que \u00a0los otros tramos tienen permisos provisionales. \u201cEn los otros tramos, hay que recordar que lo que se hizo el d\u00eda 22 de noviembre de 2021 es que hay un decreto para hacer permisos provisionales. No quiere decir que la gente, en este caso los tramos, no est\u00e9n haciendo sus estudios t\u00e9cnicos, sus MIA y sus estudios t\u00e9cnicos justificativos\u201d, declar\u00f3.<\/p>\n<p>Los permisos provisionales se obtuvieron siguiendo el acuerdo presidencial sobre proyectos y obras de seguridad nacional, que ordena a todas las dependencias otorgar autorizaciones temporales para las obras prioritarias del gobierno federal.<\/p>\n<p>En este contexto, la Semarnat trabaja con los consorcios de cada tramo de la obra ferroviaria, as\u00ed como con el Fonatur. \u201cCuando hablamos de m\u00e1s de 100 especialistas que est\u00e1n en territorio es porque son brigadas, que hacen todo lo que tiene que ver con el cuidado del medio ambiente, pero tambi\u00e9n se va teniendo el documento\u201d, dijo Albores.<\/p>\n<p style=\"text-align: center;\"><strong>Denuncian explotaci\u00f3n por parte de Vulcan\u00a0<\/strong><\/p>\n<p>El presidente Andr\u00e9s Manuel L\u00f3pez Obrador inform\u00f3 que el gobierno de M\u00e9xico proceder\u00e1 legalmente en contra de la empresa estadounidense Vulcan Materials Company, que a trav\u00e9s de su filial SAC TUN, contin\u00faa explotando un banco de material p\u00e9treo en Playa del Carmen.<\/p>\n<p>Durante su conferencia ma\u00f1anera, el mandatario denunci\u00f3 p\u00fablicamente que los directivos de la empresa violaron el acuerdo que hab\u00eda con el gobierno de M\u00e9xico para suspender las labores de extracci\u00f3n y carga de material para trasladarlo a Estados Unidos. \u201cSe va a proceder legalmente porque hay violaci\u00f3n a las leyes y es una tremenda destrucci\u00f3n del medio ambiente, adem\u00e1s es un atrevimiento, burlarse de las autoridades de nuestro pa\u00eds y vamos a actuar legalmente hasta que se detenga la extracci\u00f3n\u201d, advirti\u00f3. Explic\u00f3 que la empresa extranjera reanud\u00f3 labores de extracci\u00f3n y traslado de material a Estados Unidos en un buque cisterna, a pesar de que estas acciones estaban suspendidas legalmente y que los directivos hab\u00edan aceptado un acuerdo con el gobierno de M\u00e9xico para crear un centro eco tur\u00edstico en el predio. \u201cMe hab\u00edan enga\u00f1ado en que ya no estaban extrayendo material y pas\u00e9 por ah\u00ed como tres veces y en efecto estaba todo parado, las gr\u00faas paradas, todo parado pero ahora pas\u00e9, quiz\u00e1 no sab\u00edan y sobrevol\u00e9 y me di cuenta de que est\u00e1n trabajando con todo, extrayendo material, vi como est\u00e1n cargando un barco y di instrucciones para proceder legalmente de inmediato\u201d, dijo.<\/p>\n<p>Finalmente, calific\u00f3 como un atrevimiento, \u201cburlarse de las autoridades de nuestro pa\u00eds. Yo pens\u00e9 que porque ya ten\u00edamos un acuerdo, iban a parar; la verdad, es que cuando nos informaron, dije \u2018no lo puedo creer\u2019, fuimos y tenemos ya todas las pruebas\u201d, concluy\u00f3.<\/p>\n","protected":false},"excerpt":{"rendered":"<p>Tras la denuncia insistente por parte de grupos ambientalistas sobre la falta de una Manifestaci\u00f3n de Impacto Ambiental (MIA) en la construcci\u00f3n del Tramo 5 del Tren Maya, la Secretar\u00eda de la Defensa Nacional (Sedena) reconoci\u00f3 que el mecanismo apenas se encuentra en proceso.<\/p>\n","protected":false},"author":3,"featured_media":545256,"comment_status":"open","ping_status":"open","sticky":false,"template":"","format":"standard","meta":{"_monsterinsights_skip_tracking":false,"_monsterinsights_sitenote_active":false,"_monsterinsights_sitenote_note":"","_monsterinsights_sitenote_category":0,"footnotes":""},"categories":[3],"tags":[47787,539,95073,76415],"class_list":["post-545169","post","type-post","status-publish","format-standard","has-post-thumbnail","hentry","category-nacional","tag-impacto","tag-semarnat","tag-tramo-5","tag-tren-maya"],"_links":{"self":[{"href":"https:\/\/www.diarioimagen.net\/index.php?rest_route=\/wp\/v2\/posts\/545169","targetHints":{"allow":["GET"]}}],"collection":[{"href":"https:\/\/www.diarioimagen.net\/index.php?rest_route=\/wp\/v2\/posts"}],"about":[{"href":"https:\/\/www.diarioimagen.net\/index.php?rest_route=\/wp\/v2\/types\/post"}],"author":[{"embeddable":true,"href":"https:\/\/www.diarioimagen.net\/index.php?rest_route=\/wp\/v2\/users\/3"}],"replies":[{"embeddable":true,"href":"https:\/\/www.diarioimagen.net\/index.php?rest_route=%2Fwp%2Fv2%2Fcomments&post=545169"}],"version-history":[{"count":0,"href":"https:\/\/www.diarioimagen.net\/index.php?rest_route=\/wp\/v2\/posts\/545169\/revisions"}],"wp:featuredmedia":[{"embeddable":true,"href":"https:\/\/www.diarioimagen.net\/index.php?rest_route=\/wp\/v2\/media\/545256"}],"wp:attachment":[{"href":"https:\/\/www.diarioimagen.net\/index.php?rest_route=%2Fwp%2Fv2%2Fmedia&parent=545169"}],"wp:term":[{"taxonomy":"category","embeddable":true,"href":"https:\/\/www.diarioimagen.net\/index.php?rest_route=%2Fwp%2Fv2%2Fcategories&post=545169"},{"taxonomy":"post_tag","embeddable":true,"href":"https:\/\/www.diarioimagen.net\/index.php?rest_route=%2Fwp%2Fv2%2Ftags&post=545169"}],"curies":[{"name":"wp","href":"https:\/\/api.w.org\/{rel}","templated":true}]}}