{"id":545178,"date":"2022-05-04T00:02:23","date_gmt":"2022-05-04T05:02:23","guid":{"rendered":"https:\/\/www.diarioimagen.net\/?p=545178"},"modified":"2022-05-04T03:04:41","modified_gmt":"2022-05-04T08:04:41","slug":"en-verdad-sheinbaum-puede-ver-a-los-ojos-a-victimas-de-la-linea-12","status":"publish","type":"post","link":"https:\/\/www.diarioimagen.net\/?p=545178","title":{"rendered":"\u00bfEn verdad, Sheinbaum puede ver a los ojos a v\u00edctimas de la L\u00ednea 12?"},"content":{"rendered":"<h2>La Retaguardia<\/h2>\n<h5>Adriana Moreno Cordero<\/h5>\n<p>&nbsp;<\/p>\n<p>\u00bfDe verdad estar\u00e1 convencida la jefa de Gobierno de la Ciudad de M\u00e9xico, <strong>Claudia Sheinbaum<\/strong> de que puede ver con la frente en alto y a los ojos a los 103 heridos y familiares de las 26 v\u00edctimas mortales por la tragedia ocurrida hace un a\u00f1o en la L\u00ednea 12 del Metro? En el colmo, la funcionaria capitalina, sin empacho alguno defendi\u00f3 a la ex directora del Metro, <strong>Florencia Serran\u00eda<\/strong>, que dijo aquella famosa declaraci\u00f3n que reflej\u00f3 toda su incapacidad: \u201cYo solamente soy la directora del Metro\u201d.\u00a0 A la fecha, nadie sabe nada de ella.<\/p>\n<p>El primer aniversario de este lamentable colapso, sac\u00f3 a flote toda la frustraci\u00f3n de la se\u00f1ora Sheinbaum Pardo, que no pudo m\u00e1s con la presi\u00f3n y tron\u00f3 para se\u00f1alar a los panistas y en s\u00ed, a todo aquel o aquella, que se atreva a poner en jaque lo hecho en su administraci\u00f3n.<\/p>\n<p>Muy temprano por la ma\u00f1ana, se dejaron a las afueras de la oficinas donde despacha la jefa de gobierno capitalino, coronas de flores con la leyenda de que Morena es el culpable de lo ocurrido en la L\u00ednea 12 del Metro hace un a\u00f1o; antes, por diferentes medios se difundi\u00f3 la promesa que hiciera en uno de sus gustad\u00edsimos \u201cstand-up\u201d ma\u00f1aneros hace igualmente 365 d\u00edas, el presidente <strong>Andr\u00e9s Manuel L\u00f3pez Obrador<\/strong>, de que a m\u00e1s tardar en un a\u00f1o, la otrora famosa \u201cL\u00ednea Dorada\u201d, estar\u00eda funcionando. Cualquiera puede transitar por la llamada \u201czona cero\u201d para comprobar que los avances han sido nulos.<\/p>\n<p>Ahora, esta errada y llamada Cuarta Transformaci\u00f3n, con esa incapacidad que les caracteriza, informaron que ser\u00e1 en junio pr\u00f3ximo cuando se iniciar\u00e1n los trabajos de reconstrucci\u00f3n.<\/p>\n<p>El caso es que Claudia Sheinbaum tron\u00f3 y se\u00f1al\u00f3 espec\u00edficamente: \u201cles va a ir muy mal porque es ruin realmente lo que han estado haciendo, es yo dir\u00eda, poco \u00e9tico, inmoral, el utilizar el dolor ajeno para utilizarlo pol\u00edticamente, a la gente no le gusta eso, pero muestran lo que son\u201d.<\/p>\n<p>Dicha tragedia tambi\u00e9n mostr\u00f3 lo mal que le fue a la funcionaria capitalina, pol\u00edticamente hablando, por cierto, unas semanas despu\u00e9s, en las elecciones del a\u00f1o pasado cuando perdi\u00f3 la mitad de la capital de la Rep\u00fablica y eso le doli\u00f3 much\u00edsimo a ella, al igual que al presidente L\u00f3pez Obrador, por eso, a un a\u00f1o de distancia, en su visita a la refiner\u00eda de Dos Bocas, asegur\u00f3 que Morena va a ganar en las elecciones que se celebrar\u00e1n este a\u00f1o, \u201cpor paliza\u201d.<\/p>\n<p>Asimismo, Claudia Sheinbaum, que ya tra\u00eda \u201cla espada desenvainada\u201d, cuestion\u00f3 los intereses de los abogados de los afectados y dijo que s\u00f3lo trabajan para ver, \u201calgunos abogados\u201d qu\u00e9 sacan, en base de sus intereses particulares.<\/p>\n<p>Y esos \u201calgunos abogados\u201d le respondieron a la funcionaria capitalina, argumentando que se trata de sospechas sin fundamento, ya que desde hace un a\u00f1o, tanto los afectados como sus familiares, han venido sosteniendo que\u00a0 lo que buscan es justicia y esos \u201calgunos abogados\u201d no pueden presionar a las v\u00edctimas para que firmen el acuerdo reparatorio, ya que estos deben estar apegados a Derecho.<\/p>\n<p>Habr\u00eda entonces que preguntar: \u00bfPor qu\u00e9 tanto inter\u00e9s por parte de las autoridades para que se firme un acuerdo reparatorio?; m\u00e1s a\u00fan cuando las v\u00edctimas piden que antes de que se llegue a ese punto, debe haber transparencia y que en este caso, las autoridades del gobierno de la Ciudad de M\u00e9xico, que se les cumpla con lo que se les prometi\u00f3.<\/p>\n<p>Pero lo que ha habido en estos tr\u00e1gicos sucesos, es negligencia por parte de esta errada y llamada Cuarta Transformaci\u00f3n. Ah\u00ed est\u00e1 como prueba que el Presidente se limit\u00f3 a enviar, \u201cun abrazo cari\u00f1oso, afectuoso a los familiares de las v\u00edctimas\u201d, como si con ese fraternal gesto se resolviera siquiera algo m\u00ednimo.<\/p>\n<p>Tambi\u00e9n, al igual que hace 365 d\u00edas, L\u00f3pez Obrador defendi\u00f3 a quien se dice que es su candidata preferida al se\u00f1alar que desde el principio, es decir, desde el 3 de mayo del 2021, la jefa de Gobierno ha mostrado ser \u201cuna mujer sensible y est\u00e1 haciendo su trabajo\u201d que ha estado en contacto con los familiares de las v\u00edctimas.<\/p>\n<p>Y entonces, \u00bfpor qu\u00e9 el gobierno de la mujer tan sensible se ha dedicado a presionar a las v\u00edctimas y familiares para que se firme de una vez por todas el acuerdo reparatorio y acabe con esto, que representa un gran obst\u00e1culo en su carrera por el 2024)<\/p>\n<p>Lo cierto es que a estos 26 casos de v\u00edctimas mortales, las autoridades capitalinas no le han dado el seguimiento correspondiente; los peritajes han sido inexactos y les ofrecen una cantidad m\u00ednima por la cuantificaci\u00f3n del da\u00f1o. Adem\u00e1s, en la atenci\u00f3n a los 103 heridos, se registr\u00f3 escasez de medicamentos y de atenci\u00f3n hospitalaria e incluso se denunciaron amenazas por parte del gobierno de la CDMX de que les quitar\u00edan cualquier beneficio recibido si no firmaban. Pues con raz\u00f3n tanto coraje de la se\u00f1ora Sheinbaum.<\/p>\n<p style=\"text-align: center;\"><strong>Municiones<\/strong><\/p>\n<p>*** Si bien el no esclarecimiento de casos como el de <strong>Debanhi Escobar<\/strong> y la desaparici\u00f3n de <strong>Yolanda Mart\u00ednez<\/strong>, cada d\u00eda se complican m\u00e1s y m\u00e1s, est\u00e1 visto que esta errada y llamada Cuarta Transformaci\u00f3n no pude ni con la seguridad y la violencia que se recrudece con los adolescentes y los ni\u00f1os, que ha derivado en un escenario de 16 mil 400 ni\u00f1os y adolescentes que siguen desaparecidos y no se sabe nada de ellos. En este sentido, diversos especialistas se\u00f1alan que la\u00a0 estrategia militarizada implementada por L\u00f3pez Obrador no est\u00e1 funcionando, as\u00ed como tampoco que el inquilino de Palacio Nacional evada y env\u00ede \u2014como se anot\u00f3 en l\u00edneas anteriores\u2014 abrazos solidarios y cari\u00f1osos. As\u00ed, otro tema se le desborda al de Tepetit\u00e1n.<\/p>\n<p>*** Vestidos de blanco, en Guanajuato salieron a manifestarse de forma pac\u00edfica para exigir justicia en el caso del asesinato del joven Angel Yael, tema en el que esta errada y llamada Cuarta Tranformaci\u00f3n quiere justificar al precio que sea a los elementos de la Guardia Nacional, aventando culpas a donde puede. <strong>Norma Luc\u00eda Rangel<\/strong>, mam\u00e1 de Angel Yael, pidi\u00f3 a las autoridades que se garantice seguridad y protecci\u00f3n de los j\u00f3venes.<\/p>\n<p>*** Resulta que el flamante subsecretario de Promoci\u00f3n y Prevenci\u00f3n de la Salud, Hugo L\u00f3pez-Gatell, neg\u00f3 que hubiera habido millones de vacunas contra el Covid-19 caducas. \u201cSe acab\u00f3 r\u00e1pido la vacuna\u201d dijo y reiter\u00f3 que al final se ocuparon todas las vacunas y no hubo desperdicio alguno. El doctor L\u00f3pez-Gatell no es precisamente el funcionario con m\u00e1s credibilidad y el problema es que esta errada y llamada Cuarta Transformaci\u00f3n, nunca ha tenido a bien informar a detalle sobre estas vacunas; simplemente las cuentas no salen, tan es as\u00ed que informaron que 13 millones 300 mil vacunas se hab\u00edan aplicado y luego dijeron que no, que fueron menos, cuatro millones. Nadie sabe, nadie supo, el caso es que el siempre eficiente equipo informa muy mal al Presidente, pues primero le notificaron que en las \u00faltimas semanas s\u00f3lo se hab\u00eda registrado una defunci\u00f3n por Covid y resulta que siempre no, que fallecieron un promedio de 28 personas diarias.<\/p>\n<p><u><a href=\"mailto:morcora@gmail.com\" target=\"_blank\" rel=\"noopener noreferrer\"><em>morcora@gmail.com<\/em><\/a><\/u><\/p>\n","protected":false},"excerpt":{"rendered":"<p><span style=\"color: #005497;\"><strong>Adriana Moreno Cordero<\/strong><\/span><\/p>\n","protected":false},"author":3,"featured_media":0,"comment_status":"open","ping_status":"open","sticky":false,"template":"","format":"standard","meta":{"_monsterinsights_skip_tracking":false,"_monsterinsights_sitenote_active":false,"_monsterinsights_sitenote_note":"","_monsterinsights_sitenote_category":0,"footnotes":""},"categories":[69370],"tags":[69369,69368,43674],"class_list":["post-545178","post","type-post","status-publish","format-standard","hentry","category-adriana-moreno-cordero","tag-adriana-moreno-cordero","tag-la-retaguardia","tag-opinion"],"_links":{"self":[{"href":"https:\/\/www.diarioimagen.net\/index.php?rest_route=\/wp\/v2\/posts\/545178","targetHints":{"allow":["GET"]}}],"collection":[{"href":"https:\/\/www.diarioimagen.net\/index.php?rest_route=\/wp\/v2\/posts"}],"about":[{"href":"https:\/\/www.diarioimagen.net\/index.php?rest_route=\/wp\/v2\/types\/post"}],"author":[{"embeddable":true,"href":"https:\/\/www.diarioimagen.net\/index.php?rest_route=\/wp\/v2\/users\/3"}],"replies":[{"embeddable":true,"href":"https:\/\/www.diarioimagen.net\/index.php?rest_route=%2Fwp%2Fv2%2Fcomments&post=545178"}],"version-history":[{"count":0,"href":"https:\/\/www.diarioimagen.net\/index.php?rest_route=\/wp\/v2\/posts\/545178\/revisions"}],"wp:attachment":[{"href":"https:\/\/www.diarioimagen.net\/index.php?rest_route=%2Fwp%2Fv2%2Fmedia&parent=545178"}],"wp:term":[{"taxonomy":"category","embeddable":true,"href":"https:\/\/www.diarioimagen.net\/index.php?rest_route=%2Fwp%2Fv2%2Fcategories&post=545178"},{"taxonomy":"post_tag","embeddable":true,"href":"https:\/\/www.diarioimagen.net\/index.php?rest_route=%2Fwp%2Fv2%2Ftags&post=545178"}],"curies":[{"name":"wp","href":"https:\/\/api.w.org\/{rel}","templated":true}]}}