{"id":545187,"date":"2022-05-04T00:05:59","date_gmt":"2022-05-04T05:05:59","guid":{"rendered":"https:\/\/www.diarioimagen.net\/?p=545187"},"modified":"2022-05-04T03:15:13","modified_gmt":"2022-05-04T08:15:13","slug":"la-pequenez-del-enano","status":"publish","type":"post","link":"https:\/\/www.diarioimagen.net\/?p=545187","title":{"rendered":"La peque\u00f1ez del enano"},"content":{"rendered":"<h2>Perfil de M\u00e9xico<\/h2>\n<h5>Armando R\u00edos Ruiz<\/h5>\n<p>&nbsp;<\/p>\n<p>Nuestro Presidente es exactamente igual que los grandulones en las escuelas primarias y hasta secundarias que se dedican a tratar a punta de amenazas y golpes a los menores, a los m\u00e1s enclenques, a los que reh\u00fayen de los pleitos por la raz\u00f3n que se quiera imaginar. A los que se encantan por aplicar la moderna actitud denominada <em>bullying<\/em> en los m\u00e1s desprotegidos.<\/p>\n<p>Alguien dir\u00e1 que soy quien tiene que entenderlo, porque en su concepto debo estar m\u00e1s que ciego por carecer de la capacidad de advertir que trabaja por y para los pobres, a quienes trata como jam\u00e1s otro Presidente lo hab\u00eda hecho. Porque ha demostrado que los adora y siempre los tiene en\u00a0 mente. Al rev\u00e9s de otros, que siempre trabajaron para los neoliberales, fif\u00edes y conservadores.<\/p>\n<p>De hecho, ha ocurrido que de inmediato etiquetan a personas como un servidor, de neoliberal y de conservador. Aplican los t\u00e9rminos reci\u00e9n adquiridos en este sexenio, que su maestro y gu\u00eda les ha ense\u00f1ado. Si escribo, soy <em>chayotero<\/em> o lo era y eso ya se acab\u00f3. Si hablo mal del gobierno en turno, soy neoliberal y digno de otros calificativos copiados fielmente a su gur\u00fa.<\/p>\n<p>Debe ser triste para los enanos de mente, que al tratar de exponer una idea, dejan ver que lo son m\u00e1s que lo que se cre\u00eda. Que demuestran su peque\u00f1ez, simplemente al copiar de otro las palabras para denostar al que creen su enemigo a muerte, por el hecho de que el maestro los se\u00f1ala de esa manera.<\/p>\n<p>Lo anterior viene a cuento por lo que recientemente dijo el ex Presidente de Estados Unidos, Donald Trump, que no le cost\u00f3 trabajo doblar a su hom\u00f3logo mexicano, con la amenazas de imponer aranceles a las importaciones, si no actuaba para impedir el arribo de migrantes a la Uni\u00f3n Americana.<\/p>\n<p>De inmediato, la reacci\u00f3n consisti\u00f3 en enviar a casi 30 mil elementos de la Guardia Nacional que sirvieron como el muro que Trump prometi\u00f3 levantar en la frontera. En Tijuana, Morena celebr\u00f3 con bombo y platillo el trato obtenido, mientras Monreal tambi\u00e9n festejaba con declaraciones:<\/p>\n<p>\u201cEl acuerdo alcanzado es una buena noticia para el pa\u00eds\u201d. \u201cSe recupera la estabilidad econ\u00f3mica, se recobra la confianza y se genera la posibilidad de mayores inversiones extranjeras. \u201cSe demuestra que M\u00e9xico tiene un Presidente estadista, que prefiri\u00f3 la prudencia, la conducci\u00f3n pol\u00edtica y el di\u00e1logo frente a la confrontaci\u00f3n y la provocaci\u00f3n. \u201cBuen estadista quien nos gobierna\u201d.<\/p>\n<p>Son palabras de alguien que aspira a que el dedo del gran elector se pose en su figura, por m\u00e1s que \u00e9ste no parece tenerlo entre sus preferidos, a\u00fan con todos los elogios aduladores que el legislador le lanza. No son m\u00e1gicos.<\/p>\n<p>Pero en la \u00f3ptica de quienes no ven en Morena m\u00e1s que a una agrupaci\u00f3n pol\u00edtica cuyo due\u00f1o es el Presidente, las opiniones son bien distintas, m\u00e1s congruentes, m\u00e1s apegadas a la realidad.<\/p>\n<p>Francisco Moreno, michoacano por nacimiento y director ejecutivo del Consejo de Federaciones Mexicanas, con residencia en Los \u00c1ngeles, California, se\u00f1al\u00f3 que \u201cL\u00f3pez Obrador efectivamente se dobl\u00f3 ante la exigencia de Trump y ante la amenaza de los aranceles famosos. Puso a la orden de Estados Unidos a 28 mil soldados mexicanos de la Guardia Nacional para contener como muro humano a la migraci\u00f3n\u201d.<\/p>\n<p>\u00bfCu\u00e1l fue la respuesta de L\u00f3pez? \u201cAs\u00ed es \u00e9l\u201d, en lugar de hacer una justa y airada reclamaci\u00f3n gracias a su investidura de Presidente de un pa\u00eds vecino. M\u00e1s hoy, que Trump no ocupa ning\u00fan cargo en el gobierno del norte y que se expresa s\u00f3lo en su calidad de ex mandatario, pero como un ciudadano com\u00fan.<\/p>\n<p>Si tal declaraci\u00f3n hubiera sido de alg\u00fan funcionario mexicano o de alg\u00fan ciudadano, ya hubiera dedicado una sarta de ma\u00f1aneras en denostarlo y en condenarlo. Seguramente sabe que el peso de un Presidente es descomunal frente a cualquiera y aun as\u00ed, no ha medido consecuencias cuando sataniza a sus adversarios, como les llama. Ah\u00ed est\u00e1n los \u201ctraidores a la patria\u201d<strong>.<\/strong><\/p>\n<p><a href=\"mailto:ariosruiz@gmail.com\" target=\"_blank\" rel=\"noopener noreferrer\"><em>ariosruiz@gmail.com<\/em><\/a><\/p>\n","protected":false},"excerpt":{"rendered":"<p><span style=\"color: #005497;\"><strong>Armando R\u00edos Ruiz<\/strong><\/span><\/p>\n","protected":false},"author":3,"featured_media":0,"comment_status":"open","ping_status":"open","sticky":false,"template":"","format":"standard","meta":{"_monsterinsights_skip_tracking":false,"_monsterinsights_sitenote_active":false,"_monsterinsights_sitenote_note":"","_monsterinsights_sitenote_category":0,"footnotes":""},"categories":[88405],"tags":[88407,43674,91193],"class_list":["post-545187","post","type-post","status-publish","format-standard","hentry","category-armando-rios-ruiz","tag-armando-rios-ruiz","tag-opinion","tag-perfil-de-mexico"],"_links":{"self":[{"href":"https:\/\/www.diarioimagen.net\/index.php?rest_route=\/wp\/v2\/posts\/545187","targetHints":{"allow":["GET"]}}],"collection":[{"href":"https:\/\/www.diarioimagen.net\/index.php?rest_route=\/wp\/v2\/posts"}],"about":[{"href":"https:\/\/www.diarioimagen.net\/index.php?rest_route=\/wp\/v2\/types\/post"}],"author":[{"embeddable":true,"href":"https:\/\/www.diarioimagen.net\/index.php?rest_route=\/wp\/v2\/users\/3"}],"replies":[{"embeddable":true,"href":"https:\/\/www.diarioimagen.net\/index.php?rest_route=%2Fwp%2Fv2%2Fcomments&post=545187"}],"version-history":[{"count":0,"href":"https:\/\/www.diarioimagen.net\/index.php?rest_route=\/wp\/v2\/posts\/545187\/revisions"}],"wp:attachment":[{"href":"https:\/\/www.diarioimagen.net\/index.php?rest_route=%2Fwp%2Fv2%2Fmedia&parent=545187"}],"wp:term":[{"taxonomy":"category","embeddable":true,"href":"https:\/\/www.diarioimagen.net\/index.php?rest_route=%2Fwp%2Fv2%2Fcategories&post=545187"},{"taxonomy":"post_tag","embeddable":true,"href":"https:\/\/www.diarioimagen.net\/index.php?rest_route=%2Fwp%2Fv2%2Ftags&post=545187"}],"curies":[{"name":"wp","href":"https:\/\/api.w.org\/{rel}","templated":true}]}}