{"id":545295,"date":"2022-05-05T00:05:51","date_gmt":"2022-05-05T05:05:51","guid":{"rendered":"https:\/\/www.diarioimagen.net\/?p=545295"},"modified":"2022-05-06T01:24:16","modified_gmt":"2022-05-06T06:24:16","slug":"nuevos-programas-academicos-de-la-uaemex-atenderan-el-duelo-y-proteccion-de-derechos-humanos","status":"publish","type":"post","link":"https:\/\/www.diarioimagen.net\/?p=545295","title":{"rendered":"Nuevos programas acad\u00e9micos de la UAEM\u00e9x atender\u00e1n el duelo y protecci\u00f3n de Derechos Humanos\u00a0\u00a0"},"content":{"rendered":"<p><em>\u00a0<\/em><\/p>\n<ul>\n<li><strong><em>En sesi\u00f3n ordinaria del H. Consejo Universitario, fueron aprobados dos diplomados superiores que ofertar\u00e1n el CU Zumpango y la Facultad de Derecho<br \/>\na fin de atender temas de amplia pertinencia social <\/em><\/strong><\/li>\n<\/ul>\n<p>&nbsp;<\/p>\n<div id=\"attachment_545375\" style=\"width: 470px\" class=\"wp-caption aligncenter\"><a href=\"https:\/\/www.diarioimagen.net\/?attachment_id=545375\" rel=\"attachment wp-att-545375\"><img loading=\"lazy\" decoding=\"async\" aria-describedby=\"caption-attachment-545375\" class=\"size-full wp-image-545375\" src=\"https:\/\/www.diarioimagen.net\/wp-content\/uploads\/2022\/05\/uaem-4.jpg\" alt=\"\" width=\"460\" height=\"270\" \/><\/a><p id=\"caption-attachment-545375\" class=\"wp-caption-text\">Tomaron protesta directores de la Facultad de Ciencias, el Instituto de Estudios sobre la Universidad (IESU) y el Instituto de Ciencias Agropecuarias y Rurales (ICAR)<\/p><\/div>\n<p>&nbsp;<\/p>\n<p><strong>Tlalpan, Estado de M\u00e9xico.\u2014<\/strong> Nuevos programas acad\u00e9micos dedicados a la atenci\u00f3n de personas que atraviesan duelos tras la pandemia de COVID-19, as\u00ed como dar difusi\u00f3n y velar por la protecci\u00f3n de los derechos humanos, fueron aprobados por el H. Consejo Universitario de la Universidad Aut\u00f3noma del Estado de M\u00e9xico (UAEM\u00e9x), que preside el rector Carlos Eduardo Barrera D\u00edaz.<\/p>\n<p>En la Casa de Cultura en Tlalpan, recinto de la UAEM\u00e9x donde, de manera in\u00e9dita, se llev\u00f3 a cabo la sesi\u00f3n ordinaria correspondiente al mes de abril, se aprob\u00f3 la creaci\u00f3n del Diplomado Superior en Tanatolog\u00eda que ofertar\u00e1 el Centro Universitario Zumpango y que entre sus objetivos, destaca el dise\u00f1o de estrategias viables de acompa\u00f1amiento durante procesos de p\u00e9rdidas significativas.<\/p>\n<p>Al respecto, la Secretar\u00eda de Investigaci\u00f3n y Estudios Avanzados de la Aut\u00f3noma mexiquense, Martha Patricia Delgado Zarza a\u00f1adi\u00f3 la amplia pertinencia social de este programa que extiende la profesionalizaci\u00f3n de las personas dedicadas a la atenci\u00f3n de la salud para identificar y acompa\u00f1ar a quienes los requieran.<\/p>\n<p>Asimismo, fue aprobada la creaci\u00f3n del Diplomado Superior en Derechos Humanos y T\u00e9cnicas para su Justiciabilidad que ofrecer\u00e1 la Facultad de Derecho de la UAEM\u00e9x, y que tiene como objeto la profesionalizaci\u00f3n de expertos en aspectos jur\u00eddicos que logren la difusi\u00f3n y protecci\u00f3n de los derechos humanos.<\/p>\n<p>El director de dicho espacio acad\u00e9mico, Jos\u00e9 Dolores Alan\u00eds Tavira, subray\u00f3 que como que entre sus virtudes, este Diplomado Superior permite que los egresados de la carrera en Derecho adquieran la oportunidad de titularse.<\/p>\n<p>Durante esta sesi\u00f3n, tom\u00f3 protesta como Director de la Facultad de Ciencias de la UAEM\u00e9x, el Dr. Luis Enrique D\u00edaz S\u00e1nchez para el periodo 2022-2026, quien es integrante del Sistema Nacional de Investigadores (SNI), y en su trayectoria destaca una estancia postdoctoral en Alemania.<\/p>\n<p>Tambi\u00e9n, se design\u00f3 como Director del Instituto de Estudios sobre la Universidad (IESU) al Dr. en Estudios Sociales, Emilio Gerardo Arriaga \u00c1lvarez, que cuenta con amplia trayectoria acad\u00e9mica y es miembro del SNI. Por otro lado, el Dr. Humberto Thom\u00e9 Ortiz, tom\u00f3 protesta como director del Instituto de Ciencias Agropecuarias y Rurales (ICAR), y que ha sido autor y coautor de diversos libros y art\u00edculos en revistas indizadas.<\/p>\n<p>Tomaron protesta consejeros universitarios alumnos y alumnas de las facultades de Artes, Planeaci\u00f3n Urbana y Regional, Arquitectura y Dise\u00f1o, Contadur\u00eda y Administraci\u00f3n, Derecho, Ingenier\u00eda, Medicina Veterinaria y Zootecnia, Odontolog\u00eda, Qu\u00edmica, as\u00ed como los planteles \u201cSor Juana In\u00e9s de la Cruz\u201d y \u201cDr. Pablo Gonz\u00e1lez Casanova\u201d.<\/p>\n<p>Ante el H. Consejo Universitario, tomaron protesta consejeros profesores y profesoras\u00a0 de las facultades de Artes, Geograf\u00eda y Planeaci\u00f3n Urbana y Regional, Antropolog\u00eda, Arquitectura y Dise\u00f1o, Ciencias Agr\u00edcolas, Ciencias de la Conducta, Derecho, Lenguas, Odontolog\u00eda, Turismo y Gastronom\u00eda, as\u00ed como representante de la Escuela Preparatoria.<\/p>\n<p>Finalmente, el m\u00e1ximo \u00f3rgano colegiado de la instituci\u00f3n confirm\u00f3 las sanciones impuestas por la Comisi\u00f3n de Responsabilidades y Sanciones a dos docentes de la UAEM\u00e9x por incurrir en actos que atentan contra la legislaci\u00f3n universitaria; as\u00ed como, la aprobaci\u00f3n de sanciones a dos integrantes de la comunidad estudiantil por acreditarse la falta de ciberbullying. Con relaci\u00f3n a dichos dict\u00e1menes, la abogada general, Luz Mar\u00eda Consuelo Jaimes Legorreta, destac\u00f3 que su aprobaci\u00f3n ratifica la pol\u00edtica de cero tolerancia a la violencia de g\u00e9nero en la Aut\u00f3noma mexiquense.<\/p>\n","protected":false},"excerpt":{"rendered":"<p>Nuevos programas acad\u00e9micos dedicados a la atenci\u00f3n de personas que atraviesan duelos tras la pandemia de COVID-19, as\u00ed como dar difusi\u00f3n y velar por la protecci\u00f3n de los derechos humanos, fueron aprobados por el H. Consejo Universitario de la Universidad Aut\u00f3noma del Estado de M\u00e9xico (UAEM\u00e9x), que preside el rector Carlos Eduardo Barrera D\u00edaz.<\/p>\n","protected":false},"author":3,"featured_media":545375,"comment_status":"open","ping_status":"open","sticky":false,"template":"","format":"standard","meta":{"_monsterinsights_skip_tracking":false,"_monsterinsights_sitenote_active":false,"_monsterinsights_sitenote_note":"","_monsterinsights_sitenote_category":0,"footnotes":""},"categories":[5],"tags":[4340,43675,3217,67878],"class_list":["post-545295","post","type-post","status-publish","format-standard","has-post-thumbnail","hentry","category-estado-de-mexico","tag-derechos-humanos","tag-estado-de-mexico","tag-tlalpan","tag-uaemex"],"_links":{"self":[{"href":"https:\/\/www.diarioimagen.net\/index.php?rest_route=\/wp\/v2\/posts\/545295","targetHints":{"allow":["GET"]}}],"collection":[{"href":"https:\/\/www.diarioimagen.net\/index.php?rest_route=\/wp\/v2\/posts"}],"about":[{"href":"https:\/\/www.diarioimagen.net\/index.php?rest_route=\/wp\/v2\/types\/post"}],"author":[{"embeddable":true,"href":"https:\/\/www.diarioimagen.net\/index.php?rest_route=\/wp\/v2\/users\/3"}],"replies":[{"embeddable":true,"href":"https:\/\/www.diarioimagen.net\/index.php?rest_route=%2Fwp%2Fv2%2Fcomments&post=545295"}],"version-history":[{"count":0,"href":"https:\/\/www.diarioimagen.net\/index.php?rest_route=\/wp\/v2\/posts\/545295\/revisions"}],"wp:featuredmedia":[{"embeddable":true,"href":"https:\/\/www.diarioimagen.net\/index.php?rest_route=\/wp\/v2\/media\/545375"}],"wp:attachment":[{"href":"https:\/\/www.diarioimagen.net\/index.php?rest_route=%2Fwp%2Fv2%2Fmedia&parent=545295"}],"wp:term":[{"taxonomy":"category","embeddable":true,"href":"https:\/\/www.diarioimagen.net\/index.php?rest_route=%2Fwp%2Fv2%2Fcategories&post=545295"},{"taxonomy":"post_tag","embeddable":true,"href":"https:\/\/www.diarioimagen.net\/index.php?rest_route=%2Fwp%2Fv2%2Ftags&post=545295"}],"curies":[{"name":"wp","href":"https:\/\/api.w.org\/{rel}","templated":true}]}}