{"id":545300,"date":"2022-05-05T00:02:40","date_gmt":"2022-05-05T05:02:40","guid":{"rendered":"https:\/\/www.diarioimagen.net\/?p=545300"},"modified":"2022-05-05T04:58:01","modified_gmt":"2022-05-05T09:58:01","slug":"en-mexico-no-hay-libre-paso-se-aplican-leyes-migratorias-ebrard","status":"publish","type":"post","link":"https:\/\/www.diarioimagen.net\/?p=545300","title":{"rendered":"En M\u00e9xico no hay libre paso, se aplican leyes migratorias: Ebrard"},"content":{"rendered":"<p>&nbsp;<\/p>\n<ul>\n<li><strong><em>Acuerda con Estados Unidos iniciativa para la generaci\u00f3n de empleos<\/em><\/strong><\/li>\n<\/ul>\n<p>&nbsp;<\/p>\n<div id=\"attachment_545371\" style=\"width: 470px\" class=\"wp-caption aligncenter\"><a href=\"https:\/\/www.diarioimagen.net\/?attachment_id=545371\" rel=\"attachment wp-att-545371\"><img loading=\"lazy\" decoding=\"async\" aria-describedby=\"caption-attachment-545371\" class=\"size-full wp-image-545371\" src=\"https:\/\/www.diarioimagen.net\/wp-content\/uploads\/2022\/05\/ebrard.jpg\" alt=\"\" width=\"460\" height=\"270\" \/><\/a><p id=\"caption-attachment-545371\" class=\"wp-caption-text\">El canciller Marcelo Ebrard Casaubon, aclar\u00f3 que M\u00e9xico no permite el libre tr\u00e1nsito de personas extranjeras que no tengan un registro oficial.<\/p><\/div>\n<p>&nbsp;<\/p>\n<p>Tras su reuni\u00f3n con el secretario de Seguridad de Estados Unidos, Alejandro Mayorkas, y el secretario de Estado, Antony Blinken, el canciller Marcelo Ebrard Casaubon, dijo hoy que M\u00e9xico no permitir\u00e1 el libre tr\u00e1nsito de personas extranjeras que no tengan un registro oficial, pues, a\u00f1adi\u00f3, as\u00ed lo establece la ley.<\/p>\n<p>\u201cLo que hacemos en M\u00e9xico es aplicar nuestra ley, nuestro pa\u00eds no tiene libre tr\u00e1nsito para cualquier persona. T\u00fa llegas a M\u00e9xico y te tienes que registrar. Puedes pedir refugio, asilo o trabajo temporal, hay muchas formas, lo que no vamos a permitir es que se asuma que M\u00e9xico es un pa\u00eds donde pasa quien sea y no tengamos su identidad, porque si no, no podemos cumplir con nuestras obligaciones con las y los ciudadanos\u201d, expuso.<\/p>\n<p>Ebrard Casaubon dio a conocer que los gobiernos de M\u00e9xico y Estados Unidos acordaron trabajar en una iniciativa com\u00fan a corto plazo para la generaci\u00f3n de empleos en Centroam\u00e9rica.<\/p>\n<p>El canciller ofreci\u00f3 una conferencia de prensa luego de la reuni\u00f3n que sostuvo en Washington con el secretario de Seguridad de Estados Unidos, Alejandro Mayorkas, y el secretario de Estado, Antony Blinken.<\/p>\n<p>\u201cEn esta reuni\u00f3n logramos ponernos de acuerdo para preparar una iniciativa com\u00fan a corto plazo para generar empleos en Centroam\u00e9rica; tambi\u00e9n logramos ponernos de acuerdo para la Cumbre de las Am\u00e9ricas; e instalamos un equipo de trabajo para el tema migratorio a corto plazo\u201d, dijo Ebrard.<\/p>\n<p>El canciller agreg\u00f3 que la conversaci\u00f3n y los planes se tornaron rumbo a la posible desaparici\u00f3n del t\u00edtulo 42 del C\u00f3digo de Estados Unidos, una medida de expulsi\u00f3n inmediata de migrantes.<\/p>\n<p>\u201cDel t\u00edtulo 42, Mayorkas nos dijo que su perspectiva es que pueda haber un aumento del flujo migratorio. Qued\u00f3 en enviarnos una propuesta y lo vamos a revisar. Estados Unidos piensa que pueden tomarse algunas acciones, pero todav\u00eda no las conocemos a detalle\u201d, mencion\u00f3.<\/p>\n<p>Respecto al plan de generaci\u00f3n de empleos, Marcelo Ebrard adelant\u00f3 que una de las iniciativas sobre la mesa es el desarrollo de v\u00edas laborales de car\u00e1cter legal en Estados Unidos.<\/p>\n<p>\u201cSi por un lado hay una demanda de Estados Unidos para que haya fuerza de trabajo, pero no hay un car\u00e1cter legal, pues eso aumenta la migraci\u00f3n irregular\u201d, expuso.<\/p>\n<p>En este sentido, se\u00f1al\u00f3 que la estrategia para el desarrollo de Centroam\u00e9rica podr\u00eda generarse por parte de empresas y de los gobiernos.<\/p>\n<p>Ebrard insisti\u00f3 en que la propuesta del gobierno de M\u00e9xico para frenar los flujos migratorios hacia Estados Unidos es una \u201cinversi\u00f3n importante\u201d en Centroam\u00e9rica.<\/p>\n<p>El canciller resalt\u00f3 que la Cumbre de las Am\u00e9ricas, es un \u201clugar muy positivo\u201d para compartir puntos de vista. \u201cTambi\u00e9n sobre las nuevas situaciones geopol\u00edticas y econ\u00f3micas globales, y los riesgos geopol\u00edticos a los que debemos prestar atenci\u00f3n\u201d, ha indicado.<\/p>\n<p style=\"text-align: center;\"><strong>Encuentro en Washington<\/strong><\/p>\n<p>Despu\u00e9s del encuentro con el canciller mexicano, el secretario de Estado estadounidense asegur\u00f3 que la relaci\u00f3n entre M\u00e9xico y Estados Unidos, dos naciones con \u201cprofundas conexiones\u201d y \u201cuna agenda compartida\u201d, es \u201cvital\u201d para \u201cconstruir un mejor futuro\u201d y \u201cmejores oportunidades para todas las personas en el continente\u201d, lo que, seg\u00fan Blinken, si se consigue, \u201ctendr\u00e1 un mayor impacto en la migraci\u00f3n a largo plazo\u201d.<\/p>\n<p>\u201cNos unimos para construir una s\u00f3lida competitividad econ\u00f3mica en Am\u00e9rica del Norte, incluso mediante la construcci\u00f3n de cadenas de suministro m\u00e1s resistentes y el tratamiento de otros problemas que mejorar\u00e1n los medios de vida de los mexicanos y los estadounidenses por igual\u201d, ha se\u00f1alado, agregando que ambos pa\u00edses est\u00e1n trabajando \u201cde la mano\u201d todos los d\u00edas.<\/p>\n<p>Blinken tambi\u00e9n dijo que el encuentro se produce en el marco de la Cumbre de las Am\u00e9ricas, que se celebrar\u00e1 en junio en la ciudad de Los \u00c1ngeles. \u201cEstados Unidos y M\u00e9xico trabajar\u00e1n para dar forma y compartir con todos nuestros socios una agenda s\u00f3lida que, en \u00faltima instancia, tiene como objetivo demostrar que nuestras democracias pueden brindar resultados efectivos a nuestros pueblos\u201d, ha dicho.<\/p>\n","protected":false},"excerpt":{"rendered":"<p>Tras su reuni\u00f3n con el secretario de Seguridad de Estados Unidos, Alejandro Mayorkas, y el secretario de Estado, Antony Blinken, el canciller Marcelo Ebrard Casaubon, dijo hoy que M\u00e9xico no permitir\u00e1 el libre tr\u00e1nsito de personas extranjeras que no tengan un registro oficial, pues, a\u00f1adi\u00f3, as\u00ed lo establece la ley.<\/p>\n","protected":false},"author":3,"featured_media":545371,"comment_status":"open","ping_status":"open","sticky":false,"template":"","format":"standard","meta":{"_monsterinsights_skip_tracking":false,"_monsterinsights_sitenote_active":false,"_monsterinsights_sitenote_note":"","_monsterinsights_sitenote_category":0,"footnotes":""},"categories":[3],"tags":[95370,7350],"class_list":["post-545300","post","type-post","status-publish","format-standard","has-post-thumbnail","hentry","category-nacional","tag-antony-blinken","tag-marcelo-ebrard-casaubon"],"_links":{"self":[{"href":"https:\/\/www.diarioimagen.net\/index.php?rest_route=\/wp\/v2\/posts\/545300","targetHints":{"allow":["GET"]}}],"collection":[{"href":"https:\/\/www.diarioimagen.net\/index.php?rest_route=\/wp\/v2\/posts"}],"about":[{"href":"https:\/\/www.diarioimagen.net\/index.php?rest_route=\/wp\/v2\/types\/post"}],"author":[{"embeddable":true,"href":"https:\/\/www.diarioimagen.net\/index.php?rest_route=\/wp\/v2\/users\/3"}],"replies":[{"embeddable":true,"href":"https:\/\/www.diarioimagen.net\/index.php?rest_route=%2Fwp%2Fv2%2Fcomments&post=545300"}],"version-history":[{"count":0,"href":"https:\/\/www.diarioimagen.net\/index.php?rest_route=\/wp\/v2\/posts\/545300\/revisions"}],"wp:featuredmedia":[{"embeddable":true,"href":"https:\/\/www.diarioimagen.net\/index.php?rest_route=\/wp\/v2\/media\/545371"}],"wp:attachment":[{"href":"https:\/\/www.diarioimagen.net\/index.php?rest_route=%2Fwp%2Fv2%2Fmedia&parent=545300"}],"wp:term":[{"taxonomy":"category","embeddable":true,"href":"https:\/\/www.diarioimagen.net\/index.php?rest_route=%2Fwp%2Fv2%2Fcategories&post=545300"},{"taxonomy":"post_tag","embeddable":true,"href":"https:\/\/www.diarioimagen.net\/index.php?rest_route=%2Fwp%2Fv2%2Ftags&post=545300"}],"curies":[{"name":"wp","href":"https:\/\/api.w.org\/{rel}","templated":true}]}}