{"id":545302,"date":"2022-05-05T00:01:55","date_gmt":"2022-05-05T05:01:55","guid":{"rendered":"https:\/\/www.diarioimagen.net\/?p=545302"},"modified":"2022-05-06T01:23:49","modified_gmt":"2022-05-06T06:23:49","slug":"el-presidente-amlo-presenta-plan-para-contener-inflacion-en-menos-de-10-por-ciento","status":"publish","type":"post","link":"https:\/\/www.diarioimagen.net\/?p=545302","title":{"rendered":"El presidente AMLO presenta plan para contener inflaci\u00f3n en menos de 10 por ciento"},"content":{"rendered":"<p>&nbsp;<\/p>\n<h3 style=\"text-align: center;\">No tendr\u00e1 medidas coercitivas ni control de precios<\/h3>\n<p>&nbsp;<\/p>\n<ul>\n<li><strong><em>Es una alianza para garantizar que la canasta b\u00e1sica tenga un costo justo, se\u00f1ala<\/em><\/strong><\/li>\n<\/ul>\n<p>&nbsp;<\/p>\n<div id=\"attachment_545369\" style=\"width: 470px\" class=\"wp-caption aligncenter\"><a href=\"https:\/\/www.diarioimagen.net\/?attachment_id=545369\" rel=\"attachment wp-att-545369\"><img loading=\"lazy\" decoding=\"async\" aria-describedby=\"caption-attachment-545369\" class=\"size-full wp-image-545369\" src=\"https:\/\/www.diarioimagen.net\/wp-content\/uploads\/2022\/05\/CANASTA-BASICA.jpg\" alt=\"\" width=\"460\" height=\"270\" \/><\/a><p id=\"caption-attachment-545369\" class=\"wp-caption-text\">El presidente Andr\u00e9s Manuel L\u00f3pez Obrador present\u00f3 su plan para intentar contener la inflaci\u00f3n, el cual, aclar\u00f3, no tendr\u00e1 medidas coercitivas.<\/p><\/div>\n<p>&nbsp;<\/p>\n<p>El presidente Andr\u00e9s Manuel L\u00f3pez Obrador dio a conocer en su ma\u00f1anera de este mi\u00e9rcoles el Programa Contra la Inflaci\u00f3n y la Carest\u00eda (PACIC), el cual, aclar\u00f3, no tendr\u00e1 medidas coercitivas ni control de precios, sino acuerdos para garantizar que la canasta b\u00e1sica de alimentos tenga un precio justo.<\/p>\n<p>\u201cHoy vamos a dar a conocer un plan para enfrentar a inflaci\u00f3n, porque debemos de actuar, no quedarnos con los brazos cruzados, porque la inflaci\u00f3n afecta mucho la econom\u00eda y m\u00e1s a la gente de menos recursos, es un impuesto y tenemos que evitar la carest\u00eda de la vida\u201d, se\u00f1al\u00f3 L\u00f3pez Obrador.<\/p>\n<p>\u201cNo se trata de control de precios, se trata de una alianza para que la canasta b\u00e1sica de alimentos tenga un precio justo\u201d, asegur\u00f3 el mandatario.<\/p>\n<p>Destac\u00f3 que se hizo un llamando a distribuidores, comerciantes para hacerlo de manera conjunta, sin que se apliquen medidas coercitivas.<\/p>\n<p>\u201cHemos podido mantener sin un crecimiento desmedido la inflaci\u00f3n porque tomamos a tiempo la decisi\u00f3n a tiempo de controlar los precios de los combustibles\u201d, destac\u00f3.<\/p>\n<p>El sector privado colaborar\u00e1 con el gobierno en lo que respecta a la producci\u00f3n, distribuci\u00f3n, comercio exterior y otras medidas.<\/p>\n<p>Aunque se\u00f1al\u00f3 que el precio de los combustibles y la inflaci\u00f3n es menor en Estados Unidos, en lo que que tiene que ver con alimentos, en nuestro pa\u00eds se tiene un mayor incremento mayor<\/p>\n<p>Es por ello que se decidi\u00f3 actuar y no quedarse con los brazos cruzados ante el aumento de la inflaci\u00f3n, asegur\u00f3 el Presidente.<\/p>\n<p>El Presidente dijo que se evit\u00f3 un crecimiento desmedido de la inflaci\u00f3n porque \u201ctomamos a el controlar los precios de los combustibles, esto permiti\u00f3 tener una inflaci\u00f3n m\u00e1s baja que en Estados Unidos, de un punto menos.<\/p>\n<p>Sin embargo, dijo, en lo que tiene que ver con alimentos y otros bienes, \u201cah\u00ed tenemos un incremento mayor; por eso se tom\u00f3 la decisi\u00f3n en lo que tiene que ver con alimentos llamando a productores, distribuidores, comerciantes a que lo que hagamos de manera conjunta\u201d, subray\u00f3 el jefe del Ejecutivo.<\/p>\n<p style=\"text-align: center;\"><strong>Se busca que la inflaci\u00f3n no llegue al 10 por ciento<\/strong><\/p>\n<p>En su intervenci\u00f3n, el titular de Hacienda, Rogelio Ram\u00edrez de la O, explic\u00f3 que se plantea una serie de medidas para aumentar la producci\u00f3n de granos estrat\u00e9gicos en el pa\u00eds, la cual se enfocar\u00e1 en ma\u00edz, frijol y arroz, como parte del plan para enfrentar la elevada inflaci\u00f3n.<\/p>\n<p>\u201cPlanteamos ahora un aumento en la producci\u00f3n de granos. Este aumento en la producci\u00f3n de granos lo estamos presentando a las empresas privadas como otra contribuci\u00f3n por parte de los programas que ya est\u00e1n en el presupuesto del gobierno federal. Y estamos centr\u00e1ndolo en ma\u00edz, frijol y arroz\u201d, dijo el secretario.<\/p>\n<p>Mencion\u00f3 que \u201cla inflaci\u00f3n la est\u00e1 padeciendo todo el mundo\u201d, esto a partir de la pandemia por Covid-19 y se agrav\u00f3 por el conflicto entre Rusia y Ucrania, por lo que sin este plan la inflaci\u00f3n podr\u00eda llegar al 10 por ciento, que cerr\u00f3 la primera quincena de abril en el 7,72 % interanual, su mayor nivel en 21 a\u00f1os.<\/p>\n<p>En el marco de la presentaci\u00f3n del programa, Telcel y Bimbo se sumaron a Telmex y anunciaron que mantendr\u00e1n sus precios durante lo que resta de 2022.<\/p>\n<p>En la presentaci\u00f3n del programa estuvieron: Francisco Cervantes, presidente del Consejo Coordinador Empresarial (CCE); H\u00e9ctor Tejada Shaar, presidente de la Confederaci\u00f3n de C\u00e1maras Nacionales de Comercio, Servicios y Turismo (Concanaco-Servytur); Juan cortina Gallardo, del Consejo Nacional Agropecuario; Antonio Del Valle, presidente del Consejo Mexicano de negocios (CMN); Jos\u00e9 Medina Mora de Coparmex; Vicente Y\u00e1\u00f1ez, presidente de la Asociaci\u00f3n Nacional De Tiendas De Autoservicio Y Departamentales (ANTAD); Mauricio M. Garc\u00eda Mu\u00f1oz, de Con M\u00e9xico.<\/p>\n<p style=\"text-align: center;\"><strong>Principales puntos del plan<\/strong><\/p>\n<p>A continuaci\u00f3n los 7 puntos principales del plan contra la inflaci\u00f3n de L\u00f3pez Obrador:<\/p>\n<ol>\n<li>El Paquete Contra la Inflaci\u00f3n y la Carest\u00eda tiene una duraci\u00f3n estimada de 6 meses. En tanto, el gobierno y Hacienda esperan que tras su anuncio m\u00e1s productores, empresarios y comerciantes se \u00fanan.<\/li>\n<li>A trav\u00e9s del PACIC se estabiliza el precio de la gasolina y el di\u00e9sel por debajo del nivel de la inflaci\u00f3n, esto gracias al aumento del precio del petr\u00f3leo que exporta M\u00e9xico y donde se han registrado ganancias, mismas que se han usado para financiar el aumento en los costos de los combustibles.<\/li>\n<li>Se plante\u00f3 el aumento en la producci\u00f3n de ma\u00edz, arroz y frijol a las empresas privadas, as\u00ed como el aumento en la distribuci\u00f3n de fertilizante, la cual pasar\u00eda de cuatro a nueve estados.<\/li>\n<li>Se fortalecer\u00e1 la seguridad en las carreteras, con el fin de reducir el robo de mercanc\u00edas. Asimismo se garantiza no aumentar los peajes en carreteras a cargo de Capufe, de la misma manera que no habr\u00e1 aumento en tarifas ferroviarias y se reducir\u00e1n los tiempos y costos en el despacho aduanal.<\/li>\n<li>Se eliminan los aranceles a la importaci\u00f3n de productos b\u00e1sicos e insumos.<\/li>\n<li>Habr\u00e1 precios de garant\u00eda en ma\u00edz, frijol, arroz y leche, lo que afianzar\u00e1 la producci\u00f3n de estos alimentos. En tanto, se fortalecer\u00e1 el programa de abasto de Diconsa y Liconsa.<\/li>\n<li>Por un acercamiento \u201cespont\u00e1neo\u201d de Carlos Slim, Telmex y Telcel mantendr\u00e1n los precios de sus servicios de telefon\u00eda e internet por lo que resta del 2022.<\/li>\n<\/ol>\n<p style=\"text-align: center;\"><strong>L\u00f3pez Obrador inicia este jueves gira por Centroam\u00e9rica<\/strong><\/p>\n<p>En su primera gira por Centroam\u00e9rica, del 5 al 8 de mayo, el presidente L\u00f3pez Obrador se entrevistar\u00e1 en cuatro d\u00edas con los presidentes de Guatemala, El Salvador, Honduras, Belice y Cuba.<\/p>\n<p>De acuerdo a la agenda preliminar, el titular del Ejecutivo comenzar\u00e1 su gira en Guatemala, a donde arribar\u00e1 la tarde del jueves 5 de mayo, se entrevistar\u00e1 con el presidente guatemalteco, Alejandro Giammattei, y posteriormente dar\u00e1n un mensaje a medios.<\/p>\n<p>El viernes 6 de mayo partir\u00e1 de Guatemala rumbo a San Salvador, donde se reunir\u00e1 con el presidente salvadore\u00f1o, Nayib Bukele. Tras la reuni\u00f3n de los presidentes y sus comitivas habr\u00e1 un mensaje a medios de comunicaci\u00f3n.<\/p>\n<p>Por la tarde se dirigir\u00e1 a Tegucigalpa, Honduras, donde pernoctar\u00e1.<\/p>\n<p>La actividad en Tegucigalpa ser\u00e1 por la tarde e incluir\u00e1 una entrevista con la presidenta hondure\u00f1a, Xiomara Castro, y por la noche habr\u00e1 un mensaje a los medios de comunicaci\u00f3n, as\u00ed como una cena en honor a L\u00f3pez Obrador.<\/p>\n<p>En Guatemala, El Salvador y Honduras, el gobierno de M\u00e9xico ha implementado los programas Sembrando Vida y J\u00f3venes Construyendo el Futuro, con la intenci\u00f3n de generar empleos y desincentivar la migraci\u00f3n hacia M\u00e9xico y Estados Unidos.<\/p>\n<p>El 7 de mayo, L\u00f3pez Obrador llegar\u00e1 a Belice, donde se entrevistar\u00e1 con el Primer Ministro John Brice\u00f1o. Ah\u00ed se formalizar\u00e1 la implementaci\u00f3n del programa Sembrando Vida en ese pa\u00eds.<\/p>\n<p>Tras una comida, el presidente saldr\u00e1 rumbo a La Habana, Cuba, donde arribar\u00e1 por la noche.<\/p>\n<p>El domingo 8 de mayo, el presidente de M\u00e9xico colocar\u00e1 una ofrenda floral en el Monumento a Jos\u00e9 Mart\u00ed, posteriormente tendr\u00e1 una reuni\u00f3n privada con el presidente cubano Miguel D\u00edaz Canel Berm\u00fadez y posteriormente se reunir\u00e1n las comitivas de ambos pa\u00edses.<\/p>\n<p>Tras una comida entre ambos presidentes y sus comitivas, L\u00f3pez Obrador retornar\u00e1 a M\u00e9xico la noche del domingo.<\/p>\n<p>En la gira, el presidente estar\u00e1 acompa\u00f1ado del secretario de Relaciones Exteriores, Marcelo Ebrard.<\/p>\n","protected":false},"excerpt":{"rendered":"<p>El presidente Andr\u00e9s Manuel L\u00f3pez Obrador dio a conocer en su ma\u00f1anera de este mi\u00e9rcoles el Programa Contra la Inflaci\u00f3n y la Carest\u00eda (PACIC), el cual, aclar\u00f3, no tendr\u00e1 medidas coercitivas ni control de precios, sino acuerdos para garantizar que la canasta b\u00e1sica de alimentos tenga un precio justo.<\/p>\n","protected":false},"author":3,"featured_media":545369,"comment_status":"open","ping_status":"open","sticky":false,"template":"","format":"standard","meta":{"_monsterinsights_skip_tracking":false,"_monsterinsights_sitenote_active":false,"_monsterinsights_sitenote_note":"","_monsterinsights_sitenote_category":0,"footnotes":""},"categories":[8],"tags":[2545,83355,43678,932],"class_list":["post-545302","post","type-post","status-publish","format-standard","has-post-thumbnail","hentry","category-finanzas","tag-amlo","tag-contener","tag-finanzas","tag-inflacion"],"_links":{"self":[{"href":"https:\/\/www.diarioimagen.net\/index.php?rest_route=\/wp\/v2\/posts\/545302","targetHints":{"allow":["GET"]}}],"collection":[{"href":"https:\/\/www.diarioimagen.net\/index.php?rest_route=\/wp\/v2\/posts"}],"about":[{"href":"https:\/\/www.diarioimagen.net\/index.php?rest_route=\/wp\/v2\/types\/post"}],"author":[{"embeddable":true,"href":"https:\/\/www.diarioimagen.net\/index.php?rest_route=\/wp\/v2\/users\/3"}],"replies":[{"embeddable":true,"href":"https:\/\/www.diarioimagen.net\/index.php?rest_route=%2Fwp%2Fv2%2Fcomments&post=545302"}],"version-history":[{"count":0,"href":"https:\/\/www.diarioimagen.net\/index.php?rest_route=\/wp\/v2\/posts\/545302\/revisions"}],"wp:featuredmedia":[{"embeddable":true,"href":"https:\/\/www.diarioimagen.net\/index.php?rest_route=\/wp\/v2\/media\/545369"}],"wp:attachment":[{"href":"https:\/\/www.diarioimagen.net\/index.php?rest_route=%2Fwp%2Fv2%2Fmedia&parent=545302"}],"wp:term":[{"taxonomy":"category","embeddable":true,"href":"https:\/\/www.diarioimagen.net\/index.php?rest_route=%2Fwp%2Fv2%2Fcategories&post=545302"},{"taxonomy":"post_tag","embeddable":true,"href":"https:\/\/www.diarioimagen.net\/index.php?rest_route=%2Fwp%2Fv2%2Ftags&post=545302"}],"curies":[{"name":"wp","href":"https:\/\/api.w.org\/{rel}","templated":true}]}}