{"id":545335,"date":"2022-05-05T00:02:31","date_gmt":"2022-05-05T05:02:31","guid":{"rendered":"https:\/\/www.diarioimagen.net\/?p=545335"},"modified":"2022-05-05T02:53:11","modified_gmt":"2022-05-05T07:53:11","slug":"con-propuestas-de-oposicion-reforma-electoral-podria-tener-un-camino-distinto-al-de-la-electrica","status":"publish","type":"post","link":"https:\/\/www.diarioimagen.net\/?p=545335","title":{"rendered":"Con propuestas de oposici\u00f3n, reforma electoral podr\u00eda tener un camino distinto al de la el\u00e9ctrica"},"content":{"rendered":"<h2>La Retaguardia<\/h2>\n<h5>Adriana Moreno Cordero<\/h5>\n<p>&nbsp;<\/p>\n<p>Todo indicar\u00eda que la reforma electoral propuesta por el presidente <strong>Andr\u00e9s Manuel L\u00f3pez Obrador<\/strong>, que lleg\u00f3 al Senado de la Rep\u00fablica, tendr\u00e1 un trato muy diferente al que tuvo la controvertida reforma el\u00e9ctrica en la C\u00e1mara de Diputados y, no est\u00e1 de m\u00e1s se\u00f1alar, naci\u00f3 muerta, pero eso s\u00ed, no saldr\u00e1 como lo quer\u00eda el inquilino de Palacio Nacional, \u201csin cambiarle ni una coma\u201d.<\/p>\n<p>Y es que en la C\u00e1mara alta, el presidente de la Junta de Coordinaci\u00f3n Pol\u00edtica de esa instancia legislativa, <strong>Ricardo Monreal Avila<\/strong>, salud\u00f3 que el bloque opositor de la alianza \u201cVa por M\u00e9xico\u201d, haya presentado su propia iniciativa en materia electoral y m\u00e1s all\u00e1, se espera que en el Senado s\u00ed haya una verdadera discusi\u00f3n y de alguna manera as\u00ed lo adelant\u00f3 el legislador zacatecano al indicar que ambas propuestas, la presidencial y la de la oposici\u00f3n, bien podr\u00edan combinarse luego de tomar los aspectos positivos de cada una de ellas.<\/p>\n<p>Lo anterior, contraviene el discurso presidencial lleno de soberbia, por cierto, porque luego de que, -como se recordar\u00e1-, la reforma el\u00e9ctrica de L\u00f3pez Obrador fue echada abajo, el de Tepetit\u00e1n empez\u00f3 a respirar por la herida y se dedic\u00f3, junto con sus m\u00e1s radicales seguidores como el l\u00edder morenista, <strong>Mario Mart\u00edn Delgado,<\/strong> y su secretaria general, la siempre refinada <strong>Citlalli Hern\u00e1ndez<\/strong>, a descalificar e insultar a los 223 diputados de la oposici\u00f3n que votaron en contra de dicha reforma y eso que con toda anticipaci\u00f3n, los opositores anunciaron que as\u00ed lo har\u00edan. Ahora, \u00bfc\u00f3mo quiere el Presidente que a quienes insult\u00f3 y llam\u00f3 \u201ctraidores a la Patria\u201d, le aprueben esta nueva ocurrencia llamada la reforma electoral?, y menos, sin cambiarle nada.<\/p>\n<p>Con toda la situaci\u00f3n anterior, quedan demostradas un par de cuestiones. De entrada que el tambi\u00e9n coordinador de la bancada morenista en el Senado, supera en mucho en cuanto a oficio pol\u00edtico a su hom\u00f3logo en la C\u00e1mara de Diputados, <strong>Ignacio Mier Velazco<\/strong>, el inventor del \u201cfusilamiento pac\u00edfico\u201d a los 223 diputados que votaron en contra de la reforma el\u00e9ctrica.<\/p>\n<p>A diferencia de lo que ha sido la pol\u00edtica que surge desde Palacio Nacional, Monreal ha demostrado apertura, inclin\u00e1ndose siempre por los acuerdos y no por dividir. Unas clasesitas le deber\u00eda dar el senador Monreal a quien se conoce tambi\u00e9n como Nachito Mier.<\/p>\n<p>En otro tema, ayer tambi\u00e9n se hizo muy evidente que los integrantes de esta errada y llamada Cuarta Transformaci\u00f3n, est\u00e1n muy, pero muy preocupados por la galopante inflaci\u00f3n que ataca a nuestro pa\u00eds.<\/p>\n<p>C\u00f3mo estar\u00eda la cosa que hasta un inadvertido secretario de Hacienda y Cr\u00e9dito P\u00fablico, <strong>Rogelio Ram\u00edrez de la O<\/strong>, se aperson\u00f3 en el gustad\u00edsimo \u201cstand-up\u201d ma\u00f1anero\u00a0 para anunciar el plan lopezobradorista para intentar resolver este grave problema. Por su parte, en ese mismo foro, el presidente \u201cdescubri\u00f3 el hilo negro\u201d al se\u00f1alar: \u201cDebemos actuar, no quedarnos con los brazos cruzados porque la inflaci\u00f3n afecta mucho a la econom\u00eda, especialmente a la gente de escasos recursos\u2026 debemos evitar que haya carest\u00eda. No se trata de control de precios\u201d, asegur\u00f3 que era su plan presentado, no obstante, a los ojos de los especialistas econ\u00f3micos, se trata de una lista de medidas, varias de ellas recicladas como el precio de la gasolina y el di\u00e9sel, que esta errada y llamada Cuarta Transformaci\u00f3n viene subsidiando al costo que sea.<\/p>\n<p>Otro anuncio que pas\u00f3 sin pena ni gloria es que su tan \u201claureado\u201d programa \u201cSembrando vida\u201d, que no convence a nadie ni aqu\u00ed ni en el exterior, va a continuar.<\/p>\n<p>Quiz\u00e1s la parte m\u00e1s interesante es que lo planteado en cuanto a los precios de garant\u00eda, pero esta pol\u00edtica sirve cuando dichos precios van a la baja y no a la alza, como es el caso.<\/p>\n<p>L\u00f3pez Obrador propuso tambi\u00e9n implementar una estrategia de seguridad en carreteras as\u00ed como eficientar aduanas y puertos, pero quiz\u00e1s el mandatario mexicano no repara en que este tipo de medidas deber\u00edan ser permanentes y no de emergencia. Otro punto interesante, es la propuesta que hizo el tabasque\u00f1o para quitar aranceles a las importaciones. Esto es algo muy com\u00fan, -recuerdan los especialistas-, pr\u00e1cticamente en todo el mundo porque es una forma de tener protegido al sector agropecuario. El \u201cquid\u201d del asunto es que habr\u00e1 aranceles cero a 21 de los 24 productos de su canasta b\u00e1sica, pero y aqu\u00ed otra omisi\u00f3n del Presidente, esa medida no incide en la inflaci\u00f3n.<\/p>\n<p>Para infortunio, estas medidas no operar\u00e1n tan r\u00e1pidamente como lo esperar\u00eda esta errada y llamada Cuarta Transformaci\u00f3n y esto complica mucho la aplicaci\u00f3n de dicha medida.<\/p>\n<p>Ahora bien, hay productos agropecuarios que tienen aranceles importantes como por ejemplo, la papa, de un 75%; el lim\u00f3n, 20% y el\u00a0 frijol del 45% y si dichos aranceles se llevan a cero, de seguro habr\u00e1 las l\u00f3gicas reacciones por parte del sector agropecuario por lo que la pregunta es c\u00f3mo le van a hacer estos eficientes funcionarios lopezobradoristas: \u00bfel arancel cero durar\u00e1 solamente seis meses y luego al ponerlo de nuevo se impactar\u00e1n los precios, afectando al consumidor? Lo bueno es que si no hay aranceles, se incrementa la competencia, pero en esta errada y llamada Cuarta Transformaci\u00f3n, qui\u00e9n sabe qu\u00e9 es lo que pueda pasar. Finalmente, lo m\u00e1s grave es que no hay compromiso salarial en este programa planteado por L\u00f3pez Obrador y en comparaci\u00f3n con los pactos del pasado, se trata, coinciden los analistas, \u201cde un pactito\u201d.<\/p>\n<p style=\"text-align: center;\"><strong>Municiones<\/strong><\/p>\n<p>*** \u00a1Qu\u00e9 mala suerte tiene el secretario de Relaciones Exteriores, <strong>Marcelo Ebrard<\/strong>! Justo un d\u00eda despu\u00e9s de haberse reunido en Washington, con <strong>Antony Blinken<\/strong>, secretario de Estado del gobierno de Estados Unidos, el funcionario norteamericano dio positivo a Covid-19, por lo que el canciller mexicano se tuvo de inmediato que aplicarse la prueba PCR.<\/p>\n<p>*** M\u00e1s problemas para la jefa de Gobierno de la Ciudad de M\u00e9xico, <strong>Claudia Sheinbaum<\/strong> y su eterno dolor de cabeza tiene nombre: La tragedia de la L\u00ednea 12 del Metro. Ahora resulta que en ese af\u00e1n de buscar culpables y estarse \u201caventando la bolita\u201d unos a otros y nadie se quiere \u201cquemar con ella\u201d, la eficiente funcionaria capitalina inform\u00f3 que el tercer informe que present\u00f3 la empresa DNV sobre dicha tragedia, tiene problemas t\u00e9cnicos; es tendencioso y falso y acus\u00f3 de que la organizaci\u00f3n Mexicanos Contra la Corrupci\u00f3n meti\u00f3 la mano y supuestamente politiz\u00f3 el tema, por lo que activ\u00f3 la rescisi\u00f3n de contrato y m\u00e1s all\u00e1, una demanda civil contra DNV. Esta empresa extranjera respondi\u00f3 y conform\u00f3 que ya entreg\u00f3 el tercer informe causa-ra\u00edz elaborado por expertos, a tiempo y completo y no hubo participaci\u00f3n de nadie que pudiera tener un conflicto de inter\u00e9s. \u00bfSe va a poner Sheinbaum con \u201cSans\u00f3n a las patadas\u201d?<\/p>\n<p><u><a href=\"mailto:morcora@gmail.com\" target=\"_blank\" rel=\"noopener noreferrer\"><em>morcora@gmail.com<\/em><\/a><\/u><\/p>\n","protected":false},"excerpt":{"rendered":"<p><span style=\"color: #005497;\"><strong>Adriana Moreno Cordero<\/strong><\/span><\/p>\n","protected":false},"author":3,"featured_media":0,"comment_status":"open","ping_status":"open","sticky":false,"template":"","format":"standard","meta":{"_monsterinsights_skip_tracking":false,"_monsterinsights_sitenote_active":false,"_monsterinsights_sitenote_note":"","_monsterinsights_sitenote_category":0,"footnotes":""},"categories":[69370],"tags":[69369,69368,43674],"class_list":["post-545335","post","type-post","status-publish","format-standard","hentry","category-adriana-moreno-cordero","tag-adriana-moreno-cordero","tag-la-retaguardia","tag-opinion"],"_links":{"self":[{"href":"https:\/\/www.diarioimagen.net\/index.php?rest_route=\/wp\/v2\/posts\/545335","targetHints":{"allow":["GET"]}}],"collection":[{"href":"https:\/\/www.diarioimagen.net\/index.php?rest_route=\/wp\/v2\/posts"}],"about":[{"href":"https:\/\/www.diarioimagen.net\/index.php?rest_route=\/wp\/v2\/types\/post"}],"author":[{"embeddable":true,"href":"https:\/\/www.diarioimagen.net\/index.php?rest_route=\/wp\/v2\/users\/3"}],"replies":[{"embeddable":true,"href":"https:\/\/www.diarioimagen.net\/index.php?rest_route=%2Fwp%2Fv2%2Fcomments&post=545335"}],"version-history":[{"count":0,"href":"https:\/\/www.diarioimagen.net\/index.php?rest_route=\/wp\/v2\/posts\/545335\/revisions"}],"wp:attachment":[{"href":"https:\/\/www.diarioimagen.net\/index.php?rest_route=%2Fwp%2Fv2%2Fmedia&parent=545335"}],"wp:term":[{"taxonomy":"category","embeddable":true,"href":"https:\/\/www.diarioimagen.net\/index.php?rest_route=%2Fwp%2Fv2%2Fcategories&post=545335"},{"taxonomy":"post_tag","embeddable":true,"href":"https:\/\/www.diarioimagen.net\/index.php?rest_route=%2Fwp%2Fv2%2Ftags&post=545335"}],"curies":[{"name":"wp","href":"https:\/\/api.w.org\/{rel}","templated":true}]}}