{"id":545336,"date":"2022-05-05T00:03:12","date_gmt":"2022-05-05T05:03:12","guid":{"rendered":"https:\/\/www.diarioimagen.net\/?p=545336"},"modified":"2022-05-05T02:56:52","modified_gmt":"2022-05-05T07:56:52","slug":"las-dos-corcholatas-sucias","status":"publish","type":"post","link":"https:\/\/www.diarioimagen.net\/?p=545336","title":{"rendered":"Las dos \u201ccorcholatas\u201d sucias"},"content":{"rendered":"<h2>Centro..!<\/h2>\n<h5>Arturo R\u00edos Ruiz<\/h5>\n<p>&nbsp;<\/p>\n<ul>\n<li><strong><em>Claudia y Marcelo, manchados<\/em><\/strong><\/li>\n<li><strong><em>Comparten L\u00ednea 12 y m\u00e1s culpas<\/em><\/strong><\/li>\n<\/ul>\n<p>&nbsp;<\/p>\n<p>Dos de los destapados por AMLO, est\u00e1n manchados y tienen cochambre, su pasado los condena con la imagen sucia de sus actos que rayan en lo delictivo y que la brincaron, con el manto protector del propio Presidente, al que le deja una estela de complicidad.<\/p>\n<p>F\u00e1cil se deduce a quienes nos referimos: a Claudia Sheinbaum y aMarcelo Ebrard se les advierte que no deben gobernar desde la Presidencia, su pasado los censura como irresponsables al m\u00e1ximo, al grado que ni siquiera deber\u00edan estar en esa palestra. Su valija est\u00e1 muy gorda de males que los podr\u00edan acabar.<\/p>\n<p>Claudia:\u00a0\u00a0El 19 de septiembre de 2017 explot\u00f3 la tragedia en el colegio Enrique R\u00e9bsamen, sepultando a m\u00e1s de 40 personas.\u00a0La\u00a0estructura era \u201ccompletamente pobre\u201d, no contaba con columnas en las ampliaciones donde construyeron la casa de la directora y las paredes eran una \u201cporquer\u00eda\u201d. Asegur\u00f3 Carlos Vald\u00e9s Gonz\u00e1lez, titular del Centro Nacional de Prevenci\u00f3n de Desastres.<\/p>\n<p>La averiguaci\u00f3n previa acus\u00f3 al director de obra y a quienes resultaran responsables por las irregularidades en el otorgamiento de las licencias y la supervisi\u00f3n de las obras. Mientras que Shienbaum s\u00f3lo se deslind\u00f3 de los permisos en conferencia de prensa. Era la delegada.<\/p>\n<p>L\u00ednea 12:\u00a0Familiares de v\u00edctimas del desplome de hace un a\u00f1o, donde hubo 26 muertos y un centenar de heridos, presentaron un peritaje del ingeniero arquitecto Tom\u00e1s Andrade Ramos, que defini\u00f3 deficiencias en el mantenimiento como causa del desplome. A Claudia le tocaba ejercerlo.<\/p>\n<p>Marcelo: En 2004, como jefe de la polic\u00eda de la capital, a\u00a0tres uniformados, en Tl\u00e1huac, los golpearon, les rociaron gasolina y los quemaron vivos. Dos de ellos fallecieron en el lugar, mientras el tercero se debati\u00f3 entre la vida y la muerte en un hospital y a\u00fan se esconde.\u00a0Marcelo, lleg\u00f3 tarde y no tuvo explicaci\u00f3n convincente.<\/p>\n<p>En 2015, despu\u00e9s de salir del gobierno de la ciudad, sinti\u00f3 calambres con temor a Miguel \u00c1ngel Mancera, su sustituto, por desmanes en la L\u00ednea 12, y<strong>\u00a0<\/strong>sali\u00f3 de M\u00e9xico a Par\u00eds\u00a0en un vuelo de Lufthansa, al perder el acceso a una diputaci\u00f3n plurinominal.\u00a0Buscaba fuero.<\/p>\n<p>Ambos cuentan con la protecci\u00f3n del Presidente, es obvio, de lo contrario con todo y esas manchas tan negras no estar\u00edan ni siquiera en el gabinete, pero ah\u00ed los tenemos hasta elevados para la sucesi\u00f3n. Eso se llama complicidad.<\/p>\n<p>Pero, j\u00farelo lector, en su momento, esos antecedentes y otros m\u00e1s, manchar\u00e1n a cualquiera de los dos en caso de llegar a ser candidatos y la paliza ser\u00e1 fenomenal, son actos que los perseguir\u00e1n p\u00fablicamente por siempre y en su conciencia.<\/p>\n<p>Queda Ad\u00e1n, que no est\u00e1 limpio, como notario de AMLO, cometi\u00f3 anomal\u00edas para favorecer su jefe, como la supuesta \u201cherencia\u201d, de su esposa, del rancho que fue de su esposa Roc\u00edo Beltr\u00e1n Medina, ella muri\u00f3 intestada, que reparti\u00f3 entre el mismo AMLO y sus hijos.<\/p>\n<p><em><a href=\"mailto:rrrart2000@hotmail.com\" target=\"_blank\" rel=\"noopener noreferrer\">rrrart2000@hotmail.com<\/a><\/em><\/p>\n","protected":false},"excerpt":{"rendered":"<p><span style=\"color: #005497;\"><strong>Arturo R\u00edos Ruiz<\/strong><\/span><\/p>\n","protected":false},"author":3,"featured_media":0,"comment_status":"open","ping_status":"open","sticky":false,"template":"","format":"standard","meta":{"_monsterinsights_skip_tracking":false,"_monsterinsights_sitenote_active":false,"_monsterinsights_sitenote_note":"","_monsterinsights_sitenote_category":0,"footnotes":""},"categories":[82265],"tags":[82266,10806,43674],"class_list":["post-545336","post","type-post","status-publish","format-standard","hentry","category-arturo-rios-ruiz","tag-arturo-rios-ruiz","tag-centro","tag-opinion"],"_links":{"self":[{"href":"https:\/\/www.diarioimagen.net\/index.php?rest_route=\/wp\/v2\/posts\/545336","targetHints":{"allow":["GET"]}}],"collection":[{"href":"https:\/\/www.diarioimagen.net\/index.php?rest_route=\/wp\/v2\/posts"}],"about":[{"href":"https:\/\/www.diarioimagen.net\/index.php?rest_route=\/wp\/v2\/types\/post"}],"author":[{"embeddable":true,"href":"https:\/\/www.diarioimagen.net\/index.php?rest_route=\/wp\/v2\/users\/3"}],"replies":[{"embeddable":true,"href":"https:\/\/www.diarioimagen.net\/index.php?rest_route=%2Fwp%2Fv2%2Fcomments&post=545336"}],"version-history":[{"count":0,"href":"https:\/\/www.diarioimagen.net\/index.php?rest_route=\/wp\/v2\/posts\/545336\/revisions"}],"wp:attachment":[{"href":"https:\/\/www.diarioimagen.net\/index.php?rest_route=%2Fwp%2Fv2%2Fmedia&parent=545336"}],"wp:term":[{"taxonomy":"category","embeddable":true,"href":"https:\/\/www.diarioimagen.net\/index.php?rest_route=%2Fwp%2Fv2%2Fcategories&post=545336"},{"taxonomy":"post_tag","embeddable":true,"href":"https:\/\/www.diarioimagen.net\/index.php?rest_route=%2Fwp%2Fv2%2Ftags&post=545336"}],"curies":[{"name":"wp","href":"https:\/\/api.w.org\/{rel}","templated":true}]}}