{"id":545344,"date":"2022-05-05T00:01:55","date_gmt":"2022-05-05T05:01:55","guid":{"rendered":"https:\/\/www.diarioimagen.net\/?p=545344"},"modified":"2022-05-05T03:00:21","modified_gmt":"2022-05-05T08:00:21","slug":"amor-por-dictadores","status":"publish","type":"post","link":"https:\/\/www.diarioimagen.net\/?p=545344","title":{"rendered":"Amor por dictadores"},"content":{"rendered":"<h2>Precios y desprecios<\/h2>\n<h5>Freddy S\u00e1nchez<\/h5>\n<p>&nbsp;<\/p>\n<p>La relaci\u00f3n entre las naciones en el concierto mundial suele estar regulada por un pragmatismo a veces muy cercano a lo inmoral.<\/p>\n<p>Eso podr\u00eda explicar la raz\u00f3n por la que el gobierno de los Estados Unidos practica una doble moral con Venezuela. Por un lado, pactando acuerdos para negociar con su petr\u00f3leo y, por el otro, decidiendo no invitar al presidente Maduro a la Cumbre de las Am\u00e9ricas que se realizar\u00e1 en territorio norteamericano en el mes de junio.<\/p>\n<p>Lo mismo que el T\u00edo Sam estar\u00eda haciendo con otros dos presidentes. El de Nicaragua que es de sobra conocido por sus abusos de poder para perpetuarse en la presidencia habiendo llegado al grado no s\u00f3lo de reelegirse a placer, sino mandando encarcelar a sus contrincantes presidenciales. Y siendo el otro caso el del presidente de Cuba, que fiel a las ense\u00f1anzas de sus antecesores los hermanos Castro es intolerante con manifestantes callejeros que se deciden a inconformarse por el estado de cosas y su osad\u00eda ha dado lugar a que los remitan a las mazmorras carcelarias cubanas.<\/p>\n<p>As\u00ed las cosas, es de entender que Biden desapruebe que a la Cumbre de las Am\u00e9ricas asistan quienes no gozan de una reputaci\u00f3n democr\u00e1tica digna de encomio, sino todo lo contrario con lo que ello significa por la pr\u00e1ctica de continuos abusos a los derechos humanos en aquellos pa\u00edses.<\/p>\n<p>C\u00f3mo podr\u00edan los norteamericanos ser hospitalarios con los representantes de lo que su pol\u00edtica exterior com\u00fanmente repudia. El caso es que M\u00e9xico en este aspecto por lo visto se ha tenido que mover entre dos aguas.<\/p>\n<p>La de tratar de mantener una estrecha relaci\u00f3n con el gobierno de los estados Unidos con el que tenemos distintos intereses econ\u00f3micos y al mismo tiempo no distanciarse de aquellos pa\u00edses que no cuentan con la simpat\u00eda plena del vecino del norte.<\/p>\n<p>Las gira a Centroam\u00e9rica y el Caribe que emprende a partir de este d\u00eda el presidente Andr\u00e9s Manuel L\u00f3pez Obrador, es una fiel muestra de que el gobierno de M\u00e9xico despliega una pol\u00edtica de brazos abiertos no s\u00f3lo con los gobiernos fronterizos de nuestro pa\u00eds, sino con el cubano, cuyo suelo patrio ser\u00e1 visitado en correspondencia a la visita hecha por su presidente en fecha reciente a territorio nacional.<\/p>\n<p>Y adem\u00e1s de eso es de mencionar que Andr\u00e9s Manuel al referirse a la Cumbre de las Am\u00e9ricas\u00a0 a la que fue invitado por el gobierno de Estados Unidos, y a la que asistir\u00e1 seg\u00fan se sabe, hizo la solicitud de que se invite tambi\u00e9n a los presidentes de Cuba, Venezuela y Nicaragua.<\/p>\n<p>Una solicitud que si bien no ha sido definitivamente rechazada por Biden y su gobierno, ya hubo reacciones en desacuerdo declarando que los mandatarios mencionados no ser\u00e1n invitados, como lo pide AMLO.<\/p>\n<p>Es poco probable que de confirmarse la negativa, el Presidente mexicano pudiera decidir su no asistencia a la reuni\u00f3n en suelo del vecino del norte, pero queda claro que M\u00e9xico por conducto del m\u00e1ximo representante de nuestro pa\u00eds ha decidido conservar un trato fraterno con Venezuela, Nicaragua y Cuba. La invariable justificaci\u00f3n para ello ha sido la declaraci\u00f3n en el sentido de que nosotros hemos y seguiremos respetando los principios de la autodeterminaci\u00f3n de los pueblos, lo que no nos faculta para interferir en el manejo de los asuntos internos de cualquier pa\u00eds vecino. En ese aspecto, M\u00e9xico ha preferido la neutralidad y al mismo tiempo abogar por la abogar por la integraci\u00f3n armoniosa entre las naciones bajo la premisa de que el respeto al derecho ajeno es la paz.<\/p>\n<p>Y alentando por otro lado la idea de que la mejor pol\u00edtica exterior es la interior, que en la presidencia de Andr\u00e9s Manuel se ha pronunciado por los besos y los abrazos.<\/p>\n<p>Aunque algunos piensen que eso significa llegar a una especie de pragmatismo con doble moral.<\/p>\n<p>Y como consecuencia de ello poder llegar a incurrir en \u201codio\u201d por unos y amor por dictadores.<\/p>\n<p><em><a href=\"mailto:serviciospremier_vip@hotmail.com\" target=\"_blank\" rel=\"noopener noreferrer\">serviciospremier_vip@hotmail.com<\/a><\/em><\/p>\n","protected":false},"excerpt":{"rendered":"<p><span style=\"color: #005497;\"><strong>Freddy S\u00e1nchez<\/strong><\/span><\/p>\n","protected":false},"author":3,"featured_media":0,"comment_status":"open","ping_status":"open","sticky":false,"template":"","format":"standard","meta":{"_monsterinsights_skip_tracking":false,"_monsterinsights_sitenote_active":false,"_monsterinsights_sitenote_note":"","_monsterinsights_sitenote_category":0,"footnotes":""},"categories":[22959],"tags":[43710,43674,22960],"class_list":["post-545344","post","type-post","status-publish","format-standard","hentry","category-freddy-sanchez","tag-freddy-sanchez","tag-opinion","tag-precios-y-desprecios"],"_links":{"self":[{"href":"https:\/\/www.diarioimagen.net\/index.php?rest_route=\/wp\/v2\/posts\/545344","targetHints":{"allow":["GET"]}}],"collection":[{"href":"https:\/\/www.diarioimagen.net\/index.php?rest_route=\/wp\/v2\/posts"}],"about":[{"href":"https:\/\/www.diarioimagen.net\/index.php?rest_route=\/wp\/v2\/types\/post"}],"author":[{"embeddable":true,"href":"https:\/\/www.diarioimagen.net\/index.php?rest_route=\/wp\/v2\/users\/3"}],"replies":[{"embeddable":true,"href":"https:\/\/www.diarioimagen.net\/index.php?rest_route=%2Fwp%2Fv2%2Fcomments&post=545344"}],"version-history":[{"count":0,"href":"https:\/\/www.diarioimagen.net\/index.php?rest_route=\/wp\/v2\/posts\/545344\/revisions"}],"wp:attachment":[{"href":"https:\/\/www.diarioimagen.net\/index.php?rest_route=%2Fwp%2Fv2%2Fmedia&parent=545344"}],"wp:term":[{"taxonomy":"category","embeddable":true,"href":"https:\/\/www.diarioimagen.net\/index.php?rest_route=%2Fwp%2Fv2%2Fcategories&post=545344"},{"taxonomy":"post_tag","embeddable":true,"href":"https:\/\/www.diarioimagen.net\/index.php?rest_route=%2Fwp%2Fv2%2Ftags&post=545344"}],"curies":[{"name":"wp","href":"https:\/\/api.w.org\/{rel}","templated":true}]}}