{"id":545355,"date":"2022-05-05T00:12:24","date_gmt":"2022-05-05T05:12:24","guid":{"rendered":"https:\/\/www.diarioimagen.net\/?p=545355"},"modified":"2022-05-06T04:00:18","modified_gmt":"2022-05-06T09:00:18","slug":"monreal-se-define-no-soy-del-club-de-las-corcholatas","status":"publish","type":"post","link":"https:\/\/www.diarioimagen.net\/?p=545355","title":{"rendered":"Monreal se define: no soy del club de las <em>corcholatas<\/em>"},"content":{"rendered":"<h2>Tras la puerta del poder<\/h2>\n<h5>Roberto Vizca\u00edno<\/h5>\n<p>&nbsp;<\/p>\n<p>Ni reniega ni le preocupa a\u00a0<strong>Ricardo Monreal<\/strong>\u00a0las muestras de apoyo y menciones que hace el presidente\u00a0<strong>Andr\u00e9s Manuel L\u00f3pez Obrador<\/strong>\u00a0de\u00a0<strong>Claudia Sheinbaum<\/strong>, <strong>Ad\u00e1n Augusto<\/strong> y de <strong>Marcelo Ebrard<\/strong>\u00a0no es m\u00e1s que un ejemplo de que no forma parte de ese club.<\/p>\n<p>\u201cNo&#8230; no soy parte del club&#8230; pero tampoco\u00a0<em>soy corcholata\u201d<\/em>.<\/p>\n<p>A diferencia de ellos, dijo:<\/p>\n<p>\u201cSoy un hombre libre,\u00a0<strong>soy un hombre con autonom\u00eda en mis opiniones<\/strong>. Soy un hombre consciente de lo que est\u00e1 pasando en el pa\u00eds y soy un hombre que sue\u00f1a con la unidad de los mexicanos.<\/p>\n<p>\u201cMi compromiso principal es que los mexicanos estemos unidos en lo fundamental\u00a0<strong>y no estoy preocupado, porque, aun con la exclusi\u00f3n,\u00a0es un honor estar con Obrador<\/strong>\u201d, subraya.<\/p>\n<p>Interrogado sobre si de ser resultado excluido durante el proceso de selecci\u00f3n interna del candidato de Morena a la Presidencia en 2024, \u00e9l pensar\u00eda ir como abanderado de Movimiento Ciudadano, el zacatecano respondi\u00f3:<\/p>\n<p>\u201cNo, no estoy pensando ahora&#8230; Movimiento Ciudadano tiene sus propios candidatos y est\u00e1n muy bien.<\/p>\n<p>\u201cEl PAN tiene buenos candidatos, el PRI tiene buenos candidatos, el PRD tiene buenos candidatos y seguramente no les hace falta de fuera nadie. Van a tener su proceso interno y vamos a esperar\u201d.<\/p>\n<p>A inicios de esta semana el zacatecano invit\u00f3 a los 3 destapados por AMLO a llegar a acuerdos dentro del proceso de sucesi\u00f3n adelantada en Morena a fin de evitar rupturas y alejar as\u00ed el riesgo de una derrota en 2024.<\/p>\n<p style=\"text-align: center;\"><strong>Est\u00e1 de acuerdo con la reforma electoral de AMLO<\/strong><\/p>\n<p>Por lo dem\u00e1s se dijo de acuerdo con la iniciativa de reforma electoral enviada por el presidente\u00a0<strong>L\u00f3pez Obrador<\/strong>.<\/p>\n<p>De entrada consider\u00f3 que, de ser aprobada, lo cual deber\u00e1 ser el resultado de una gran negociaci\u00f3n interna con la oposici\u00f3n en la C\u00e1mara de Diputados y en el Senado, dijo, donde seguro habr\u00e1 de introducirse cambios y otras propuestas, esta reforma no alterar\u00e1 el proceso presidencial de 2024.<\/p>\n<p>\u201cAhora, yo s\u00ed estoy\u00a0<strong>de acuerdo en la elecci\u00f3n directa<\/strong>\u00a0y universal de los integrantes de \u00f3rganos electorales y del tribunal. Y estoy de acuerdo en la filosof\u00eda de la reforma de disminuir costos y de generar ahorros en las elecciones que son las m\u00e1s caras en el mundo, y estoy de acuerdo en que pudi\u00e9ramos&#8230;<\/p>\n<p>\u201cAhora se abandona el principio mixto con preponderante mayoritario de 300 distritos y 200 pluris, para establecer una sola\u00a0<strong>lista nacional o circunscripci\u00f3n<\/strong>\u00a0plurinominal, para elegir a los diputados y senadores en raz\u00f3n de su fuerza pol\u00edtica.<\/p>\n<p>\u201cEs interesante el planteamiento, es pr\u00e1cticamente\u00a0<strong>desaparecer la mayor\u00eda relativa<\/strong>\u00a0y dar paso a la\u00a0<strong>representaci\u00f3n proporcional<\/strong>. Pero lo que todos tenemos que hacer es un ejercicio de debate abierto, de debate serio, de debate inteligente\u201d, indic\u00f3.<\/p>\n<p>-Senador, hay quienes se\u00f1alan que se trata de un intento por controlar y restarle o eliminar la autonom\u00eda del hoy Instituto Nacional Electoral, y\u00a0<strong>cambiar las reglas del juego cuando viene una elecci\u00f3n presidencial,\u00a0<\/strong>porque normalmente se presentan en elecciones intermedias estas propuesta, \u201cqu\u00e9\u00a0\u00a0responde?<\/p>\n<p>\u201cYo les dir\u00eda que no es as\u00ed&#8230;. he participado en muchas reformas electorales y todas ellas han tenido una repercusi\u00f3n importante, desde 1989-90, cuando se cre\u00f3 por vez primera el \u00f3rgano electoral independiente y aut\u00f3nomo; y es para m\u00ed una evoluci\u00f3n de lo que han sido los institutos electorales que organizan las elecciones.<\/p>\n<p>-\u00bfNo es un control?<\/p>\n<p>\u201cNo me parece que sea un control, es una exageraci\u00f3n afirmar eso.\u00a0<strong>No habr\u00eda forma de controlar a quienes surgen de un proceso legitimado por la sociedad, por elecci\u00f3n popular.<\/strong>\u00a0No habr\u00eda tal cosa, desde mi punto de vista\u201d.<\/p>\n<p>\u2014Pero los nuevos consejeros saldr\u00edan de propuestas de autoridades y partidos donde Morena es dominante o mayor\u00eda&#8230;<\/p>\n<p>\u201cLas propuestas son a petici\u00f3n o a intervenci\u00f3n de los \u00f3rganos de los Poderes de la Uni\u00f3n, \u00f3rganos del Estado convertidos en Poderes de la Uni\u00f3n.<\/p>\n<p>\u201cNo hay posibilidades, es muy complicado, es muy dif\u00edcil. Yo creo que eso garantiza que sean imparciales, probos y honestos, el que sean por elecci\u00f3n popular&#8230;<\/p>\n<p>\u201cS\u00ed quiero ser muy franco, en el caso de la eliminaci\u00f3n del financiamiento ordinario s\u00ed afecta a los partidos porque no tendr\u00e1n recursos para sus actividades ordinarias; ah\u00ed s\u00ed.<\/p>\n<p>\u201cPero en el caso de la plurinominal, no desaparece, al contrario, se convierte en un sistema de proporcionalidad puro, se abandona el de mayor\u00eda relativa y ahora ser\u00e1n por listas, como se elijan, de acuerdo con la votaci\u00f3n que se emita a favor de un partido pol\u00edtico. Esa es la diferencia.<\/p>\n<p>\u201cYo no le veo dificultad, creo que puede transitar y est\u00e1 madura la sociedad para que los partidos pol\u00edticos puedan tener la representaci\u00f3n que la sociedad quiere\u201d.<\/p>\n<p>-O Sea, \u00bfel partido que funcione, que prevalezca, el que no, que desaparezca?.<\/p>\n<p>Monreal:\u00a0<strong>As\u00ed es<\/strong>.<\/p>\n<p style=\"text-align: center;\"><strong>Fue oportuno, es positivo<\/strong><\/p>\n<p>En cuanto al acuerdo entre empresarios y gobierno para combatir la carest\u00eda y la inflaci\u00f3n, Monreal subray\u00f3:<\/p>\n<p>\u201cPrimero, no existe control de precios, por tanto, no hay distorsi\u00f3n en el mercado.<\/p>\n<p>\u201cSegundo, me pareci\u00f3 muy importante que sea un plan, un acuerdo que estimula la producci\u00f3n; pues se enfoca en aumentar la oferta y con ello disminuir los precios de los bienes se\u00f1alados.<\/p>\n<p>\u201cTercero, genera incentivos para que el consumo de los bienes se garantice para las familias, sin que esto impacte en un aumento de precios.<\/p>\n<p>\u201cY cuarto, mediante la liberaci\u00f3n de aranceles, se disminuyen precios de tales bienes, facilitando el intercambio comercial y haciendo m\u00e1s atractivo el entorno econ\u00f3mico internacional\u201d.<\/p>\n<p>Destac\u00f3 igualmente que se haya puesto como plazo 6 meses y de que se acuerde estabilizar, mediante subsidios, el precio de gasolina y el diesel al tiempo que se propone aumentar la producci\u00f3n de ma\u00edz, arroz y frijol.<\/p>\n<p>Al eliminarse los aranceles en ma\u00edz, arroz, frijol y leche, indic\u00f3, va a ser ben\u00e9fico y aumenta tambi\u00e9n la distribuci\u00f3n en los fertilizantes.<\/p>\n<p>\u201cUna cosa importante que yo podr\u00eda destacar, es que se elimina la cuota compensatoria para la importaci\u00f3n de sulfato de amonio y se fortalece la seguridad en carreteras para evitar el robo de mercanc\u00edas. Se garantiza no aumentar los peajes en carreteras, a cargo de Capufe&#8230;. a m\u00ed me parece una medida correcta, oportuna e indispensable, orientada hacia las familias m\u00e1s vulnerables del pa\u00eds. Esperamos que tenga resultados positivos de inmediato.<\/p>\n<p><em><a href=\"mailto:rvizcainoa@gmail.com\" target=\"_blank\" rel=\"noopener noreferrer\">vizcainoa@gmail.com<\/a><a href=\"mailto:rvizcainoa@gmail.com\" target=\"_blank\" rel=\"noopener noreferrer\"><br \/>\n<\/a><a href=\"http:\/\/endirecto.mx\" target=\"_blank\" rel=\"noopener noreferrer\">www.endirecto.mx<\/a><a href=\"mailto:rvizcainoa@gmail.com\" target=\"_blank\" rel=\"noopener noreferrer\"><br \/>\n<\/a><a href=\"https:\/\/twitter.com\/_rvizcaino\" target=\"_blank\" rel=\"noopener noreferrer\">@_RVizcaino<\/a><a href=\"mailto:rvizcainoa@gmail.com\" target=\"_blank\" rel=\"noopener noreferrer\"><br \/>\n<\/a><a href=\"https:\/\/www.facebook.com\/rvizcainoa\" target=\"_blank\" rel=\"noopener noreferrer\">facebook.com\/rvizcainoa<\/a><\/em><\/p>\n","protected":false},"excerpt":{"rendered":"<p><span style=\"color: #005497;\"><strong>Roberto Vizca\u00edno<\/strong><\/span><br \/>\n<br \/>\nNi reniega ni le preocupa a <strong>Ricardo Monreal<\/strong> las muestras de apoyo y menciones que hace el presidente <strong>Andr\u00e9s Manuel L\u00f3pez Obrador<\/strong> de <strong>Claudia Sheinbaum<\/strong>, <strong>Ad\u00e1n Augusto<\/strong> y de <strong>Marcelo Ebrard<\/strong> no es m\u00e1s que un ejemplo de que no forma parte de ese club.<\/p>\n","protected":false},"author":3,"featured_media":0,"comment_status":"open","ping_status":"open","sticky":false,"template":"","format":"standard","meta":{"_monsterinsights_skip_tracking":false,"_monsterinsights_sitenote_active":false,"_monsterinsights_sitenote_note":"","_monsterinsights_sitenote_category":0,"footnotes":""},"categories":[136],"tags":[43674,93,94],"class_list":["post-545355","post","type-post","status-publish","format-standard","hentry","category-roberto-vizcaino-opinion","tag-opinion","tag-roberto-vizcaino","tag-tras-la-puerta-del-poder"],"_links":{"self":[{"href":"https:\/\/www.diarioimagen.net\/index.php?rest_route=\/wp\/v2\/posts\/545355","targetHints":{"allow":["GET"]}}],"collection":[{"href":"https:\/\/www.diarioimagen.net\/index.php?rest_route=\/wp\/v2\/posts"}],"about":[{"href":"https:\/\/www.diarioimagen.net\/index.php?rest_route=\/wp\/v2\/types\/post"}],"author":[{"embeddable":true,"href":"https:\/\/www.diarioimagen.net\/index.php?rest_route=\/wp\/v2\/users\/3"}],"replies":[{"embeddable":true,"href":"https:\/\/www.diarioimagen.net\/index.php?rest_route=%2Fwp%2Fv2%2Fcomments&post=545355"}],"version-history":[{"count":0,"href":"https:\/\/www.diarioimagen.net\/index.php?rest_route=\/wp\/v2\/posts\/545355\/revisions"}],"wp:attachment":[{"href":"https:\/\/www.diarioimagen.net\/index.php?rest_route=%2Fwp%2Fv2%2Fmedia&parent=545355"}],"wp:term":[{"taxonomy":"category","embeddable":true,"href":"https:\/\/www.diarioimagen.net\/index.php?rest_route=%2Fwp%2Fv2%2Fcategories&post=545355"},{"taxonomy":"post_tag","embeddable":true,"href":"https:\/\/www.diarioimagen.net\/index.php?rest_route=%2Fwp%2Fv2%2Ftags&post=545355"}],"curies":[{"name":"wp","href":"https:\/\/api.w.org\/{rel}","templated":true}]}}