{"id":545488,"date":"2022-05-06T00:05:49","date_gmt":"2022-05-06T05:05:49","guid":{"rendered":"https:\/\/www.diarioimagen.net\/?p=545488"},"modified":"2022-05-06T03:43:49","modified_gmt":"2022-05-06T08:43:49","slug":"las-responsabilidades-de-serrania","status":"publish","type":"post","link":"https:\/\/www.diarioimagen.net\/?p=545488","title":{"rendered":"Las responsabilidades de Serran\u00eda"},"content":{"rendered":"<h2>Perfil de M\u00e9xico<\/h2>\n<h5>Armando R\u00edos Ruiz<\/h5>\n<p>&nbsp;<\/p>\n<p>El d\u00eda 3 de mayo o hace tres d\u00edas, cumpli\u00f3 un a\u00f1o la tragedia que enlut\u00f3 a 25 o 26 familias, de acuerdo con lo que se dijo esa vez, a causa del accidente en la L\u00ednea 12 del Metro, siempre cuestionada desde la construcci\u00f3n a cargo del entonces jefe de Gobierno, Marcelo Ebrard, cuyo costo se elev\u00f3 estratosf\u00e9ricamente por pago de trenes con sobreprecio y que motiv\u00f3 que el pol\u00edtico huyera a Francia, hasta que fue rescatado por la 4T.<\/p>\n<p>Hasta hoy, parece que el tiempo se detuvo en este penoso caso, debido a que no ha aparecido un solo culpable. Gabriel Regino, abogado\u00a0 de Enrique Horcasitas, director del Proyecto Metro, s\u00f3lo se ha referido a funcionarios menores. No a otros de mayor responsabilidad, que visiblemente tuvieron que ver en el accidente y que hoy ostentan cargos que los convierten en intocables.<\/p>\n<p>Existen dos que presuntamente deben tener alguna obligaci\u00f3n: la jefa de Gobierno, Claudia Sheinbaum, y el canciller Marcelo Ebrard. Ambos gozan de cabal salud, dedicados m\u00e1s que nada a ganar la carrera presidencial. La primera imitando en todo a su protector y haciendo campa\u00f1a cada vez que puede, olvidada de los asuntos que le competen, que no deben ser importantes y el segundo, con ingreso reciente en el mismo quehacer.<\/p>\n<p>Sin embargo, en estos d\u00edas, la jefa de Gobierno ha dado en hacer declaraciones totalmente alejadas de la realidad y de la verg\u00fcenza. Pero nada ha dicho del perd\u00f3n otorgado a su amiga Florencia Serran\u00eda, a quien design\u00f3 directora del Metro (Hasta en esto copi\u00f3 a su mentor). No obstante, la directora dej\u00f3 mucho qu\u00e9 desear en materia de capacidad, durante su \u00faltimo encargo. Pero como todo lo que ocurre en la presente administraci\u00f3n, los amigos son buenos para desempe\u00f1ar los cargos m\u00e1s delicados, o bien para exonerar las pifias de quien los encumbra, en las instancias de impartici\u00f3n y procuraci\u00f3n de justicia, hasta que ocurre una tragedia de la dimensi\u00f3n de la que ocurri\u00f3 en la l\u00ednea 12, en donde la encargada ya hab\u00eda dado muestras claras, cuando fue necesario, de no tener la menor idea del manejo del Metro.<\/p>\n<p>Su paso en ese cargo estuvo plagado de incidentes que demandaban simplemente su calidad humana, como el caso de una pasajera que sufri\u00f3 un infarto cerebral. Lejos de recibir ayuda, fue arrastrada y abandonada dentro de la estaci\u00f3n, hasta que al d\u00eda siguiente, luego de 28 horas, una ambulancia la rescat\u00f3 y por m\u00e1s esfuerzos que hicieron los m\u00e9dicos, finalmente muri\u00f3. En marzo de 2019 hubo fallas de las escaleras el\u00e9ctricas, que dejaron a ocho usuarios lesionados. Parte de los trabajadores trabajaron en la ayuda a personas que caminaban con dificultad, para salir del lugar. Diferentes fallas se dieron casi inmediatamente despu\u00e9s, en diferentes l\u00edneas y se dijo que muchas escaleras ser\u00edan sustituidas con un costo de 270 millones de pesos.<\/p>\n<p>En otra ocasi\u00f3n,\u00a0 un tren detenido en la estaci\u00f3n Observatorio, comenz\u00f3 a deslizarse y choc\u00f3 con otro estacionado en Tacubaya. Hubo un muerto y 41 heridos.\u00a0 Durante varios d\u00edas, el servicio de Observatorio a Chapultepec estuvo suspendido. El gobierno de la Ciudad de M\u00e9xico\u00a0 dispuso de autobuses y hasta de patrullas para trasladar a los miles de usuarios.<\/p>\n<p>La gota que derram\u00f3 el vaso en el que se encontraba metida do\u00f1a Florencia, fue lo ocurrido en la l\u00ednea 12. Los diferentes dict\u00e1menes de por qu\u00e9, no han sido claros del todo. Quiz\u00e1 porque la autoridad superior pidi\u00f3 que as\u00ed ocurriera, recargada en la expresi\u00f3n de que \u201cel que paga manda\u201d.<\/p>\n<p>Hay denuncias en su contra por lo que ocurri\u00f3 hace un a\u00f1o. \u00bfY\u2026?<\/p>\n<p>El caso es que, con responsabilidad de por medio, permanece lejos de la acci\u00f3n de la justicia, que ya deber\u00eda haber abierto una investigaci\u00f3n exhaustiva para determinar con precisi\u00f3n, qui\u00e9nes tuvieron alguna culpa. Es obvio que los que han demandado semejante acci\u00f3n, jam\u00e1s la ver\u00e1n prosperar, porque quienes pudieran aparecer como responsables, son quienes tienen el poder de desviar los resultados como les parezca.<\/p>\n<p><a href=\"mailto:ariosruiz@gmail.com\" target=\"_blank\" rel=\"noopener noreferrer\"><em>ariosruiz@gmail.com<\/em><\/a><\/p>\n","protected":false},"excerpt":{"rendered":"<p><span style=\"color: #005497;\"><strong>Armando R\u00edos Ruiz<\/strong><\/span><\/p>\n","protected":false},"author":3,"featured_media":0,"comment_status":"open","ping_status":"open","sticky":false,"template":"","format":"standard","meta":{"_monsterinsights_skip_tracking":false,"_monsterinsights_sitenote_active":false,"_monsterinsights_sitenote_note":"","_monsterinsights_sitenote_category":0,"footnotes":""},"categories":[88405],"tags":[88407,43674,91193],"class_list":["post-545488","post","type-post","status-publish","format-standard","hentry","category-armando-rios-ruiz","tag-armando-rios-ruiz","tag-opinion","tag-perfil-de-mexico"],"_links":{"self":[{"href":"https:\/\/www.diarioimagen.net\/index.php?rest_route=\/wp\/v2\/posts\/545488","targetHints":{"allow":["GET"]}}],"collection":[{"href":"https:\/\/www.diarioimagen.net\/index.php?rest_route=\/wp\/v2\/posts"}],"about":[{"href":"https:\/\/www.diarioimagen.net\/index.php?rest_route=\/wp\/v2\/types\/post"}],"author":[{"embeddable":true,"href":"https:\/\/www.diarioimagen.net\/index.php?rest_route=\/wp\/v2\/users\/3"}],"replies":[{"embeddable":true,"href":"https:\/\/www.diarioimagen.net\/index.php?rest_route=%2Fwp%2Fv2%2Fcomments&post=545488"}],"version-history":[{"count":0,"href":"https:\/\/www.diarioimagen.net\/index.php?rest_route=\/wp\/v2\/posts\/545488\/revisions"}],"wp:attachment":[{"href":"https:\/\/www.diarioimagen.net\/index.php?rest_route=%2Fwp%2Fv2%2Fmedia&parent=545488"}],"wp:term":[{"taxonomy":"category","embeddable":true,"href":"https:\/\/www.diarioimagen.net\/index.php?rest_route=%2Fwp%2Fv2%2Fcategories&post=545488"},{"taxonomy":"post_tag","embeddable":true,"href":"https:\/\/www.diarioimagen.net\/index.php?rest_route=%2Fwp%2Fv2%2Ftags&post=545488"}],"curies":[{"name":"wp","href":"https:\/\/api.w.org\/{rel}","templated":true}]}}