{"id":545505,"date":"2022-05-06T00:12:16","date_gmt":"2022-05-06T05:12:16","guid":{"rendered":"https:\/\/www.diarioimagen.net\/?p=545505"},"modified":"2022-05-09T05:26:54","modified_gmt":"2022-05-09T10:26:54","slug":"hay-o-no-gato-encerrado-en-la-reforma-electoral-de-amlo","status":"publish","type":"post","link":"https:\/\/www.diarioimagen.net\/?p=545505","title":{"rendered":"\u00bfHay o no\u00a0gato encerrado\u00a0en la reforma electoral de AMLO?"},"content":{"rendered":"<h2>Tras la puerta del poder<\/h2>\n<h5>Roberto Vizca\u00edno<\/h5>\n<p>&nbsp;<\/p>\n<p>En este mismo espacio preguntaba yo el lunes anterior: \u00bf<strong>Por qu\u00e9 presentar<\/strong>\u00a0una reforma constitucional electoral condenada al fracaso?<\/p>\n<p>Y advert\u00eda que antes que los cuestionamientos y los posibles alcances de esa iniciativa,\u00a0<strong>esa era\/es la (verdadera) interrogante<\/strong>\u00a0en este caso,<\/p>\n<p>Conclu\u00ed que sin los votos constitucionales suficientes en San L\u00e1zaro ni en el Senado para sacar adelante esta reforma, <strong>Andr\u00e9s Manuel L\u00f3pez Obrador<\/strong>\u00a0la lanzaba con otro fin.<\/p>\n<p><strong>No nos enredemos<\/strong>: La obviedad nos dice que\u00a0<strong>AMLO<\/strong>\u00a0no quiere ni le interesa la aprobaci\u00f3n de su reforma electoral en el Congreso&#8230; Lo que busca es&#8230;\u00a0<strong>llevar a extremos la polarizaci\u00f3n<\/strong>\u00a0y\u00a0<strong>activaci\u00f3n de sus casi 15 millones de seguidores<\/strong>, su base electoral inamovible, esa que estar\u00eda incluso dispuesta a morir por defenderlo&#8230;\u00a0<strong><em>\u00e9se es el eje de todo esto<\/em><\/strong>&#8230;<\/p>\n<p>\u201cPara eso no necesita desaparecer al INE ni aprobar su reforma electoral. S\u00f3lo debilitar al m\u00e1ximo a todas las instituciones que integran el sistema electoral. Sin duda a la oposici\u00f3n integrada en la Alianza por M\u00e9xico (PAN, PRI, PRD y MC) y darle la puntilla a la cr\u00edtica que proviene de los medios\u201d.<\/p>\n<p>Durante la semana muchos otros profundizaron en medios y redes sociales sobre el tema para llegar a conclusiones similares:<\/p>\n<p><strong>Luis Carlos Ugalde<\/strong>, ex presidente del IFE consider\u00f3 incluso que la propuesta de\u00a0<strong>AMLO<\/strong>\u00a0era por dem\u00e1s inconveniente para la democracia en M\u00e9xico.<\/p>\n<p><strong>H\u00e9ctor Aguilar Cam\u00edn<\/strong>, uno de los periodistas-intelectuales m\u00e1s cr\u00edticos de la 4T, y m\u00e1s\u00a0<strong>aporreados por L\u00f3pez Obrador <\/strong>desde sus ma\u00f1aneras, escribi\u00f3 en su habitual <em>D\u00eda con D\u00eda<\/em> en <em>Milenio<\/em> el mi\u00e9rcoles, y bajo la cabeza de\u00a0<strong><em>Polarizar<\/em><\/strong>, que:<\/p>\n<p>\u201cTodo esto tiene la l\u00f3gica\u00a0<strong>de polarizar<\/strong>\u00a0<strong>la contienda electoral de modo que se vuelva un plebiscito<\/strong>. El Presidente parece estar seguro de que en un mano a mano plebiscitario todav\u00eda tiene los votos suficientes para ganar. Yo, la verdad, lo dudo mucho. Creo que ese tren ya pas\u00f3\u201d.<\/p>\n<p><strong>Federico Reyes Heroles <\/strong>escribi\u00f3 ayer en <strong><em>Exc\u00e9lsior<\/em>:<\/strong><\/p>\n<p>\u201cAlgo no cuadra, es demasiado burdo (en lo de enviar una iniciativa que nace del fracaso)&#8230;\u00a0\u00a0O\u00a0quiz\u00e1 partimos de un supuesto falso: (AMLO) jam\u00e1s dese\u00f3 la unidad del pa\u00eds, jam\u00e1s quiso su prosperidad ni acept\u00f3, en los hechos, defender la legalidad, por eso es el primero en burlarse de ella&#8230;\u201d<\/p>\n<p>El agudo analista\u00a0<strong>Jorge Su\u00e1rez V\u00e9lez<\/strong>\u00a0concluye:<\/p>\n<p>\u201cSi sabe que es improbable que la reforma electoral sea aprobada, \u00bfpor qu\u00e9 la env\u00eda al Legislativo? Creo que la explicaci\u00f3n de <strong>Luis Carlos Ugalde <\/strong>es acertada. Quiere poner a la gente en contra del<strong> INE<\/strong>. Eso le dar\u00e1 pretexto para negarle los recursos que necesita para cumplir con las responsabilidades que la ley exige. Quiz\u00e1 presentar\u00e1 candidatos inaceptables para sustituir a los cuatro consejeros que dejan su puesto el pr\u00f3ximo a\u00f1o, incluyendo a quien hoy lo preside, dejando funcionalmente ac\u00e9falo al instituto; y\u00a0<strong>quiere sentar la base para rechazar el resultado de la elecci\u00f3n de 2024, si \u00e9ste no le favorece<\/strong>. Ante el deplorable desempe\u00f1o de su gobierno, esa posibilidad debe quitarle el sue\u00f1o\u201d.<\/p>\n<p>Estos son apenas ejemplos de una coincidencia dominante entre otros muchos analistas.<\/p>\n<p>Si esto resulta cierto, no veo que no pueda serlo, entonces podemos afirmar que\u00a0<strong><em>LA BUSQUEDA DE LA POLARIZACI\u00d3N<\/em><\/strong>\u00a0es el objetivo de\u00a0<strong>AMLO<\/strong>, para buscar debilitar a tal extremo al INE, Trife y otros elementos de la vida electoral, sin duda los partidos, y a los medios cr\u00edticos, a fin de acorralarlos y amenazarlos con sus movilizaciones sociales de sus bases de apoyo dispuestas a incendiarlo todo por \u00e9l.<\/p>\n<p>Va a buscar anular elecciones si no le son favorables e intentar imponer por la v\u00eda que sea a su heredero.<\/p>\n<p>El Maximato en M\u00e9xico de 2024.<\/p>\n<p style=\"text-align: center;\"><strong>Bonilla no regresar\u00e1 al Senado<\/strong><\/p>\n<p>Todo indica que\u00a0<strong>Jaime Bonilla<\/strong>\u00a0cay\u00f3 de la gracia de\u00a0<strong>Andr\u00e9s Manuel L\u00f3pez Obrador.<\/strong><\/p>\n<p>Ayer, la\u00a0Sala Regional Guadalajara del Tribunal de Justicia Electoral del Poder Judicial de la Federaci\u00f3n invalid\u00f3 su solicitud de reincorporaci\u00f3n al Senado.<\/p>\n<p>La causal: que\u00a0al protestar como Gobernador Constitucional de Baja California opt\u00f3 por ese cargo y cerr\u00f3 su derecho a elegir por la reincorporaci\u00f3n al Senado.<\/p>\n<p>Al tomar esta decisi\u00f3n el Tribunal orden\u00f3 al Senado llamar a ocupar ese esca\u00f1o al senador sustituto\u00a0<strong>Gerardo Novelo Osuna<\/strong>.<\/p>\n<p>Pronto sabremos qui\u00e9n promovi\u00f3 esa revisi\u00f3n ante el Tribunal Electoral y mantuvo en suspenso el regreso de\u00a0<strong>Bonilla\u00a0<\/strong>a la C\u00e1mara alta.<\/p>\n<p>Hay quienes ven a la ex magistrada y ex titular de Gobernaci\u00f3n\u00a0<strong>Olga S\u00e1nchez Cordero<\/strong>, quien en su calidad de presidenta del Senado pidi\u00f3 esa definici\u00f3n. Algunos creen que si ella lo pidi\u00f3 fue porque desde Palacio se lo pidieron.<\/p>\n<p>Otros voltean a ver a\u00a0<strong>Ricardo Monreal<\/strong>, quien como l\u00edder de Morena y presidente de la Jucopo en el Senado incluso hab\u00eda recibido la visita de\u00a0<strong>Bonilla\u00a0<\/strong>y quien anunci\u00f3 el regreso del ex gobernador, retorno que\u00a0extra\u00f1amente\u00a0nunca se concret\u00f3, ahora sabemos por qu\u00e9.<\/p>\n<p>Y no falta quien cree que todo esto fue orquestado por\u00a0<strong>Ad\u00e1n Augusto L\u00f3pez<\/strong>, quien por indicaciones de\u00a0<strong><em>YSQ\u00a0<\/em><\/strong>orquest\u00f3 este baile.<\/p>\n<p>Lo cierto es que\u00a0<strong>Bonilla<\/strong>, quien luego de dejar la gubernatura anduvo diciendo que\u00a0<strong>AMLO<\/strong>\u00a0le hab\u00eda ofrecido la direcci\u00f3n de Conagua o la subsecretar\u00eda de Gobernaci\u00f3n para finalmente se\u00f1alar que mejor hab\u00eda decidido regresarse al Senado.<\/p>\n<p>El tema es que en BC hay expedientes abiertos contra el ex gobernador, que al parecer tienen mucho peso y que son casi un pase al penal de la Mesa, en Tijuana.<\/p>\n<p style=\"text-align: center;\"><strong>Habla el resentimiento de Porfirio<\/strong><\/p>\n<p>Muy mal le cay\u00f3 a\u00a0<strong>Porfirio Mu\u00f1oz Ledo<\/strong>\u00a0el retiro hecho por\u00a0<strong>Andr\u00e9s Manuel L\u00f3pez Obrador<\/strong>\u00a0de su propuesta para ir como embajador de M\u00e9xico a Cuba.<\/p>\n<p><strong>Mu\u00f1oz Ledo,<\/strong>\u00a0quien ha ocupado los mayores cargos en el poder en M\u00e9xico,y quien fue quien le entreg\u00f3 la Banda Presidencial a\u00a0<strong>Andr\u00e9s Manuel L\u00f3pez Obrador<\/strong>\u00a0el 1 de septiembre de 2018 en San L\u00e1zaro, dec\u00eda que esa embajada era pr\u00e1cticamente el \u00faltimo cargo de su vida.<\/p>\n<p>Ayer dijo a <em>El Universal<\/em>: \u201c<strong>El Presidente de M\u00e9xico no tiene palabra<\/strong>\u201d<\/p>\n<p>Y agreg\u00f3:<\/p>\n<p>\u201c\u00bfCu\u00e1l reforma electoral?, yo no veo ninguna reforma electoral, es s\u00f3lo una provocaci\u00f3n\u201d<\/p>\n<p>El\u00a0<strong>renco<\/strong>r es grande en el personaje m\u00e1s egoc\u00e9ntrico e inteligente y culto de la pol\u00edtica reciente de M\u00e9xico.<\/p>\n<p><em><a href=\"mailto:rvizcainoa@gmail.com\" target=\"_blank\" rel=\"noopener noreferrer\">vizcainoa@gmail.com<\/a><a href=\"mailto:rvizcainoa@gmail.com\" target=\"_blank\" rel=\"noopener noreferrer\"><br \/>\n<\/a><a href=\"http:\/\/endirecto.mx\" target=\"_blank\" rel=\"noopener noreferrer\">www.endirecto.mx<\/a><a href=\"mailto:rvizcainoa@gmail.com\" target=\"_blank\" rel=\"noopener noreferrer\"><br \/>\n<\/a><a href=\"https:\/\/twitter.com\/_rvizcaino\" target=\"_blank\" rel=\"noopener noreferrer\">@_RVizcaino<\/a><a href=\"mailto:rvizcainoa@gmail.com\" target=\"_blank\" rel=\"noopener noreferrer\"><br \/>\n<\/a><a href=\"https:\/\/www.facebook.com\/rvizcainoa\" target=\"_blank\" rel=\"noopener noreferrer\">facebook.com\/rvizcainoa<\/a><\/em><\/p>\n","protected":false},"excerpt":{"rendered":"<p><span style=\"color: #005497;\"><strong>Roberto Vizca\u00edno<\/strong><\/span><br \/>\n<br \/>\nEn este mismo espacio preguntaba yo el lunes anterior: \u00bf<strong>Por qu\u00e9 presentar<\/strong> una reforma constitucional electoral condenada al fracaso?<\/p>\n","protected":false},"author":3,"featured_media":0,"comment_status":"open","ping_status":"open","sticky":false,"template":"","format":"standard","meta":{"_monsterinsights_skip_tracking":false,"_monsterinsights_sitenote_active":false,"_monsterinsights_sitenote_note":"","_monsterinsights_sitenote_category":0,"footnotes":""},"categories":[136],"tags":[43674,93,94],"class_list":["post-545505","post","type-post","status-publish","format-standard","hentry","category-roberto-vizcaino-opinion","tag-opinion","tag-roberto-vizcaino","tag-tras-la-puerta-del-poder"],"_links":{"self":[{"href":"https:\/\/www.diarioimagen.net\/index.php?rest_route=\/wp\/v2\/posts\/545505","targetHints":{"allow":["GET"]}}],"collection":[{"href":"https:\/\/www.diarioimagen.net\/index.php?rest_route=\/wp\/v2\/posts"}],"about":[{"href":"https:\/\/www.diarioimagen.net\/index.php?rest_route=\/wp\/v2\/types\/post"}],"author":[{"embeddable":true,"href":"https:\/\/www.diarioimagen.net\/index.php?rest_route=\/wp\/v2\/users\/3"}],"replies":[{"embeddable":true,"href":"https:\/\/www.diarioimagen.net\/index.php?rest_route=%2Fwp%2Fv2%2Fcomments&post=545505"}],"version-history":[{"count":0,"href":"https:\/\/www.diarioimagen.net\/index.php?rest_route=\/wp\/v2\/posts\/545505\/revisions"}],"wp:attachment":[{"href":"https:\/\/www.diarioimagen.net\/index.php?rest_route=%2Fwp%2Fv2%2Fmedia&parent=545505"}],"wp:term":[{"taxonomy":"category","embeddable":true,"href":"https:\/\/www.diarioimagen.net\/index.php?rest_route=%2Fwp%2Fv2%2Fcategories&post=545505"},{"taxonomy":"post_tag","embeddable":true,"href":"https:\/\/www.diarioimagen.net\/index.php?rest_route=%2Fwp%2Fv2%2Ftags&post=545505"}],"curies":[{"name":"wp","href":"https:\/\/api.w.org\/{rel}","templated":true}]}}