{"id":545624,"date":"2022-05-09T00:01:33","date_gmt":"2022-05-09T05:01:33","guid":{"rendered":"https:\/\/www.diarioimagen.net\/?p=545624"},"modified":"2022-05-09T22:28:29","modified_gmt":"2022-05-10T03:28:29","slug":"es-viable-adopcion-tambien-de-adultos","status":"publish","type":"post","link":"https:\/\/www.diarioimagen.net\/?p=545624","title":{"rendered":"Es viable adopci\u00f3n tambi\u00e9n de adultos"},"content":{"rendered":"<p>&nbsp;<\/p>\n<ul>\n<li><strong><em>As\u00ed lo explic\u00f3 el juez Segundo de Proceso Oral en Materia Familiar, Eduardo Garc\u00eda Ram\u00edrez<\/em><\/strong><\/li>\n<\/ul>\n<p>&nbsp;<\/p>\n<p>&nbsp;<\/p>\n<div id=\"attachment_545714\" style=\"width: 310px\" class=\"wp-caption alignright\"><a href=\"https:\/\/www.diarioimagen.net\/?attachment_id=545714\" rel=\"attachment wp-att-545714\"><img loading=\"lazy\" decoding=\"async\" aria-describedby=\"caption-attachment-545714\" class=\"wp-image-545714\" src=\"https:\/\/www.diarioimagen.net\/wp-content\/uploads\/2022\/05\/juez.jpg\" alt=\"\" width=\"300\" height=\"270\" \/><\/a><p id=\"caption-attachment-545714\" class=\"wp-caption-text\">El juez Segundo Familiar de Proceso Oral, Eduardo Garc\u00eda Ram\u00edrez, explic\u00f3 diversos aspectos de la adopci\u00f3n, aclar\u00f3 que una sola persona puede adoptar, tras recordar que una familia puede conformarse de muchas maneras.<\/p><\/div>\n<p>La adopci\u00f3n no s\u00f3lo es viable cuando se trata de un menor de edad, pues tambi\u00e9n se puede adoptar a un adulto, explic\u00f3 el juez Segundo Familiar de Proceso Oral, Eduardo Garc\u00eda Ram\u00edrez.<\/p>\n<p>Precis\u00f3 que esto es factible cuando alguien, ya en la adultez, desea ser adoptado por aquel o aquella que fungi\u00f3 como mentor, benefactor o gu\u00eda, para lo cual, con el consentimiento de \u00e9ste, inician un juicio de adopci\u00f3n ante los juzgados orales de la Materia Familiar del Poder Judicial de la Ciudad de M\u00e9xico.<\/p>\n<p>Al explicar diversos aspectos sobre la adopci\u00f3n, el impartidor de justicia aclar\u00f3 que tambi\u00e9n una sola persona puede adoptar, tras recordar que una familia puede conformarse de muchas maneras: con un solo progenitor, por una pareja de hombre y mujer o una pareja de personas del mismo sexo.<\/p>\n<p>Sobre cu\u00e1l es la familia id\u00f3nea, Garc\u00eda Ram\u00edrez enfatiz\u00f3 que es aquella en la que hay respeto, colaboraci\u00f3n y amor, y que, por lo tanto, si se dan estas condiciones en una conformada por una sola figura parental, es viable adoptar.<\/p>\n<p>Para aquellos que pretenden adoptar, record\u00f3 que se trata de un juicio totalmente gratuito toda vez que no se pagan costas judiciales, mientras que el estudio socio econ\u00f3mico, as\u00ed como el psicol\u00f3gico que se requieren para dar certeza de que el adoptado estar\u00e1 bien, se pueden mandar a hacer ante la instancia correspondiente del Sistema Integral de Desarrollo para las Familias (DIF), mediante una cuota m\u00ednima por el pago de derechos.<\/p>\n<p>Respecto al rubro de adultos, abund\u00f3 que se han dado casos en los que alguien desea cambiar sus apellidos por los de aquel que ha representado en su vida un mentor, benefactor o gu\u00eda, mediante un juicio de adopci\u00f3n.<\/p>\n<p>\u201cTambi\u00e9n se puede adoptar a alg\u00fan adulto, y se da por ejemplo cuando existe la figura de alg\u00fan mentor, de alguna persona que ha sido como un padre, como una gu\u00eda para otro; bueno, qu\u00e9 tal si quiere llevar los apellidos (de aquel), porque quiere ser como el hijo, porque ha sido el hijo, de hecho\u201d, abund\u00f3.<\/p>\n<p>Es recurrente tambi\u00e9n, agreg\u00f3 el juez, que cuando una pareja se casa o se unen en concubinato, y uno de ellos ya ten\u00eda un hijo o una hija, el padrastro o la madrastra adopten a \u00e9ste, con lo que, al procrear otros hijos todos llevar\u00e1n los mismos apellidos.<\/p>\n<p>\u201cExisten much\u00edsimas familias que se han conformado de esa manera, y ahora ya todos llevan los mismos apellidos y todos son hijos; adem\u00e1s la ley considera al adoptado y al adoptante como padre e hijo o madre e hijo biol\u00f3gicos\u201d, concluy\u00f3.<\/p>\n<p>Son 10 impartidores de justicia de proceso oral en materia Familiar del PJCDMX quienes conocen de este tipo de juicios.<\/p>\n","protected":false},"excerpt":{"rendered":"<p>La adopci\u00f3n no s\u00f3lo es viable cuando se trata de un menor de edad, pues tambi\u00e9n se puede adoptar a un adulto, explic\u00f3 el juez Segundo Familiar de Proceso Oral, Eduardo Garc\u00eda Ram\u00edrez.<\/p>\n","protected":false},"author":3,"featured_media":545715,"comment_status":"open","ping_status":"open","sticky":false,"template":"","format":"standard","meta":{"_monsterinsights_skip_tracking":false,"_monsterinsights_sitenote_active":false,"_monsterinsights_sitenote_note":"","_monsterinsights_sitenote_category":0,"footnotes":""},"categories":[6],"tags":[3934,34444,2954,87379],"class_list":["post-545624","post","type-post","status-publish","format-standard","has-post-thumbnail","hentry","category-cd-de-mexico","tag-adopcion","tag-cdmx","tag-dif","tag-pjcdmx"],"_links":{"self":[{"href":"https:\/\/www.diarioimagen.net\/index.php?rest_route=\/wp\/v2\/posts\/545624","targetHints":{"allow":["GET"]}}],"collection":[{"href":"https:\/\/www.diarioimagen.net\/index.php?rest_route=\/wp\/v2\/posts"}],"about":[{"href":"https:\/\/www.diarioimagen.net\/index.php?rest_route=\/wp\/v2\/types\/post"}],"author":[{"embeddable":true,"href":"https:\/\/www.diarioimagen.net\/index.php?rest_route=\/wp\/v2\/users\/3"}],"replies":[{"embeddable":true,"href":"https:\/\/www.diarioimagen.net\/index.php?rest_route=%2Fwp%2Fv2%2Fcomments&post=545624"}],"version-history":[{"count":0,"href":"https:\/\/www.diarioimagen.net\/index.php?rest_route=\/wp\/v2\/posts\/545624\/revisions"}],"wp:featuredmedia":[{"embeddable":true,"href":"https:\/\/www.diarioimagen.net\/index.php?rest_route=\/wp\/v2\/media\/545715"}],"wp:attachment":[{"href":"https:\/\/www.diarioimagen.net\/index.php?rest_route=%2Fwp%2Fv2%2Fmedia&parent=545624"}],"wp:term":[{"taxonomy":"category","embeddable":true,"href":"https:\/\/www.diarioimagen.net\/index.php?rest_route=%2Fwp%2Fv2%2Fcategories&post=545624"},{"taxonomy":"post_tag","embeddable":true,"href":"https:\/\/www.diarioimagen.net\/index.php?rest_route=%2Fwp%2Fv2%2Ftags&post=545624"}],"curies":[{"name":"wp","href":"https:\/\/api.w.org\/{rel}","templated":true}]}}