{"id":545630,"date":"2022-05-09T00:05:39","date_gmt":"2022-05-09T05:05:39","guid":{"rendered":"https:\/\/www.diarioimagen.net\/?p=545630"},"modified":"2022-05-09T22:27:52","modified_gmt":"2022-05-10T03:27:52","slug":"monserrat-penaloza-trejo-egresada-de-la-uaemex-retrato-la-actividad-artistica-y-cultural-afectada-por-el-confinamiento-sanitario","status":"publish","type":"post","link":"https:\/\/www.diarioimagen.net\/?p=545630","title":{"rendered":"Monserrat Pe\u00f1aloza Trejo, egresada de la UAEM\u00e9x, retrat\u00f3 la actividad art\u00edstica y cultural afectada por el confinamiento sanitario"},"content":{"rendered":"<p><em>\u00a0<\/em><\/p>\n<ul>\n<li><strong><em>Las 23 fotograf\u00edas son un homenaje a las actividades art\u00edsticas y culturales presenciales que se realizaron antes del confinamiento por la pandemia de la Covid-19<\/em><\/strong><\/li>\n<\/ul>\n<p>&nbsp;<\/p>\n<div id=\"attachment_545726\" style=\"width: 470px\" class=\"wp-caption aligncenter\"><a href=\"https:\/\/www.diarioimagen.net\/?attachment_id=545726\" rel=\"attachment wp-att-545726\"><img loading=\"lazy\" decoding=\"async\" aria-describedby=\"caption-attachment-545726\" class=\"size-full wp-image-545726\" src=\"https:\/\/www.diarioimagen.net\/wp-content\/uploads\/2022\/05\/uaem1.jpg\" alt=\"\" width=\"460\" height=\"270\" \/><\/a><p id=\"caption-attachment-545726\" class=\"wp-caption-text\">Montserrat Pe\u00f1aloza, egresada de la Facultad de Ciencias Pol\u00edticas y Sociales de la UAEM\u00e9x es autora de la exposici\u00f3n fotogr\u00e1fica itinerante \u201cRetratos del ayer\u201d.<\/p><\/div>\n<p>&nbsp;<\/p>\n<p><strong>Toluca, Estado de M\u00e9xico.\u2014<\/strong> Im\u00e1genes que homenajean la actividad art\u00edstica y cultural, una de las m\u00e1s afectadas por el confinamiento por la Covid-19, es lo que se puede apreciar en la exposici\u00f3n itinerante \u201cRetratos del ayer\u201d, autor\u00eda de Montserrat Pe\u00f1aloza Trejo, egresada de la Facultad de Ciencias Pol\u00edticas y Sociales de la Universidad Aut\u00f3noma del Estado de M\u00e9xico (UAEM\u00e9x).<\/p>\n<p>La comunic\u00f3loga comparti\u00f3 que las 23 fotograf\u00edas a color que conforman su exposici\u00f3n son una recopilaci\u00f3n de eventos art\u00edsticos y culturales a los que ha asistido en la \u00faltima d\u00e9cada, principalmente en el Valle de Toluca, y con las que busc\u00f3 rendir un homenaje a esta actividad cultural y art\u00edstica que estuvo suspendida por casi dos a\u00f1os de manera presencial por la pandemia de la Covid-19.<\/p>\n<p>En ese sentido, la expositora extern\u00f3 que el montaje de su obra es un homenaje al sector cultural, pero tambi\u00e9n la esperanza de que en alg\u00fan momento estas actividades ser\u00edan retomadas de manera presencial.<\/p>\n<p>\u201cLa exposici\u00f3n se mont\u00f3 en 2020, en un momento en que la pandemia por Covid-19 estaba bastante fuerte y preocupante y es un homenaje a todo el sector cultural y art\u00edstico que fue uno de los m\u00e1s golpeados durante la pandemia, que tuvieron que suspender actividades, que incluso mucha gente se qued\u00f3 sin trabajo por m\u00e1s de un a\u00f1o y trataba de rescatar esta vida colorida, llena de m\u00fasica y creaci\u00f3n art\u00edstica y que una vez que regresara la nueva normalidad por la pandemia se retomar\u00edan estos eventos\u201d detall\u00f3.<\/p>\n<p>Pe\u00f1aloza Trejo expres\u00f3 que su formaci\u00f3n universitaria influy\u00f3 en la perspectiva social que tienen sus im\u00e1genes.<\/p>\n<p>\u201cS\u00e9 que hay diferentes tipos de fotograf\u00edas, pero tener una formaci\u00f3n social como universitaria, ha influido en mi trabajo, creo que la aproximaci\u00f3n con las personas en la fotograf\u00eda, para m\u00ed, es importante\u201d, dijo. La exposici\u00f3n itinerante que ya ha tenido como sede varios espacios acad\u00e9micos de la UAEM\u00e9x es impulsada por la Direcci\u00f3n de Patrimonio Universitario a trav\u00e9s del programa Talento Universitario que pertenecen a la Secretaria de Difusi\u00f3n Cultural.<\/p>\n<p>La exposici\u00f3n itinerante \u201cRetratos del ayer\u201d ya visit\u00f3 la Facultad de Humanidades, Ciencias Pol\u00edticas y Sociales y recientemente Enfermer\u00eda y Obstetricia.<\/p>\n","protected":false},"excerpt":{"rendered":"<p>Im\u00e1genes que homenajean la actividad art\u00edstica y cultural, una de las m\u00e1s afectadas por el confinamiento por la Covid-19, es lo que se puede apreciar en la exposici\u00f3n itinerante \u201cRetratos del ayer\u201d, autor\u00eda de Montserrat Pe\u00f1aloza Trejo, egresada de la Facultad de Ciencias Pol\u00edticas y Sociales de la Universidad Aut\u00f3noma del Estado de M\u00e9xico (UAEM\u00e9x).<\/p>\n","protected":false},"author":3,"featured_media":545726,"comment_status":"open","ping_status":"open","sticky":false,"template":"","format":"standard","meta":{"_monsterinsights_skip_tracking":false,"_monsterinsights_sitenote_active":false,"_monsterinsights_sitenote_note":"","_monsterinsights_sitenote_category":0,"footnotes":""},"categories":[5],"tags":[95390,8139,43675,82175,452,67878],"class_list":["post-545630","post","type-post","status-publish","format-standard","has-post-thumbnail","hentry","category-estado-de-mexico","tag-afectada","tag-cultural","tag-estado-de-mexico","tag-sanitario","tag-toluca","tag-uaemex"],"_links":{"self":[{"href":"https:\/\/www.diarioimagen.net\/index.php?rest_route=\/wp\/v2\/posts\/545630","targetHints":{"allow":["GET"]}}],"collection":[{"href":"https:\/\/www.diarioimagen.net\/index.php?rest_route=\/wp\/v2\/posts"}],"about":[{"href":"https:\/\/www.diarioimagen.net\/index.php?rest_route=\/wp\/v2\/types\/post"}],"author":[{"embeddable":true,"href":"https:\/\/www.diarioimagen.net\/index.php?rest_route=\/wp\/v2\/users\/3"}],"replies":[{"embeddable":true,"href":"https:\/\/www.diarioimagen.net\/index.php?rest_route=%2Fwp%2Fv2%2Fcomments&post=545630"}],"version-history":[{"count":0,"href":"https:\/\/www.diarioimagen.net\/index.php?rest_route=\/wp\/v2\/posts\/545630\/revisions"}],"wp:featuredmedia":[{"embeddable":true,"href":"https:\/\/www.diarioimagen.net\/index.php?rest_route=\/wp\/v2\/media\/545726"}],"wp:attachment":[{"href":"https:\/\/www.diarioimagen.net\/index.php?rest_route=%2Fwp%2Fv2%2Fmedia&parent=545630"}],"wp:term":[{"taxonomy":"category","embeddable":true,"href":"https:\/\/www.diarioimagen.net\/index.php?rest_route=%2Fwp%2Fv2%2Fcategories&post=545630"},{"taxonomy":"post_tag","embeddable":true,"href":"https:\/\/www.diarioimagen.net\/index.php?rest_route=%2Fwp%2Fv2%2Ftags&post=545630"}],"curies":[{"name":"wp","href":"https:\/\/api.w.org\/{rel}","templated":true}]}}