{"id":545638,"date":"2022-05-09T00:03:24","date_gmt":"2022-05-09T05:03:24","guid":{"rendered":"https:\/\/www.diarioimagen.net\/?p=545638"},"modified":"2022-05-09T07:55:03","modified_gmt":"2022-05-09T12:55:03","slug":"no-bajaremos-la-guardia-en-favor-de-los-mexiquenses-david-parra","status":"publish","type":"post","link":"https:\/\/www.diarioimagen.net\/?p=545638","title":{"rendered":"No bajaremos la guardia en favor de los mexiquenses: David Parra"},"content":{"rendered":"<p>&nbsp;<\/p>\n<ul>\n<li><strong><em>\u201cDe la mano de autoridades\u201d<\/em><\/strong><\/li>\n<\/ul>\n<p>&nbsp;<\/p>\n<h6>Arturo Baena<\/h6>\n<p>&nbsp;<\/p>\n<div id=\"attachment_545772\" style=\"width: 470px\" class=\"wp-caption aligncenter\"><a href=\"https:\/\/www.diarioimagen.net\/?attachment_id=545772\" rel=\"attachment wp-att-545772\"><img loading=\"lazy\" decoding=\"async\" aria-describedby=\"caption-attachment-545772\" class=\"size-full wp-image-545772\" src=\"https:\/\/www.diarioimagen.net\/wp-content\/uploads\/2022\/05\/david-parra.jpg\" alt=\"\" width=\"460\" height=\"270\" \/><\/a><p id=\"caption-attachment-545772\" class=\"wp-caption-text\">El diputado David Parra entreg\u00f3 sillas de ruedas, bastones, aparatos auditivos y otros apoyos a personas que le solicitaron su ayuda al legislador priista.<\/p><\/div>\n<p>&nbsp;<\/p>\n<p><strong>Naucalpan, Estado de M\u00e9xico.\u2014<\/strong> Desde luego que es necesario fortalecer e impulsar la salud, educaci\u00f3n y seguridad social, de las y los mexiquenses. A ello nos comprometimos y estamos trabajamos de la mano del gobernador Alfredo del Mazo y de la alcaldesa Ang\u00e9lica Moya para cumplir la palabra empe\u00f1ada.\u00a0 Asegur\u00f3 en entrevista, el diputado David Parra S\u00e1nchez, al hacer entrega de sillas de ruedas, bastones, aparatos auditivos y otros apoyos a personas que le solicitaron su ayuda al legislador priista.<\/p>\n<p>Tal y como se comprometi\u00f3, Parra S\u00e1nchez, contin\u00faa realizando giras de trabajo, con el fin de escuchar y atender las demandas de las familias m\u00e1s vulnerables de este municipio. Es as\u00ed que, en el auditorio del Comit\u00e9 Municipal del PRI, el diputado, acompa\u00f1ado de diversos actores pol\u00edticos, hizo entrega de los apoyos y pidi\u00f3 a los asistentes no dejarse enga\u00f1ar con d\u00e1divas de aquellos que le han fallado a M\u00e9xico.<\/p>\n<p>\u201cLa fracci\u00f3n del PRI, que encabeza mi amigo El\u00edas Rescala, siempre impulsar\u00e1 y apoyar\u00e1 las acciones en materia de salud, educaci\u00f3n, seguridad p\u00fablica, pero, sobre todo, aquellas que van destinadas para beneficiar a las familias m\u00e1s necesitadas de la entidad mexiquense\u201d, dijo.<\/p>\n<p>Asimismo, el diputado por el distrito 32, reconoci\u00f3 que falta mucho por hacer en materia de salud, sin embargo, abund\u00f3 qu\u00e9 \u201cde ninguna manera bajaremos la guardia para que las y los mexiquenses tengan acceso a las diferentes prestaciones sociales que otorgan los dos \u00f3rdenes de gobierno\u201d.<\/p>\n","protected":false},"excerpt":{"rendered":"<p>Desde luego que es necesario fortalecer e impulsar la salud, educaci\u00f3n y seguridad social, de las y los mexiquenses. A ello nos comprometimos y estamos trabajamos de la mano del gobernador Alfredo del Mazo y de la alcaldesa Ang\u00e9lica Moya para cumplir la palabra empe\u00f1ada.\u00a0 Asegur\u00f3 en entrevista, el diputado David Parra S\u00e1nchez, al hacer entrega de sillas de ruedas, bastones, aparatos auditivos y otros apoyos a personas que le solicitaron su ayuda al legislador priista.<\/p>\n","protected":false},"author":3,"featured_media":545772,"comment_status":"open","ping_status":"open","sticky":false,"template":"","format":"standard","meta":{"_monsterinsights_skip_tracking":false,"_monsterinsights_sitenote_active":false,"_monsterinsights_sitenote_note":"","_monsterinsights_sitenote_category":0,"footnotes":""},"categories":[5],"tags":[29035,43675,95211,970],"class_list":["post-545638","post","type-post","status-publish","format-standard","has-post-thumbnail","hentry","category-estado-de-mexico","tag-david-parra-sanchez","tag-estado-de-mexico","tag-legislador","tag-naucalpan"],"_links":{"self":[{"href":"https:\/\/www.diarioimagen.net\/index.php?rest_route=\/wp\/v2\/posts\/545638","targetHints":{"allow":["GET"]}}],"collection":[{"href":"https:\/\/www.diarioimagen.net\/index.php?rest_route=\/wp\/v2\/posts"}],"about":[{"href":"https:\/\/www.diarioimagen.net\/index.php?rest_route=\/wp\/v2\/types\/post"}],"author":[{"embeddable":true,"href":"https:\/\/www.diarioimagen.net\/index.php?rest_route=\/wp\/v2\/users\/3"}],"replies":[{"embeddable":true,"href":"https:\/\/www.diarioimagen.net\/index.php?rest_route=%2Fwp%2Fv2%2Fcomments&post=545638"}],"version-history":[{"count":0,"href":"https:\/\/www.diarioimagen.net\/index.php?rest_route=\/wp\/v2\/posts\/545638\/revisions"}],"wp:featuredmedia":[{"embeddable":true,"href":"https:\/\/www.diarioimagen.net\/index.php?rest_route=\/wp\/v2\/media\/545772"}],"wp:attachment":[{"href":"https:\/\/www.diarioimagen.net\/index.php?rest_route=%2Fwp%2Fv2%2Fmedia&parent=545638"}],"wp:term":[{"taxonomy":"category","embeddable":true,"href":"https:\/\/www.diarioimagen.net\/index.php?rest_route=%2Fwp%2Fv2%2Fcategories&post=545638"},{"taxonomy":"post_tag","embeddable":true,"href":"https:\/\/www.diarioimagen.net\/index.php?rest_route=%2Fwp%2Fv2%2Ftags&post=545638"}],"curies":[{"name":"wp","href":"https:\/\/api.w.org\/{rel}","templated":true}]}}