{"id":545649,"date":"2022-05-09T00:02:28","date_gmt":"2022-05-09T05:02:28","guid":{"rendered":"https:\/\/www.diarioimagen.net\/?p=545649"},"modified":"2022-05-09T07:47:31","modified_gmt":"2022-05-09T12:47:31","slug":"mario-delgado-debe-de-pedir-perdon-al-pueblo-afirman-pri-pan-y-prd","status":"publish","type":"post","link":"https:\/\/www.diarioimagen.net\/?p=545649","title":{"rendered":"Mario Delgado debe de pedir perd\u00f3n al pueblo, afirman PRI, PAN y PRD"},"content":{"rendered":"<p>&nbsp;<\/p>\n<ul>\n<li><strong><em>\u201cPaga millones de pesos para adular al Presidente\u201d<\/em><\/strong><\/li>\n<\/ul>\n<p>&nbsp;<\/p>\n<h6>Arturo Baena<\/h6>\n<p>&nbsp;<\/p>\n<div id=\"attachment_545774\" style=\"width: 470px\" class=\"wp-caption aligncenter\"><a href=\"https:\/\/www.diarioimagen.net\/?attachment_id=545774\" rel=\"attachment wp-att-545774\"><img loading=\"lazy\" decoding=\"async\" aria-describedby=\"caption-attachment-545774\" class=\"size-full wp-image-545774\" src=\"https:\/\/www.diarioimagen.net\/wp-content\/uploads\/2022\/05\/mario-delgado.jpg\" alt=\"\" width=\"460\" height=\"270\" \/><\/a><p id=\"caption-attachment-545774\" class=\"wp-caption-text\">Mario Delgado, l\u00edder nacional de Morenia, y el diputado\u00a0 Sergio Guti\u00e9rrez Luna.<\/p><\/div>\n<p>&nbsp;<\/p>\n<p><strong>Valle de M\u00e9xico.\u2014<\/strong> A Mario Delgado Carrillo, dirigente nacional de Morena, deber\u00eda de darle verg\u00fcenza, el estar pagando millones de pesos, para adular al presidente L\u00f3pez Obrador, a trav\u00e9s de la radio, televisi\u00f3n y redes sociales. Por estos medios, ser\u00eda mejor pedirle perd\u00f3n a sus militantes, simpatizantes y seguidores por fallarle al pueblo de M\u00e9xico.<\/p>\n<p>Aseguraron por separado, dirigentes de la alianza \u201cVa por el Estado de M\u00e9xico\u201d, quienes pidieron a las autoridades competentes exigir a Mario Delgado, una explicaci\u00f3n \u201cde d\u00f3nde est\u00e1n saliendo los recursos para lambisconear al creador de ese instituto pol\u00edtico, es decir al Jefe del Ejecutivo\u201d, dijeron.<\/p>\n<p>En ese sentido, Erick Sevilla, presidente estatal del PRI mexiquense, abund\u00f3 qu\u00e9 \u201cen las \u00faltimas semanas, con el rechazo a la reforma el\u00e9ctrica, se demostr\u00f3 que el gobierno federal y Morena,\u00a0(en clara referencia a Mario Delgado), no son una aplanadora. Hay oposici\u00f3n y hay calidad en la toma de decisiones de lo que tenga que legislarse en el Congreso federal\u201d, resalt\u00f3.<\/p>\n<p>Enfatiz\u00f3, que la misma suerte que la reforma el\u00e9ctrica, correr\u00e1 la reforma electoral del gobierno federal \u201cporque representa un retroceso, ataca la democracia y es distractor de los verdaderos problemas nacionales\u201d.<\/p>\n<p>Por otra parte, diputados de su propio partido, reconocen las fallas de los amigos impuestos por Mario Delgado tal y como lo anunci\u00f3\u00a0la diputada morenita Rosalba Valencia Cruz, quien exigi\u00f3 a Sergio Guti\u00e9rrez Luna, presidente de la C\u00e1mara de Diputados, no utilizar su cargo como \u201ctrampol\u00edn pol\u00edtico\u201d, pues dijo que eran claros los actos de precampa\u00f1a y proselitismo que realizaba en Veracruz, de donde es originario.<\/p>\n<p>Y abund\u00f3: \u201cUsted es presidente y fue emanado de nuestro voto como legisladores, y como tal, se le exige actuar en congruencia, porque sus ausencias y los claros actos de precampa\u00f1a y proselitismo que se ha realizado en el estado de Veracruz, deja mucho que desear su investidura\u201d, le advirti\u00f3 Valencia Cruz.<\/p>\n<p>Finalmente, el regidor panista Agust\u00edn Belgodere, afirm\u00f3 qu\u00e9 hay qu\u00e9 recordarles que\u00a0en el gobierno Guillermo Padr\u00e9s, en Sonora, Sergio Guti\u00e9rrez Luna, fue nombrado titular del \u201cSistema Penal Acusatorio\u201d, labor que aprovech\u00f3 para entregar contratos a empresas de su propiedad como lo es la \u201c Freyding Industria S A. de C. V \u201c. con finalidad de desviar recursos por un monto de poco m\u00e1s de 65 millones de pesos, por el cual se le denunci\u00f3 penalmente ante la ex PGR, finaliz\u00f3.<\/p>\n","protected":false},"excerpt":{"rendered":"<p>A Mario Delgado Carrillo, dirigente nacional de Morena, deber\u00eda de darle verg\u00fcenza, el estar pagando millones de pesos, para adular al presidente L\u00f3pez Obrador, a trav\u00e9s de la radio, televisi\u00f3n y redes sociales. Por estos medios, ser\u00eda mejor pedirle perd\u00f3n a sus militantes, simpatizantes y seguidores por fallarle al pueblo de M\u00e9xico.<\/p>\n","protected":false},"author":3,"featured_media":545774,"comment_status":"open","ping_status":"open","sticky":false,"template":"","format":"standard","meta":{"_monsterinsights_skip_tracking":false,"_monsterinsights_sitenote_active":false,"_monsterinsights_sitenote_note":"","_monsterinsights_sitenote_category":0,"footnotes":""},"categories":[5],"tags":[91,47497,211,362,78792,34],"class_list":["post-545649","post","type-post","status-publish","format-standard","has-post-thumbnail","hentry","category-estado-de-mexico","tag-pan","tag-perdon","tag-prd","tag-pri","tag-pueblo","tag-valle-de-mexico"],"_links":{"self":[{"href":"https:\/\/www.diarioimagen.net\/index.php?rest_route=\/wp\/v2\/posts\/545649","targetHints":{"allow":["GET"]}}],"collection":[{"href":"https:\/\/www.diarioimagen.net\/index.php?rest_route=\/wp\/v2\/posts"}],"about":[{"href":"https:\/\/www.diarioimagen.net\/index.php?rest_route=\/wp\/v2\/types\/post"}],"author":[{"embeddable":true,"href":"https:\/\/www.diarioimagen.net\/index.php?rest_route=\/wp\/v2\/users\/3"}],"replies":[{"embeddable":true,"href":"https:\/\/www.diarioimagen.net\/index.php?rest_route=%2Fwp%2Fv2%2Fcomments&post=545649"}],"version-history":[{"count":0,"href":"https:\/\/www.diarioimagen.net\/index.php?rest_route=\/wp\/v2\/posts\/545649\/revisions"}],"wp:featuredmedia":[{"embeddable":true,"href":"https:\/\/www.diarioimagen.net\/index.php?rest_route=\/wp\/v2\/media\/545774"}],"wp:attachment":[{"href":"https:\/\/www.diarioimagen.net\/index.php?rest_route=%2Fwp%2Fv2%2Fmedia&parent=545649"}],"wp:term":[{"taxonomy":"category","embeddable":true,"href":"https:\/\/www.diarioimagen.net\/index.php?rest_route=%2Fwp%2Fv2%2Fcategories&post=545649"},{"taxonomy":"post_tag","embeddable":true,"href":"https:\/\/www.diarioimagen.net\/index.php?rest_route=%2Fwp%2Fv2%2Ftags&post=545649"}],"curies":[{"name":"wp","href":"https:\/\/api.w.org\/{rel}","templated":true}]}}