{"id":545653,"date":"2022-05-09T00:04:11","date_gmt":"2022-05-09T05:04:11","guid":{"rendered":"https:\/\/www.diarioimagen.net\/?p=545653"},"modified":"2022-05-09T07:43:15","modified_gmt":"2022-05-09T12:43:15","slug":"romana-godoy-nueva-juez-calificadora-en-naucalpan","status":"publish","type":"post","link":"https:\/\/www.diarioimagen.net\/?p=545653","title":{"rendered":"Romana Godoy, nueva juez calificadora en Naucalpan"},"content":{"rendered":"<p>&nbsp;<\/p>\n<p><a href=\"https:\/\/www.diarioimagen.net\/?attachment_id=545768\" rel=\"attachment wp-att-545768\"><img loading=\"lazy\" decoding=\"async\" class=\"aligncenter wp-image-545768 size-full\" src=\"https:\/\/www.diarioimagen.net\/wp-content\/uploads\/2022\/05\/naucalpan-4.jpg\" alt=\"\" width=\"460\" height=\"270\" \/><\/a><\/p>\n<p>&nbsp;<\/p>\n<p><strong>Naucalpan, Estado de M\u00e9xico.\u2014<\/strong> De manera un\u00e1nime, el Ayuntamiento de esta municipalidad, aprob\u00f3 la propuesta de la alcaldesa Ang\u00e9lica Moya para designar a Romana Godoy Galeana como Oficial Calificador de Naucalpan.<\/p>\n<p>Durante la S\u00e9ptima Sesi\u00f3n Extraordinaria de Cabildo, la primera regidora Mar\u00eda Paulina P\u00e9rez Gonz\u00e1lez, en funciones de Jefa de Asamblea, tom\u00f3 protesta a Romana Godoy tras ser congratulada por integrantes del Cuerpo Edilicio.Las regidoras y regidores Paulina P\u00e9rez, \u00darsula Cort\u00e9s, Lucina Cort\u00e9s, Silvia Rojas, Agust\u00edn Belgodere, Raymundo Garza, Mauricio Aguirre, reconocieron a Romana Godoy como una persona de gran sentido humano, compromiso, responsabilidad social y respetuosa de los derechos humanos.<\/p>\n","protected":false},"excerpt":{"rendered":"<p>De manera un\u00e1nime, el Ayuntamiento de esta municipalidad, aprob\u00f3 la propuesta de la alcaldesa Ang\u00e9lica Moya para designar a Romana Godoy Galeana como Oficial Calificador de Naucalpan.<\/p>\n","protected":false},"author":3,"featured_media":545768,"comment_status":"open","ping_status":"open","sticky":false,"template":"","format":"standard","meta":{"_monsterinsights_skip_tracking":false,"_monsterinsights_sitenote_active":false,"_monsterinsights_sitenote_note":"","_monsterinsights_sitenote_category":0,"footnotes":""},"categories":[5],"tags":[43675,970,95393],"class_list":["post-545653","post","type-post","status-publish","format-standard","has-post-thumbnail","hentry","category-estado-de-mexico","tag-estado-de-mexico","tag-naucalpan","tag-romana-godoy-galeana"],"_links":{"self":[{"href":"https:\/\/www.diarioimagen.net\/index.php?rest_route=\/wp\/v2\/posts\/545653","targetHints":{"allow":["GET"]}}],"collection":[{"href":"https:\/\/www.diarioimagen.net\/index.php?rest_route=\/wp\/v2\/posts"}],"about":[{"href":"https:\/\/www.diarioimagen.net\/index.php?rest_route=\/wp\/v2\/types\/post"}],"author":[{"embeddable":true,"href":"https:\/\/www.diarioimagen.net\/index.php?rest_route=\/wp\/v2\/users\/3"}],"replies":[{"embeddable":true,"href":"https:\/\/www.diarioimagen.net\/index.php?rest_route=%2Fwp%2Fv2%2Fcomments&post=545653"}],"version-history":[{"count":0,"href":"https:\/\/www.diarioimagen.net\/index.php?rest_route=\/wp\/v2\/posts\/545653\/revisions"}],"wp:featuredmedia":[{"embeddable":true,"href":"https:\/\/www.diarioimagen.net\/index.php?rest_route=\/wp\/v2\/media\/545768"}],"wp:attachment":[{"href":"https:\/\/www.diarioimagen.net\/index.php?rest_route=%2Fwp%2Fv2%2Fmedia&parent=545653"}],"wp:term":[{"taxonomy":"category","embeddable":true,"href":"https:\/\/www.diarioimagen.net\/index.php?rest_route=%2Fwp%2Fv2%2Fcategories&post=545653"},{"taxonomy":"post_tag","embeddable":true,"href":"https:\/\/www.diarioimagen.net\/index.php?rest_route=%2Fwp%2Fv2%2Ftags&post=545653"}],"curies":[{"name":"wp","href":"https:\/\/api.w.org\/{rel}","templated":true}]}}