{"id":545681,"date":"2022-05-09T00:02:32","date_gmt":"2022-05-09T05:02:32","guid":{"rendered":"https:\/\/www.diarioimagen.net\/?p=545681"},"modified":"2022-05-09T04:32:35","modified_gmt":"2022-05-09T09:32:35","slug":"lopez-obrador-de-gira","status":"publish","type":"post","link":"https:\/\/www.diarioimagen.net\/?p=545681","title":{"rendered":"L\u00f3pez Obrador de gira"},"content":{"rendered":"<h2>La Retaguardia<\/h2>\n<h5>Adriana Moreno Cordero<\/h5>\n<p>&nbsp;<\/p>\n<ul>\n<li><strong><em>Del \u201cmes\u00edas tropical\u201d, al \u201cmes\u00edas centroamericano\u201d<\/em><\/strong><\/li>\n<\/ul>\n<p>&nbsp;<\/p>\n<p>Del \u201cmes\u00edas tropical\u201d, al \u201cmes\u00edas centroamericano\u201d, de otra forma no se puede describir mejor al presidente <strong>Andr\u00e9s Manuel L\u00f3pez Obrador<\/strong>, justo cuando realiz\u00f3 una breve gira por esa zona de Am\u00e9rica Latina porque adem\u00e1s su discurso estuvo lleno de ret\u00f3rica populista e incluso, no le import\u00f3 romper protocolos que dicta la diplomacia y se dio a la tarea de -desde su mesi\u00e1nica altura-, calificar a los mandatarios y las pol\u00edticas locales de los pa\u00edses en los que estuvo, por ejemplo, le puso \u201cpalomita\u201d a la presidenta de Honduras<strong>, Xiomara Castro<\/strong>, diciendo que era una mujer honesta \u201cuna buena muchacha\u201d y en resumen, su gira se asemej\u00f3 m\u00e1s a \u2014como se dice aqu\u00ed\u2014 una \u201cvisita de doctor\u201d.<\/p>\n<p>Y hablando de eso, el inquilino de Palacio Nacional lleg\u00f3 a La Habana, Cuba, cuando un d\u00eda antes se registr\u00f3 una explosi\u00f3n en el famoso Hotel Saratoga, que dej\u00f3 como saldo, poco m\u00e1s de una treintena de muertos y otros tantos heridos, mucho se comenta en los corrillos pol\u00edticos, que el presidente de M\u00e9xico m\u00e1s bien fue a visitar a los m\u00e9dicos cubanos que supuestamente, en alg\u00fan momento, lo habr\u00edan atendido de los males del coraz\u00f3n que padece. Ya antes, hab\u00edan estado con el tabasque\u00f1o en nuestro pa\u00eds.<\/p>\n<p>En Belice, L\u00f3pez Obrador prob\u00f3 el pollo como base de los platillos tradicionales de aquellos lares y de plano, no hubo modo de que comiera lo que acostumbra: tamales de chipil\u00edn y \u201cchanchamitos\u201d, ya que los tamales por aquellas tierras, son diferentes.<\/p>\n<p>En fin, ya en Cuba, L\u00f3pez Obrador fue recibido, \u00e9l y su esposa, <strong>Beatriz Guti\u00e9rrez<\/strong>, por el canciller de aquel pa\u00eds <strong>Bruno Rodr\u00edguez<\/strong>. Tambi\u00e9n estaban los Secretarios de Relaciones Exteriores, <strong>Marcelo Ebrard<\/strong>; de la Defensa Nacional, <strong>Luis Cresencio Sandoval<\/strong>; y de la Marina, el Almirante <strong>Jos\u00e9 Rafael Ojeda<\/strong>. Ya en la Isla estaban el silente secretario de Salud,<br \/>\n<strong>Jorge Alcocer<\/strong>, que seguramente viaj\u00f3 para hablar con autoridades cubanas sobre la aplicaci\u00f3n de la vacuna cubana Abdala -que por cierto carece de sustento cient\u00edfico- en menores en nuestro pa\u00eds-, y su coordinador de asesores <strong>L\u00e1zaro C\u00e1rdenas Batel<\/strong>, cuya esposa es cubana, adem\u00e1s del embajador mexicano en Cuba, <strong>Miguel D\u00edaz Reynoso<\/strong>.<\/p>\n<p>Ya juntos todos, seguramente el tema de conversaci\u00f3n fueron las recientes declaraciones del presidente de los Estados Unidos, <strong>Joe Biden<\/strong>, respecto a que ahora, M\u00e9xico ya no es el \u201cpatio trasero\u201d del vecino pa\u00eds del norte, sino que se ha convertido en el \u201cpatio delantero\u201d. Qui\u00e9n sabe lo que habr\u00e1 querido decir el inquilino de la Casa Blanca, pero no se ve que el inquilino de Palacio Nacional tenga la menor intenci\u00f3n de \u201cponerlo en su lugar\u201d, como prometi\u00f3 que lo har\u00eda con el ex presidente <strong>Donald Trump<\/strong>, su tan querido amigo.<\/p>\n<p>Igualmente, la conversaci\u00f3n gir\u00f3 en torno a la invitaci\u00f3n que recibi\u00f3 la se\u00f1ora Guti\u00e9rrez M\u00fcller de parte de <strong>Jill Biden<\/strong>, para estar en la Casa Blanca, en los festejos por la Batalla del 5 de Mayo y ah\u00ed s\u00ed, la esposa del presidente L\u00f3pez Obrador, no se atrevi\u00f3 a renegar sobre que ella no es la primera dama de M\u00e9xico, cuando el presidente Biden la llam\u00f3 as\u00ed y hasta la invit\u00f3 a conocer el famoso Sal\u00f3n Oval, donde los presidentes de los Estados Unidos, han tomado las decisiones m\u00e1s importantes.<\/p>\n<p>Eso s\u00ed, las fotos que se tomaron las dos primeras damas, de Estados Unidos y M\u00e9xico, estuvieron llenas de contrastes.<\/p>\n<p>L\u00f3pez Obrador llev\u00f3 bajo el brazo en su fugaz gira por Centroam\u00e9rica sus tan famos\u00edsimos programas \u201cSembrando Vida\u201d y \u201cJ\u00f3venes Construyendo el Futuro\u201d. Se supone que logr\u00f3 \u201camarrar\u201d acuerdos con los presidentes centroamericanos porque, en dos ocasiones se los present\u00f3 al enviado del presidente Biden para temas del cambio clim\u00e1tico, <strong>John Kerry<\/strong>, pero el funcionario norteamericano estaba m\u00e1s interesado en que no se concretara la reforma el\u00e9ctrica que quer\u00eda imponer el tabasque\u00f1o. Ahora, el de Tepetit\u00e1n volte\u00f3 al sur, porque en el norte, ni caso le hacen.<\/p>\n<p>No deja de llamar la atenci\u00f3n la premura del tabasque\u00f1o por regresar a Palacio Nacional para inmediatamente ofrecer su gustad\u00edsimo \u201cstand-up\u201d ma\u00f1anero. \u00bfTanto es el temor?, \u00bfde qu\u00e9?<\/p>\n<p style=\"text-align: center;\"><strong>Municiones<\/strong><\/p>\n<p>*** Despu\u00e9s del 3 de mayo, la jefa de Gobierno de la Ciudad de M\u00e9xico, <strong>Claudia Sheinbaum<\/strong>, se meti\u00f3 en serios problemas, al confrontarse con la empresa noruega DNV, encargada de hacer los peritajes de la tragedia ocurrida hace poquito m\u00e1s de un a\u00f1o en el tramo de las estaciones del Metro, Tezonco-Olivos, porque -como se recordar\u00e1-, el peritaje de dicha empresa no le embon\u00f3 a la funcionaria capitalina que se lanz\u00f3 a la yugular de la citada empresa noruega, tild\u00e1ndolos hasta de deshonestos. Es tal el enojo de la se\u00f1ora Sheinbaum, porque no se le entreg\u00f3 un tercer reporte a modo, que ve muy dolida como sus aspiraciones al 2024 se van desmoronando frente a sus ojos. Aun as\u00ed, la funcionaria capitalina, todav\u00eda se \u201calcanz\u00f3 la puntada\u201d de poner en el \u201ctweet\u201d, que ella s\u00ed pod\u00eda ver a los ojos y con la frente en alto tanto a los familiares de los afectados como a los de las 26 personas fallecidas en la tragedia. Bueno, pues ahora es su flamante secretario de Gobierno de la CDMX, <strong>Mart\u00ed Batres Guadarrama<\/strong>, el que est\u00e1 que \u201ctrina\u201d, pero con un asunto ya un poco viejo, al explotar en contra de los 223 diputados que votaron aquel famoso Domingo de Resurrecci\u00f3n, en contra de la controvertida reforma el\u00e9ctrica que envi\u00f3 a la C\u00e1mara de Diputados, L\u00f3pez Obrador y los calific\u00f3, para variar, de traidores, agregando una frase que revel\u00f3 todo su disgusto: \u201cNo tienen madre\u201d. Es evidente que el senador con licencia tambi\u00e9n, al igual que su jefa, ve c\u00f3mo se le hacen polvo sus aspiraciones de llegar a la jefatura del Gobierno de la CDMX, pero \u00bfno podr\u00eda ser m\u00e1s original? Ya se hab\u00eda consignado en este espacio que la mism\u00edsima Claudia Sheinbaum estaba volteando para otro lado para buscar a su sucesor y se dice que lo hace en direcci\u00f3n a la Secretar\u00eda de Protecci\u00f3n Ciudadana de la CDMX, que encabeza <strong>Omar Garc\u00eda Harfuch<\/strong>. \u00bfSer\u00e1?<\/p>\n<p>*** Con una pausa de dos a\u00f1os a consecuencia de la emergencia sanitaria, el pr\u00f3ximo martes <strong>Corporaci\u00f3n Caliente<\/strong> celebrar\u00e1 la 37 edici\u00f3n del festival con motivo del <em>D\u00eda de las madres<\/em>. Se espera la llegada de al menos 10 mil personas que disfrutar\u00e1n de una ma\u00f1ana dedicada a festejar a las madres de familia con bailables, cantantes, desayuno y rifas de art\u00edculos diversos, adem\u00e1s de sesiones de masaje y belleza personal. Grupo Caliente tambi\u00e9n pondr\u00e1 a disposici\u00f3n de las asistentes diferentes m\u00f3dulos de atenci\u00f3n m\u00e9dica: ginecolog\u00eda, ex\u00e1menes de la vista, detecci\u00f3n temprana de sordera, presi\u00f3n arterial, medici\u00f3n de talla y peso, as\u00ed como asesor\u00eda jur\u00eddica sobre violencia de g\u00e9nero.<\/p>\n<p><u><a href=\"mailto:morcora@gmail.com\" target=\"_blank\" rel=\"noopener noreferrer\"><em>morcora@gmail.com<\/em><\/a><\/u><\/p>\n","protected":false},"excerpt":{"rendered":"<p><span style=\"color: #005497;\"><strong>Adriana Moreno Cordero<\/strong><\/span><\/p>\n","protected":false},"author":3,"featured_media":0,"comment_status":"open","ping_status":"open","sticky":false,"template":"","format":"standard","meta":{"_monsterinsights_skip_tracking":false,"_monsterinsights_sitenote_active":false,"_monsterinsights_sitenote_note":"","_monsterinsights_sitenote_category":0,"footnotes":""},"categories":[69370],"tags":[69369,75367,69368,43674],"class_list":["post-545681","post","type-post","status-publish","format-standard","hentry","category-adriana-moreno-cordero","tag-adriana-moreno-cordero","tag-k","tag-la-retaguardia","tag-opinion"],"_links":{"self":[{"href":"https:\/\/www.diarioimagen.net\/index.php?rest_route=\/wp\/v2\/posts\/545681","targetHints":{"allow":["GET"]}}],"collection":[{"href":"https:\/\/www.diarioimagen.net\/index.php?rest_route=\/wp\/v2\/posts"}],"about":[{"href":"https:\/\/www.diarioimagen.net\/index.php?rest_route=\/wp\/v2\/types\/post"}],"author":[{"embeddable":true,"href":"https:\/\/www.diarioimagen.net\/index.php?rest_route=\/wp\/v2\/users\/3"}],"replies":[{"embeddable":true,"href":"https:\/\/www.diarioimagen.net\/index.php?rest_route=%2Fwp%2Fv2%2Fcomments&post=545681"}],"version-history":[{"count":0,"href":"https:\/\/www.diarioimagen.net\/index.php?rest_route=\/wp\/v2\/posts\/545681\/revisions"}],"wp:attachment":[{"href":"https:\/\/www.diarioimagen.net\/index.php?rest_route=%2Fwp%2Fv2%2Fmedia&parent=545681"}],"wp:term":[{"taxonomy":"category","embeddable":true,"href":"https:\/\/www.diarioimagen.net\/index.php?rest_route=%2Fwp%2Fv2%2Fcategories&post=545681"},{"taxonomy":"post_tag","embeddable":true,"href":"https:\/\/www.diarioimagen.net\/index.php?rest_route=%2Fwp%2Fv2%2Ftags&post=545681"}],"curies":[{"name":"wp","href":"https:\/\/api.w.org\/{rel}","templated":true}]}}