{"id":545682,"date":"2022-05-09T00:04:36","date_gmt":"2022-05-09T05:04:36","guid":{"rendered":"https:\/\/www.diarioimagen.net\/?p=545682"},"modified":"2022-05-09T04:38:38","modified_gmt":"2022-05-09T09:38:38","slug":"ejemplo-centroamericano","status":"publish","type":"post","link":"https:\/\/www.diarioimagen.net\/?p=545682","title":{"rendered":"Ejemplo centroamericano"},"content":{"rendered":"<h2>Desde el portal<\/h2>\n<h5>\u00c1ngel Soriano<\/h5>\n<p>&nbsp;<\/p>\n<p>Durante el recorrido del presidente Andr\u00e9s Manuel L\u00f3pez Obrador por Centroam\u00e9rica, se encontr\u00f3 que, primero, en El Salvador va viento en popa el programa J\u00f3venes Construyendo el Futuro y Sembrando Vida, los cuales se duplicar\u00e1n con el objeto de atajar las oleadas migratorias hacia la Uni\u00f3n Americana, teniendo a M\u00e9xico como pa\u00eds de paso.<\/p>\n<p>En Honduras, la presidenta Xiomara Castro \u2013\u201ces un honor estar con Obrador\u201d-, inform\u00f3 de la reforma el\u00e9ctrica que promueve en su pa\u00eds y que permitir\u00e1 que un mill\u00f3n 400 mil hondure\u00f1os reciban energ\u00eda el\u00e9ctrica gratuita, con alcances mucho mayores a los objetivos de la reforma energ\u00e9tica mexicana.<\/p>\n<p>Y en Belice se enter\u00f3 que el primer ministro Johny Brice\u00f1o promovi\u00f3 la regularizaci\u00f3n de 40,000 centroamericanos asentados en su territorio lo cual les permitir\u00e1 laborar legalmente y ser considerados como nacionales, lo cual es un ejemplo de buena voluntad y de reconocimiento a que la migraci\u00f3n es un derecho humano.<\/p>\n<p>Adem\u00e1s, al entrar en vigor un tratado de libre comercio, Belice podr\u00e1 exportar productos hacia M\u00e9xico sin el pago de impuestos lo que les permitir\u00e1 ampliar su comercio y generar m\u00e1s empleos e ingresos para la Naci\u00f3n. El comercio entre ambos pa\u00edses es desigual, Belice import\u00f3 de M\u00e9xico, en 2017, 100 mdd y s\u00f3lo export\u00f3 medio mill\u00f3n. Ahora buscar\u00e1n equilibrar el comercio. Estos son algunos ejemplos para EU en su relaci\u00f3n con la regi\u00f3n.<\/p>\n<p style=\"text-align: center;\"><strong>Turbulencias<br \/>\nVisi\u00f3n de AMLO en el continente<\/strong><\/p>\n<p>El presidente L\u00f3pez Obrador tiene el prop\u00f3sito de fortalecer la unidad latinoamericana por encima de ideolog\u00edas o de diferencias personales para aprovechar un vasto mercado con recursos naturales propios y que podr\u00eda enfrentar la cambiante situaci\u00f3n mundial, sobre todo ahora que en materia comercial EU va en declive frente a China, el gigante asi\u00e1tico que avanza a pasos acelerados hacia la conquista mundial\u2026 El gobierno federal es el m\u00e1s interesado en la regularizaci\u00f3n de las empresas de seguridad privada del pa\u00eds, para que puedan brindar un mejor servicio a la poblaci\u00f3n, dijo el director general de Seguridad Privada de la Secretar\u00eda de Seguridad y Protecci\u00f3n Ciudadana, Ignacio Hern\u00e1ndez Ordu\u00f1a, quien inform\u00f3 que se dar\u00e1n todas las facilidades para agilizar los tr\u00e1mites para cumplir con este objetivo. Al participar como orador a la Asamblea Mensual de la Asociaci\u00f3n Mexicana de Empresas de Seguridad Privada (AMESP), inform\u00f3 que en mayo y junio se reunir\u00e1 con todos los reguladores estatales de seguridad privada para normar criterios de actuaci\u00f3n, para que antes de que concluya este a\u00f1o sea aprobada la nueva Ley General de Seguridad Privada, que actualmente se encuentra en estudio en comisiones de la C\u00e1mara de Diputados e iniciar\u00e1n una serie de cursos para contribuir a la capacitaci\u00f3n y profesionalizaci\u00f3n del personal que labora en estas empresas, para lo cual solicitar\u00e1 el apoyo de la AMESP, que es l\u00edder en este cap\u00edtulo\u2026 Circulan con profusi\u00f3n videos, ciertos o falsos, en torno a acciones de humillaci\u00f3n a los que son sometidos integrantes de las Fuerzas Armadas por la delincuencia organizada y por los propios integrantes de las tropas, como es el caso de la Guardia Nacional, y\u00a0 que operan en diversas regiones del pa\u00eds en complicidad con autoridades locales. Seguramente que la exhibici\u00f3n de estos lamentables pasajes afectan la moral de los elementos\u2026 Bien por la unidad demostrada en la UABJO por el nuevo rector, Cristian Carre\u00f1o, que reuni\u00f3 al gobernador Alejandro Murat y los alcaldes de la ciudad de Oaxaca de Ju\u00e1rez, Francisco Mart\u00ednez Neri; y de Santa Cruz Xoxocotl\u00e1n, Chente Castellanos, en el megatequio, s\u00f3lo que se requieren de actividades acad\u00e9micas m\u00e1s audaces y programas de largo plazo para recuperar el prestigio de la instituci\u00f3n\u2026<\/p>\n<p><u><a href=\"mailto:asorianocarrasco@yahoo.com\" target=\"_blank\" rel=\"noopener noreferrer\"><em>asorianocarrasco@yahoo.com<\/em><\/a><br \/>\n<em><a href=\"https:\/\/revistabrecha.com\" target=\"_blank\" rel=\"noopener noreferrer\">www.revistabrecha.com<\/a><br \/>\n<a href=\"https:\/\/twitter.com\/brecharevista\" target=\"_blank\" rel=\"noopener noreferrer\">@BrechaRevista<\/a><\/em><\/u><\/p>\n","protected":false},"excerpt":{"rendered":"<p><span style=\"color: #005497;\"><strong>\u00c1ngel Soriano<\/strong><\/span><\/p>\n","protected":false},"author":3,"featured_media":0,"comment_status":"open","ping_status":"open","sticky":false,"template":"","format":"standard","meta":{"_monsterinsights_skip_tracking":false,"_monsterinsights_sitenote_active":false,"_monsterinsights_sitenote_note":"","_monsterinsights_sitenote_category":0,"footnotes":""},"categories":[135],"tags":[85,86,43674],"class_list":["post-545682","post","type-post","status-publish","format-standard","hentry","category-angel-soriano-opinion","tag-angel-soriano","tag-desde-el-portal","tag-opinion"],"_links":{"self":[{"href":"https:\/\/www.diarioimagen.net\/index.php?rest_route=\/wp\/v2\/posts\/545682","targetHints":{"allow":["GET"]}}],"collection":[{"href":"https:\/\/www.diarioimagen.net\/index.php?rest_route=\/wp\/v2\/posts"}],"about":[{"href":"https:\/\/www.diarioimagen.net\/index.php?rest_route=\/wp\/v2\/types\/post"}],"author":[{"embeddable":true,"href":"https:\/\/www.diarioimagen.net\/index.php?rest_route=\/wp\/v2\/users\/3"}],"replies":[{"embeddable":true,"href":"https:\/\/www.diarioimagen.net\/index.php?rest_route=%2Fwp%2Fv2%2Fcomments&post=545682"}],"version-history":[{"count":0,"href":"https:\/\/www.diarioimagen.net\/index.php?rest_route=\/wp\/v2\/posts\/545682\/revisions"}],"wp:attachment":[{"href":"https:\/\/www.diarioimagen.net\/index.php?rest_route=%2Fwp%2Fv2%2Fmedia&parent=545682"}],"wp:term":[{"taxonomy":"category","embeddable":true,"href":"https:\/\/www.diarioimagen.net\/index.php?rest_route=%2Fwp%2Fv2%2Fcategories&post=545682"},{"taxonomy":"post_tag","embeddable":true,"href":"https:\/\/www.diarioimagen.net\/index.php?rest_route=%2Fwp%2Fv2%2Ftags&post=545682"}],"curies":[{"name":"wp","href":"https:\/\/api.w.org\/{rel}","templated":true}]}}