{"id":545691,"date":"2022-05-09T00:03:56","date_gmt":"2022-05-09T05:03:56","guid":{"rendered":"https:\/\/www.diarioimagen.net\/?p=545691"},"modified":"2022-05-09T04:44:36","modified_gmt":"2022-05-09T09:44:36","slug":"amlo-pri-mexiquense","status":"publish","type":"post","link":"https:\/\/www.diarioimagen.net\/?p=545691","title":{"rendered":"AMLO.\u00a0 PRI mexiquense"},"content":{"rendered":"<h2>Espacio Electoral<\/h2>\n<h5>Eleazar Flores<strong>\u00a0<\/strong><\/h5>\n<p><strong>\u00a0<\/strong><\/p>\n<p><strong>MEDALLERO A CAMBIO DE\u2026-.<\/strong> Gracias al jefe por autorizar mi ausencia por la lesi\u00f3n en la derecha \u2014s\u00f3lo la mano, que conste\u2014, regresando con varios pendientes, pero imposible omitir el corolario de reconocimientos centroamericanos al presidente Andr\u00e9s Manuel L\u00f3pez Obrador a cambio de\u2026 dispensa de aranceles, becas del bienestar y muchas prestaciones a hermanos-as centroamericanos, no obstante que en nuestro pa\u00eds la deuda en estos mismos renglones es mucha.<\/p>\n<p>Como pez en el agua y para estar a tono como estrella en un diamante de beisbol, fue imposible que el Presidente ocultara el gusto de estrechar la mano de los presidentes de Guatemala, El Salvador, Belice, pero sobre todo, Miguel D\u00edaz-Canel, de Cuba, aun cuando seguro a\u00f1ora no haberlo hecho con Castro o Ra\u00fal, de perdis, ya que el patriarca Fidel se\u00a0 adelant\u00f3.<\/p>\n<p>Ahora que con Raulito pudiera haberse dado un encuentro as\u00ed haya sido secreto, pues sabe usted bien que los gobernantes cubanos son especialistas en eso, como sucede por estos lares.<\/p>\n<p>Prep\u00e1rese para que al retorno de las visitas a estas potencias, el mandatario emplee en su primer serm\u00f3n de la monta\u00f1a, perd\u00f3n, serm\u00f3n de la ma\u00f1ana, que a M\u00e9xico le fue muy bien en esta primera gira multinacional \u201csembrando vidas\u201d y esperanzas por doquier, mientras aqu\u00ed siguen matando periodistas, mujeres y faltan medicinas contra el c\u00e1ncer infantil. \u00bfAlguna aclaraci\u00f3n?<\/p>\n<p><strong>PRI MEXIQUENSE-.<\/strong> Encapsulado en su burbuja tricolor, el primer priista orden\u00f3 un reajuste en el primer cuadro del equipo se supone titular para encabezar los trabajos de tierra -pues de c\u00fapula a\u00fan se ignora- con miras a la madre de todas las elecciones en 2023, que es la de gobernador del estado y con gusto le ampl\u00edo.<\/p>\n<p>Si retiene el PRI la gubernatura \u2014dif\u00edcil m\u00e1s no imposible\u2014, ser\u00eda el pre\u00e1mbulo triunfador para 2024; pero si la gana el Movimiento Regeneraci\u00f3n Nacional, Morena, como ya lo presumen desde el primer \u201cmoreno\u201d, con su t\u00e9rmino \u201cpaliza\u201d, hasta el \u00faltimo del pa\u00eds, y sobre todo sus muchos y fuertes aspirantes, as\u00ed do\u00f1a Delfina tenga pendientes con la autoridad electoral aguas.<\/p>\n<p>Por cierto el t\u00e9rmino \u201cpaliza\u201d es de un aut\u00e9ntico jefe de partido, no de Estado\u2026 pero.<\/p>\n<p>Eric Sevilla, nuevo presidente del PRI, hace su trabajo a la usanza tradicional, visitando comit\u00e9s municipales, arengando contra las ocurrencias presidenciales y exaltando la pol\u00edtica social de su jefe pol\u00edtico\u00a0 que despacha en Lerdo 300 en el centro de Toluca.<\/p>\n<p>Para otros tiempos ser\u00eda suficiente, hoy ya no.<\/p>\n<p>Respecto a los cambios \u201cdestacan\u201d: Pablo Bedolla en Organizaci\u00f3n, el \u201ccantante\u201d Alejandro Fern\u00e1ndez, ex de Educaci\u00f3n, en Operaci\u00f3n Pol\u00edtica y en Finanzas, el destacado empresario Gabriel Mena.<\/p>\n<p>Alineaci\u00f3n de ascenso para la liga de expansi\u00f3n.<\/p>\n<p><em><a href=\"mailto:elefa44@gmail.com\" target=\"_blank\" rel=\"noopener noreferrer\">elefa44@gmail.com<\/a><\/em><\/p>\n","protected":false},"excerpt":{"rendered":"<p><span style=\"color: #005497;\"><strong>Eleazar Flores<\/strong><\/span><\/p>\n","protected":false},"author":3,"featured_media":0,"comment_status":"open","ping_status":"open","sticky":false,"template":"","format":"standard","meta":{"_monsterinsights_skip_tracking":false,"_monsterinsights_sitenote_active":false,"_monsterinsights_sitenote_note":"","_monsterinsights_sitenote_category":0,"footnotes":""},"categories":[81743],"tags":[81744,81776,43674],"class_list":["post-545691","post","type-post","status-publish","format-standard","hentry","category-eleazar-flores","tag-eleazar-flores","tag-espacio-electoral","tag-opinion"],"_links":{"self":[{"href":"https:\/\/www.diarioimagen.net\/index.php?rest_route=\/wp\/v2\/posts\/545691","targetHints":{"allow":["GET"]}}],"collection":[{"href":"https:\/\/www.diarioimagen.net\/index.php?rest_route=\/wp\/v2\/posts"}],"about":[{"href":"https:\/\/www.diarioimagen.net\/index.php?rest_route=\/wp\/v2\/types\/post"}],"author":[{"embeddable":true,"href":"https:\/\/www.diarioimagen.net\/index.php?rest_route=\/wp\/v2\/users\/3"}],"replies":[{"embeddable":true,"href":"https:\/\/www.diarioimagen.net\/index.php?rest_route=%2Fwp%2Fv2%2Fcomments&post=545691"}],"version-history":[{"count":0,"href":"https:\/\/www.diarioimagen.net\/index.php?rest_route=\/wp\/v2\/posts\/545691\/revisions"}],"wp:attachment":[{"href":"https:\/\/www.diarioimagen.net\/index.php?rest_route=%2Fwp%2Fv2%2Fmedia&parent=545691"}],"wp:term":[{"taxonomy":"category","embeddable":true,"href":"https:\/\/www.diarioimagen.net\/index.php?rest_route=%2Fwp%2Fv2%2Fcategories&post=545691"},{"taxonomy":"post_tag","embeddable":true,"href":"https:\/\/www.diarioimagen.net\/index.php?rest_route=%2Fwp%2Fv2%2Ftags&post=545691"}],"curies":[{"name":"wp","href":"https:\/\/api.w.org\/{rel}","templated":true}]}}