{"id":545700,"date":"2022-05-09T00:10:55","date_gmt":"2022-05-09T05:10:55","guid":{"rendered":"https:\/\/www.diarioimagen.net\/?p=545700"},"modified":"2022-05-09T05:21:01","modified_gmt":"2022-05-09T10:21:01","slug":"sera-beatriz","status":"publish","type":"post","link":"https:\/\/www.diarioimagen.net\/?p=545700","title":{"rendered":"\u00bfSer\u00e1 Beatriz?"},"content":{"rendered":"<h2>Triple Erre<\/h2>\n<h5>Francisco Reynoso<\/h5>\n<p>&nbsp;<\/p>\n<p>En 2024 M\u00e9xico celebrar\u00e1 el bicentenario de la primera elecci\u00f3n democr\u00e1tica de un Presidente de la Rep\u00fablica. Ese a\u00f1o se aplicaron las reglas que establec\u00eda la Constituci\u00f3n de 1824, reci\u00e9n promulgada.<\/p>\n<p>Guadalupe Victoria fue el primer Presidente del M\u00e9xico independiente electo en las urnas.<\/p>\n<p>En realidad su nombre era Jos\u00e9 Miguel Ram\u00f3n Adaucto Fern\u00e1ndez y F\u00e9lix.<\/p>\n<p>Con todo y eso logr\u00f3 permanecer en su cargo todo el periodo para el que fue electo democr\u00e1ticamente. De octubre de 1824 a marzo de 1829. Cuatro a\u00f1os y cinco meses.<\/p>\n<p>Decir democr\u00e1ticamente tiene sus asegunes.<\/p>\n<p>La democracia a la mexicana, por sus condimentos, laboriosidad y listeza en su ejecuci\u00f3n, es un platillo que maravilla a todo el mundo.<\/p>\n<p>Es algo as\u00ed como los chiles en nogada que inventaron las monjas agustinas del convento de Santa M\u00f3nica, en Puebla, para rendir culto a su alteza seren\u00edsima, el emperador Agust\u00edn de Iturbide.<\/p>\n<p>Son una maravilla a la vista y al sabor, elaborados por artistas que los rellenan de carnita sin que nadie lo note.<\/p>\n<p>En 2024 se va L\u00f3pez Obrador. O al menos eso dice la ley. Y eso dice \u00e9l.<\/p>\n<p>Empero nadie sabe qu\u00e9 est\u00e9 pensando. Y qu\u00e9 est\u00e9 fraguando. Porque L\u00f3pez, lo hemos dicho, es un demonio. Y como tiene el poder omn\u00edmodo de la Presidencia de la Rep\u00fablica, chico se le hace el mar para echarse un buche de agua.<\/p>\n<p>Dos temas de la Constituci\u00f3n de 1824 querr\u00eda importar L\u00f3pez de la Constituci\u00f3n del 24 a nuestra parchada Carta Magna.<\/p>\n<p>Uno es el de la reelecci\u00f3n. La Constituci\u00f3n del 24 la prohib\u00eda de forma continua. El Presidente que se quiera reelegir -consignaba- tendr\u00e1 que esperar un periodo de cuatro a\u00f1os.<\/p>\n<p>Aunque hubo quien no respet\u00f3 esa norma.<\/p>\n<p>Benito Ju\u00e1rez Garc\u00eda fue electo en 1859 y no solt\u00f3 la ubre hasta 1972. Y eso porque se muri\u00f3.<\/p>\n<p>M\u00e1s democr\u00e1tico, Porfirio D\u00edaz fue presidente de 1876 a 1880. Y dej\u00f3 la investidura para su compadre Manuel Gonz\u00e1lez, quien ejerci\u00f3 el poder hasta 1884. Regres\u00f3 Porfirio, cambi\u00f3 la Constituci\u00f3n -caprichos presidenciales- y no dej\u00f3 el poder hasta 1911.<\/p>\n<p>En ese contexto, a L\u00f3pez Obrador le gustar\u00eda una reforma constitucional que impidiera la reelecci\u00f3n inmediata. La intermedia ya es otra cosa. Podr\u00eda quedarse en Palacio Nacional Claudia Sheinbaum de 2024 y luego regresar \u00e9l para \u201csacrificarse\u201d por el pueblo sabio; por ese pueblo que es el que pone y quita a sus gobernantes.<\/p>\n<p>Otro tema de la Constituci\u00f3n de 1924 que a L\u00f3pez Obrador le gustar\u00eda inscribir en la actual Constituci\u00f3n es el del periodo gubernamental de 8 a\u00f1os.<\/p>\n<p>Y tambi\u00e9n la forma de elegir al Presidente de M\u00e9xico mediante ternas que deb\u00edan presentar los congresos locales.<\/p>\n<p>El Congreso de la Uni\u00f3n -las c\u00e1maras de Senadores y Diputados unidas- recibir\u00edan las ternas de los 32 congresos locales y el o los ciudadanos o ciudadanos con mayor\u00eda de menciones ser\u00e1n del que surja el Presidente o Presidenta de la Rep\u00fablica.<\/p>\n<p>Actualmente, Morena tiene mayor\u00eda en 21 congresos locales. Dominar\u00eda, as\u00ed pues, la elecci\u00f3n presidencial si estuviera regida, como le gustar\u00eda a L\u00f3pez Obrador, por las reglas de la Constituci\u00f3n de 1824.<\/p>\n<p style=\"text-align: center;\"><strong>El recaudo<\/strong><\/p>\n<p>No son pocos los que piensan que Claudia Sheinbaum dilapid\u00f3 el capital pol\u00edtico que le gener\u00f3 ser la \u201ccorcholata\u201d preferida de L\u00f3pez Obrador para la sucesi\u00f3n presidencial. Muchos analistas la ven fuera de la carrera presidencial. Consideran que el \u201coso\u201d que hace con la empresa DNV que hizo el peritaje en la L\u00ednea 12 de Metro. Primero dijo que era una maravilla del mundo mundial y ahora que el resultado del tercer peritaje no le favorece, la acusa de corrupci\u00f3n, de estar vinculada con el noeliberalismo priista de Enrique Pe\u00f1a. La firma noruega ya se defendi\u00f3 y est\u00e1 poniendo en rid\u00edculo a la jefa del gobierno de la Ciudad de M\u00e9xico.<\/p>\n<p>A juicio de muchos polit\u00f3logos, Claudia nunca fue la candidata de L\u00f3pez Obrador. La destap\u00f3 para que la oposici\u00f3n y los adversarios se la comieran a mordidas y la maledicencia no llegara a su verdadero alfil.<\/p>\n<p>El verdadero sucesor de L\u00f3pez Obrador ser\u00eda el secretario de Gobernaci\u00f3n, Ad\u00e1n Augusto L\u00f3pez, quien tambi\u00e9n es garant\u00eda, o al menos eso cree el \u201ccaudillo\u201d, de lealtad a ciegas.<\/p>\n<p>Sin embargo, cada vez son m\u00e1s los que piensan que el o la favorita de L\u00f3pez Obrador para el 2024 est\u00e1 tapada o tapado.<\/p>\n<p>L\u00f3pez Obrador es tan h\u00e1bil que tiene a toda la oposici\u00f3n bailando en torno a Claudia Sheinbaum y a Ad\u00e1n Augusto L\u00f3pez, y tambi\u00e9n alrededor de los disidentes como Ricardo Monreal. Mientras que el o la favorita del Presidente est\u00e1 en la sombra, a buen recaudo de los ca\u00f1onazos enemigos y del fuego amigo.<\/p>\n<p>\u00bfSer\u00e1 Beatriz Guti\u00e9rrez M\u00fcller?<\/p>\n<p>Usted tiene la mejor opini\u00f3n.<\/p>\n<p>&nbsp;<\/p>\n<p><em>La verdad es la verdad<\/em><br \/>\n<em>y no admite otros datos<\/em><\/p>\n<p>&nbsp;<\/p>\n<p><a href=\"mailto:donrunrun@yahoo.es\" target=\"_blank\" rel=\"noopener\"><em>donrunrun@yahoo.es<\/em><\/a><\/p>\n","protected":false},"excerpt":{"rendered":"<p><span style=\"color: #005497;\"><strong>Francisco Reynoso<\/strong><\/span><br \/>\n<br \/>\nEn 2024 M\u00e9xico celebrar\u00e1 el bicentenario de la primera elecci\u00f3n democr\u00e1tica de un Presidente de la Rep\u00fablica. Ese a\u00f1o se aplicaron las reglas que establec\u00eda la Constituci\u00f3n de 1824, reci\u00e9n promulgada.<\/p>\n","protected":false},"author":3,"featured_media":0,"comment_status":"open","ping_status":"open","sticky":false,"template":"","format":"standard","meta":{"_monsterinsights_skip_tracking":false,"_monsterinsights_sitenote_active":false,"_monsterinsights_sitenote_note":"","_monsterinsights_sitenote_category":0,"footnotes":""},"categories":[94855],"tags":[94857,43674,94856],"class_list":["post-545700","post","type-post","status-publish","format-standard","hentry","category-francisco-reynoso","tag-francisco-reynoso","tag-opinion","tag-triple-erre"],"_links":{"self":[{"href":"https:\/\/www.diarioimagen.net\/index.php?rest_route=\/wp\/v2\/posts\/545700","targetHints":{"allow":["GET"]}}],"collection":[{"href":"https:\/\/www.diarioimagen.net\/index.php?rest_route=\/wp\/v2\/posts"}],"about":[{"href":"https:\/\/www.diarioimagen.net\/index.php?rest_route=\/wp\/v2\/types\/post"}],"author":[{"embeddable":true,"href":"https:\/\/www.diarioimagen.net\/index.php?rest_route=\/wp\/v2\/users\/3"}],"replies":[{"embeddable":true,"href":"https:\/\/www.diarioimagen.net\/index.php?rest_route=%2Fwp%2Fv2%2Fcomments&post=545700"}],"version-history":[{"count":0,"href":"https:\/\/www.diarioimagen.net\/index.php?rest_route=\/wp\/v2\/posts\/545700\/revisions"}],"wp:attachment":[{"href":"https:\/\/www.diarioimagen.net\/index.php?rest_route=%2Fwp%2Fv2%2Fmedia&parent=545700"}],"wp:term":[{"taxonomy":"category","embeddable":true,"href":"https:\/\/www.diarioimagen.net\/index.php?rest_route=%2Fwp%2Fv2%2Fcategories&post=545700"},{"taxonomy":"post_tag","embeddable":true,"href":"https:\/\/www.diarioimagen.net\/index.php?rest_route=%2Fwp%2Fv2%2Ftags&post=545700"}],"curies":[{"name":"wp","href":"https:\/\/api.w.org\/{rel}","templated":true}]}}