{"id":545729,"date":"2022-05-09T00:12:28","date_gmt":"2022-05-09T05:12:28","guid":{"rendered":"https:\/\/www.diarioimagen.net\/?p=545729"},"modified":"2022-05-09T05:48:34","modified_gmt":"2022-05-09T10:48:34","slug":"lula-va-a-echar-fuera-a-bolsonaro-y-a-amlo-del-liderazgo-regional","status":"publish","type":"post","link":"https:\/\/www.diarioimagen.net\/?p=545729","title":{"rendered":"Lula va a echar fuera a Bolsonaro&#8230; y a AMLO del liderazgo regional"},"content":{"rendered":"<h2>Tras la puerta del poder<\/h2>\n<h5>Roberto Vizca\u00edno<\/h5>\n<p>&nbsp;<\/p>\n<p>El fin de semana, <strong>Luiz In\u00e1cio Lula da Silva<\/strong>\u00a0anunci\u00f3 que va el domingo 2 de octubre pr\u00f3ximo de nuevo por la presidencia de Brasil.<\/p>\n<p>Para nadie, ni en Brasil ni en el resto del mundo, fue una sorpresa. La verdad es que su tortuoso e intrincado proceso judicial y encarcelamiento por denuncias de corrupci\u00f3n fueron un obvio entramado mal armado para impedirle regresar al poder.<\/p>\n<p>Todo eso lleg\u00f3 hasta El Supremo, as\u00ed le dicen all\u00e1 a la Suprema Corte, donde al final le quitaron todos los cargos y decretaron su absoluci\u00f3n absoluta.<\/p>\n<p>En esas condiciones\u00a0<strong>Lula<\/strong>\u00a0regresa a la vida pol\u00edtica con 76 a\u00f1os \u2014naci\u00f3 el 27 de octubre de 1945\u2014 y con una fuerza popular que lo pone en la punta de todas las encuestas presidenciales.<\/p>\n<p>Su contendiente ser\u00e1 el actual mandatario brasile\u00f1o\u00a0<strong>Jair Messias Bolsonaro<\/strong>, quien ha cometido todas las barbaridades y errores en su mandato.<\/p>\n<p>Pero no ser\u00e1 eso lo que haga ganar de nuevo a\u00a0<strong>Lula<\/strong>.<\/p>\n<p>No. Lo que hace tan popular a <strong>Lula<\/strong> es que durante su mandato logr\u00f3 incorporar a 40 millones de pobres a clases medias y coloc\u00f3 a Brasil como la primera potencia industrial y econ\u00f3mica del continente. Y pese a que dej\u00f3 63 millones de pobres, logr\u00f3 disminuir sustancialmente la desigualdad.<\/p>\n<p>Al salir del poder el 31 de diciembre de 2010 -luego de haber cumplido un mandato que asumi\u00f3 el 1 de enero de 203-, no s\u00f3lo fue despedido por una concentraci\u00f3n en Brasilia que sum\u00f3 a unos 5 millones de personas, sino que transmiti\u00f3 el poder a quien \u00e9l propuso: a\u00a0<strong>Dilma Roussef<\/strong>.<\/p>\n<p>En ese momento\u00a0<strong>Lula<\/strong>\u00a0era todo un fen\u00f3meno de popularidad pol\u00edtica real.<\/p>\n<p>Con la incapacidad de gobernar de su sucesora vinieron para \u00e9l los a\u00f1os negros. Se\u00f1alamientos de corrupci\u00f3n, c\u00e1rcel, y un obvio intento por obstruir y anular su reingreso.<\/p>\n<p>Todo eso fracas\u00f3 y\u00a0<strong>Lula<\/strong>\u00a0est\u00e1 de vuelta.<\/p>\n<p>Y al lograrlo no s\u00f3lo apunta a echar fuera de la presidencia de Brasil a\u00a0<strong>Bolsonaro,<\/strong>\u00a0sino para retomar un liderazgo pol\u00edtico regional en el que no tiene competencia.<\/p>\n<p>Al primero que dejar\u00e1 de lado, sin duda, es al mexicano\u00a0<strong>Andr\u00e9s Manuel L\u00f3pez Obrador,<\/strong>\u00a0un presidente que mantiene a su pa\u00eds en vilo no s\u00f3lo por los nunca antes vistos niveles de inseguridad y muerte con casi 130 mil ejecutados; en medio de una ola espantosa de feminicidios; asesinato de periodistas que hacen a M\u00e9xico el pa\u00eds m\u00e1s peligroso para el periodismo en el mundo; con niveles de crecimiento del PIB de menos 0 y con 12 millones m\u00e1s pobres.<\/p>\n<p>Podr\u00edamos decir que\u00a0<strong>AMLO<\/strong>\u00a0es la ant\u00edtesis de\u00a0<strong>Lula<\/strong>.<\/p>\n<p>En el resto del continente el brasile\u00f1o no tiene tampoco contendientes. Venezuela sigue con\u00a0<strong>Nicol\u00e1s Maduro<\/strong>\u00a0al frente; Colombia va por un presidente socialista que no apunta a nada bueno; Chile navega en una ola de incertidumbre con un joven presidente de izquierdas que no acierta tomar buenas decisiones; Per\u00fa y Bolivia viven en una crisis pol\u00edtica y econ\u00f3mica permanente mientras Argentina con un presidente muy, muy parecido al mexicano\u00a0<strong>L\u00f3pez Obrador<\/strong>\u00a0se hunde cada vez m\u00e1s, y las naciones centroamericanas solo expulsan miles y miles de migrantes\u00a0\u00a0cada mes a Estados Unidos.<\/p>\n<p style=\"text-align: center;\"><strong>AMLO en Cuba: \u00bfcu\u00e1nto costar\u00e1 a los mexicanos esa visita?<\/strong><\/p>\n<p>A diferencia del buen desempe\u00f1o de\u00a0<strong>Lula<\/strong>,\u00a0<strong>Andr\u00e9s Manuel L\u00f3pez Obrador<\/strong>\u00a0genera incertidumbre y grandes dudas. Nadie sabe cu\u00e1l fue su intenci\u00f3n de su fugaz visita a El Salvador, Honduras, Belice y Cuba.<\/p>\n<p>La mayor\u00eda coincide que su objetivo era viajar a Cuba y que el resto de sus visitas s\u00f3lo fueron un pretexto.<\/p>\n<p>Pero Cuba s\u00f3lo representa 307 millones de d\u00f3lares anuales de exportaciones de M\u00e9xico y la importaci\u00f3n de productos y servicios cubanos que no va m\u00e1s all\u00e1 de los 18 millones de d\u00f3lares.<\/p>\n<p>No pocos se preguntan si en lugar de ir a esos pa\u00edses,\u00a0<strong>AMLO<\/strong>\u00a0debi\u00f3 ir a Estados Unidos, pa\u00eds con el que nuestro comercio bilateral represent\u00f3 en 2021 los 661 mil 164 millones de d\u00f3lares, la cifra m\u00e1s alta desde que hay registro y que incluye importaciones y exportaciones.<\/p>\n<p>En Estados Unidos hay unos 12 o m\u00e1s millones de migrantes mexicanos y unos 25 millones m\u00e1s de ciudadanos de origen mexicano que env\u00edan remesas a M\u00e9xico sobre los 50 mil millones de d\u00f3lares.<\/p>\n<p>En Cuba ni siquiera pintan los migrantes mexicanos y las remesas van de aqu\u00ed para la isla, no al rev\u00e9s.<\/p>\n<p>En su visita\u00a0<strong>AMLO<\/strong>\u00a0lanz\u00f3 un llamado para que EU retire el bloqueo a Cuba, un bloqueo que data de febrero de 1962 y que fue impuesto por el presidente leyenda\u00a0<strong>John F. Kennedy<\/strong>&#8230; O sea. Seguro que millones y millones de estadounidenses, incluidos los cubanos de Miami y anexas, pensar\u00e1n que nuestro presidente enloqueci\u00f3 o fum\u00f3 yerbita vaciladora.<\/p>\n<p>Yo me atrevo a pensar: \u00bfCu\u00e1nto nos va a costar a los mexicanos este viajecito, la presea otorgada a\u00a0<strong>AMLO<\/strong>\u00a0y las declaraciones que el tabasque\u00f1o hizo en Cuba?<\/p>\n<p style=\"text-align: center;\"><strong>Monreal vive el caos del AICM<\/strong><\/p>\n<p><strong>Ricardo Monreal<\/strong>\u00a0anduvo tambi\u00e9n de viaje el fin de la semana. Pero como ni fue invitado ni a Centroam\u00e9rica y menos a Cuba, pues se fue a Chihuahua donde encabez\u00f3 un evento con j\u00f3venes.<\/p>\n<p>Todo fue bien para \u00e9l, hasta que se subi\u00f3 al avi\u00f3n de regreso a la capital del pa\u00eds.<\/p>\n<p>Ah\u00ed comenz\u00f3 una pesadilla que ha sido la constante en cientos de miles de pasajeros que buscan llegar a la Ciudad de M\u00e9xico desde otros pa\u00edses o desde algunas ciudades de M\u00e9xico.<\/p>\n<p>Demoras, sobrevuelos y desv\u00edos para reabastecer combustible o de plano para seguir camino hacia la capital por la v\u00eda terrestre.<\/p>\n<p>Un esc\u00e1ndalo ha sido la revelaci\u00f3n de que dos aviones de una l\u00ednea a\u00e9rea mexicana estuvieron a punto de colapsar en el Aeropuerto Internacional de la Ciudad de M\u00e9xico. La pericia de uno de sus pilotos los salv\u00f3 del desastre.<\/p>\n<p>Narra <strong>Monreal<\/strong>:<\/p>\n<p>\u201cDuramos en el avi\u00f3n desde las 8 de la noche hasta las 3 de la ma\u00f1ana. Como legislador, como representante de la naci\u00f3n, me preocup\u00e9 porque vi la desesperaci\u00f3n que yo compart\u00ed con los dem\u00e1s pasajeros en esta experiencia. Algunos perdieron su conexi\u00f3n, otros ten\u00edan reuniones o simplemente la urgencia de reunirse con su familia&#8230;<\/p>\n<p>\u201cTodos sentados, desesperados y preocupados estuvimos dando vueltas por la Ciudad de M\u00e9xico, que en ese momento se presentaba una tormenta tambi\u00e9n y fuimos a aterrizar para reabastecer combustible hasta Guadalajara. En Guadalajara, sin bajarnos del vuelo, estuvimos una hora hasta que nos autorizaron regresar a la Ciudad de M\u00e9xico arribando a las 3:30 de la ma\u00f1ana<\/p>\n<p>\u201cYo he estado pensando, como presidente de la Junta de Coordinaci\u00f3n Pol\u00edtica, que debemos involucrarnos en lo que est\u00e1 pasando en el Aeropuerto Internacional de la Ciudad de M\u00e9xico. Es probable \u2212voy a reunirme con todos en el grupo parlamentario\u2212 que citemos a comparecer al secretario de Comunicaciones y Transportes, pero tambi\u00e9n a los responsables de aeron\u00e1utica civil y responsables tambi\u00e9n de todo lo que est\u00e1 sucediendo, porque estamos estos d\u00edas observando en el Aeropuerto de la Ciudad de M\u00e9xico o en los aeropuertos del Valle de M\u00e9xico, desv\u00edos de los lugares de destino, demoras excesivas, incidentes de conexi\u00f3n y tambi\u00e9n desviaci\u00f3n a lugares remotos, con la preocupaci\u00f3n del abastecimiento de combustible\u201d.<\/p>\n<p>Valdr\u00eda la pena que en verdad el Senado le metiera mano a todo este desastre.<\/p>\n<p><em><a href=\"mailto:rvizcainoa@gmail.com\" target=\"_blank\" rel=\"noopener noreferrer\">vizcainoa@gmail.com<\/a><a href=\"mailto:rvizcainoa@gmail.com\" target=\"_blank\" rel=\"noopener noreferrer\"><br \/>\n<\/a><a href=\"http:\/\/endirecto.mx\" target=\"_blank\" rel=\"noopener noreferrer\">www.endirecto.mx<\/a><a href=\"mailto:rvizcainoa@gmail.com\" target=\"_blank\" rel=\"noopener noreferrer\"><br \/>\n<\/a><a href=\"https:\/\/twitter.com\/_rvizcaino\" target=\"_blank\" rel=\"noopener noreferrer\">@_RVizcaino<\/a><a href=\"mailto:rvizcainoa@gmail.com\" target=\"_blank\" rel=\"noopener noreferrer\"><br \/>\n<\/a><a href=\"https:\/\/www.facebook.com\/rvizcainoa\" target=\"_blank\" rel=\"noopener noreferrer\">facebook.com\/rvizcainoa<\/a><\/em><\/p>\n","protected":false},"excerpt":{"rendered":"<p><span style=\"color: #005497;\"><strong>Roberto Vizca\u00edno<\/strong><\/span><br \/>\n<br \/>\nEl fin de semana, <strong>Luiz In\u00e1cio Lula da Silva<\/strong> anunci\u00f3 que va el domingo 2 de octubre pr\u00f3ximo de nuevo por la presidencia de Brasil.<\/p>\n","protected":false},"author":3,"featured_media":0,"comment_status":"open","ping_status":"open","sticky":false,"template":"","format":"standard","meta":{"_monsterinsights_skip_tracking":false,"_monsterinsights_sitenote_active":false,"_monsterinsights_sitenote_note":"","_monsterinsights_sitenote_category":0,"footnotes":""},"categories":[136],"tags":[43674,93,94],"class_list":["post-545729","post","type-post","status-publish","format-standard","hentry","category-roberto-vizcaino-opinion","tag-opinion","tag-roberto-vizcaino","tag-tras-la-puerta-del-poder"],"_links":{"self":[{"href":"https:\/\/www.diarioimagen.net\/index.php?rest_route=\/wp\/v2\/posts\/545729","targetHints":{"allow":["GET"]}}],"collection":[{"href":"https:\/\/www.diarioimagen.net\/index.php?rest_route=\/wp\/v2\/posts"}],"about":[{"href":"https:\/\/www.diarioimagen.net\/index.php?rest_route=\/wp\/v2\/types\/post"}],"author":[{"embeddable":true,"href":"https:\/\/www.diarioimagen.net\/index.php?rest_route=\/wp\/v2\/users\/3"}],"replies":[{"embeddable":true,"href":"https:\/\/www.diarioimagen.net\/index.php?rest_route=%2Fwp%2Fv2%2Fcomments&post=545729"}],"version-history":[{"count":0,"href":"https:\/\/www.diarioimagen.net\/index.php?rest_route=\/wp\/v2\/posts\/545729\/revisions"}],"wp:attachment":[{"href":"https:\/\/www.diarioimagen.net\/index.php?rest_route=%2Fwp%2Fv2%2Fmedia&parent=545729"}],"wp:term":[{"taxonomy":"category","embeddable":true,"href":"https:\/\/www.diarioimagen.net\/index.php?rest_route=%2Fwp%2Fv2%2Fcategories&post=545729"},{"taxonomy":"post_tag","embeddable":true,"href":"https:\/\/www.diarioimagen.net\/index.php?rest_route=%2Fwp%2Fv2%2Ftags&post=545729"}],"curies":[{"name":"wp","href":"https:\/\/api.w.org\/{rel}","templated":true}]}}