{"id":545803,"date":"2022-05-10T00:01:07","date_gmt":"2022-05-10T05:01:07","guid":{"rendered":"https:\/\/www.diarioimagen.net\/?p=545803"},"modified":"2022-05-10T08:45:27","modified_gmt":"2022-05-10T13:45:27","slug":"cesan-al-director-de-seneam-en-medio-de-incidentes-aereos","status":"publish","type":"post","link":"https:\/\/www.diarioimagen.net\/?p=545803","title":{"rendered":"Cesan al director de Seneam, en medio de incidentes a\u00e9reos"},"content":{"rendered":"<p>&nbsp;<\/p>\n<ul>\n<li><strong><em>Controlador casi provoca una tragedia en el AICM<\/em><\/strong><\/li>\n<\/ul>\n<p>&nbsp;<\/p>\n<div id=\"attachment_545886\" style=\"width: 470px\" class=\"wp-caption aligncenter\"><a href=\"https:\/\/www.diarioimagen.net\/?attachment_id=545886\" rel=\"attachment wp-att-545886\"><img loading=\"lazy\" decoding=\"async\" aria-describedby=\"caption-attachment-545886\" class=\"size-full wp-image-545886\" src=\"https:\/\/www.diarioimagen.net\/wp-content\/uploads\/2022\/05\/DESTITUYEN-A-DIRECTOR-DE-SENEAM.jpg\" alt=\"\" width=\"460\" height=\"270\" \/><\/a><p id=\"caption-attachment-545886\" class=\"wp-caption-text\">Una falla de un controlador a\u00e9reo del Aeropuerto Internacional de la Ciudad de M\u00e9xico estuvo a punto de provocar una tragedia.<\/p><\/div>\n<p>&nbsp;<\/p>\n<p>Tras varios reportes de incidentes en el espacio a\u00e9reo del Valle de M\u00e9xico, V\u00edctor Manuel Hern\u00e1ndez dej\u00f3 su cargo como director General de Servicios a la Navegaci\u00f3n en el Espacio A\u00e9reo Mexicano (Seneam).<\/p>\n<p>\u201cMe permito presentar con car\u00e1cter de irrevocable mi renuncia, con efectos a partir del 9 de mayo del presente a\u00f1o, al puesto de Director General de Seneam puesto que he venido desempe\u00f1ando con honor y responsabilidad desde el primero de diciembre de 2018\u201d, se\u00f1ala la carta que envi\u00f3 al secretario de Infraestructura, Comunicaciones y Transportes, Jorge Arganis.<\/p>\n<p>Esta salida se da tras varios incidentes a\u00e9reos reportados, como el del s\u00e1bado pasado, cuando un avi\u00f3n aterriz\u00f3 en una pista ocupada del Aeropuerto Internacional de la Ciudad de M\u00e9xico (AICM). Presuntamente, no caus\u00f3 ning\u00fan da\u00f1o.<\/p>\n<p>Mientras, hace una semana la Federaci\u00f3n Internacional de Asociaciones de Pilotos de L\u00edneas A\u00e9reas (IFALPA, por sus siglas en ingl\u00e9s) revel\u00f3 un aumento de incidentes relacionados con aeronaves que llegan al AICM.<\/p>\n<p>\u201cEn el \u00faltimo mes, IFALPA ha tenido conocimiento de varios incidentes relacionados con aeronaves llegando al AICM con estados bajos de combustible por espera no planificada, desv\u00edos por exceso de retrasos y alertas significativas de Sistema de Advertencia de Proximidad al Suelo (GPWS) en las que una tripulaci\u00f3n casi tuvo un impacto contra el terreno sin p\u00e9rdida de control (CFIT)\u201d, se\u00f1al\u00f3 en comunicado la Federaci\u00f3n.<\/p>\n<p style=\"text-align: center;\"><strong>Difunden en redes video de incidente a\u00e9reo en el AICM<\/strong><\/p>\n<p>El pasado s\u00e1bado una falla en las instrucciones de la Torre de Control del AICM estuvo a punto de provocar la colisi\u00f3n entre dos aviones de Volaris.<\/p>\n<p>El momento, captado por miembros de una tripulaci\u00f3n que se hallaba en tierra, fue difundido en redes sociales. En el video se escucha que el piloto de una aeronave que estaba por aterrizar pide autorizaci\u00f3n para descender en la pista 05 izquierda, acci\u00f3n que le es permitida, sin embargo all\u00ed se hallaba otro avi\u00f3n de la misma aerol\u00ednea.<\/p>\n<p>En el audio se escucha que una persona de la tripulaci\u00f3n, que se hallaba en tierra, advierte que hay tr\u00e1nsito en la cabecera de la cinco izquierda, por lo que el piloto de la aeronave que a\u00fan se manten\u00eda en el aire realiza una maniobra para evitar la colisi\u00f3n.<\/p>\n<p>As\u00ed, el vuelo 799 ascendi\u00f3 nuevamente tras percatarse de la presencia del otro avi\u00f3n en la pista cinco izquierda.<\/p>\n<p>De acuerdo con los reportes, los hechos ocurrieron la noche del pasado 7 de mayo en el Aeropuerto Internacional de la Ciudad de M\u00e9xico. Las im\u00e1genes fueron captadas desde la cabina de una tercera aeronave.<\/p>\n<p>El pasado 6 de mayo, la Secretar\u00eda de Comunicaciones y Transportes (SCT) emiti\u00f3 un comunicado en el que asegur\u00f3 que trabaja en garantizar la seguridad operacional para los equipos en cualquier ruta y asegur\u00f3 que en lo que va del a\u00f1o no se cuenta con reportes oficiales de incidentes a\u00e9reos en el AICM.<\/p>\n<p style=\"text-align: center;\"><strong>Inician autoridades federales investigaci\u00f3n<\/strong><\/p>\n<p>Luego del incidente registrado en el Aeropuerto Internacional de la Ciudad de M\u00e9xico (AICM) el s\u00e1bado 7 de mayo, autoridades de la Agencia Federal de Aviaci\u00f3n Civil (AFAC) y Servicios a la Navegaci\u00f3n en el Espacio A\u00e9reo Mexicano (Seneam) iniciaron una investigaci\u00f3n para determinar las causas de lo sucedido.<\/p>\n<p>En un comunicado, la subsecretar\u00eda de Transportes inform\u00f3 que aplic\u00f3 los protocolos de investigaci\u00f3n incluidos en la normatividad aeron\u00e1utica.<\/p>\n<p>Adem\u00e1s, la Subsecretar\u00eda de Transporte formaliz\u00f3 la instalaci\u00f3n de una mesa permanente con actores aeron\u00e1uticos internacionales y nacionales, entre ellos la Asociaci\u00f3n Internacional de Transporte A\u00e9reo (IATA); la Federaci\u00f3n Internacional de Pilotos de las Aerol\u00edneas (IFALPA), la Asociaci\u00f3n Sindical de Pilotos Aviadores de M\u00e9xico (ASPA) y el Sindicato Nacional de Controladores A\u00e9reos (SINACTA), con quienes refrend\u00f3 el total compromiso con el sector aeron\u00e1utico para fortalecer y mejorar de manera continua la seguridad en el Espacio A\u00e9reo del Valle de M\u00e9xico.<\/p>\n<p>Se precis\u00f3 que las aeronaves involucradas en el incidente fueron el N545VL (Airbus A320) vuelo VOC 4069, que iba a despegar con destino a Guatemala; y la aeronave que ingres\u00f3 a la pista 05, XA-VRV (Airbus A320) vuelo VOI 799, procedente de Mazatl\u00e1n, Sinaloa.<\/p>\n","protected":false},"excerpt":{"rendered":"<p>Tras varios reportes de incidentes en el espacio a\u00e9reo del Valle de M\u00e9xico, V\u00edctor Manuel Hern\u00e1ndez dej\u00f3 su cargo como director General de Servicios a la Navegaci\u00f3n en el Espacio A\u00e9reo Mexicano (Seneam).<\/p>\n","protected":false},"author":3,"featured_media":545886,"comment_status":"open","ping_status":"open","sticky":false,"template":"","format":"standard","meta":{"_monsterinsights_skip_tracking":false,"_monsterinsights_sitenote_active":false,"_monsterinsights_sitenote_note":"","_monsterinsights_sitenote_category":0,"footnotes":""},"categories":[6],"tags":[76655,34444,16761,95403,43673,95402],"class_list":["post-545803","post","type-post","status-publish","format-standard","has-post-thumbnail","hentry","category-cd-de-mexico","tag-aereo","tag-cdmx","tag-cesan","tag-incidente","tag-nacional","tag-seneam"],"_links":{"self":[{"href":"https:\/\/www.diarioimagen.net\/index.php?rest_route=\/wp\/v2\/posts\/545803","targetHints":{"allow":["GET"]}}],"collection":[{"href":"https:\/\/www.diarioimagen.net\/index.php?rest_route=\/wp\/v2\/posts"}],"about":[{"href":"https:\/\/www.diarioimagen.net\/index.php?rest_route=\/wp\/v2\/types\/post"}],"author":[{"embeddable":true,"href":"https:\/\/www.diarioimagen.net\/index.php?rest_route=\/wp\/v2\/users\/3"}],"replies":[{"embeddable":true,"href":"https:\/\/www.diarioimagen.net\/index.php?rest_route=%2Fwp%2Fv2%2Fcomments&post=545803"}],"version-history":[{"count":0,"href":"https:\/\/www.diarioimagen.net\/index.php?rest_route=\/wp\/v2\/posts\/545803\/revisions"}],"wp:featuredmedia":[{"embeddable":true,"href":"https:\/\/www.diarioimagen.net\/index.php?rest_route=\/wp\/v2\/media\/545886"}],"wp:attachment":[{"href":"https:\/\/www.diarioimagen.net\/index.php?rest_route=%2Fwp%2Fv2%2Fmedia&parent=545803"}],"wp:term":[{"taxonomy":"category","embeddable":true,"href":"https:\/\/www.diarioimagen.net\/index.php?rest_route=%2Fwp%2Fv2%2Fcategories&post=545803"},{"taxonomy":"post_tag","embeddable":true,"href":"https:\/\/www.diarioimagen.net\/index.php?rest_route=%2Fwp%2Fv2%2Ftags&post=545803"}],"curies":[{"name":"wp","href":"https:\/\/api.w.org\/{rel}","templated":true}]}}