{"id":545813,"date":"2022-05-10T00:03:37","date_gmt":"2022-05-10T05:03:37","guid":{"rendered":"https:\/\/www.diarioimagen.net\/?p=545813"},"modified":"2022-05-10T09:31:16","modified_gmt":"2022-05-10T14:31:16","slug":"garantiza-alcaldesa-romina-contreras-mayor-abasto-de-agua-en-huixquilucan","status":"publish","type":"post","link":"https:\/\/www.diarioimagen.net\/?p=545813","title":{"rendered":"Garantiza alcaldesa Romina Contreras mayor abasto de agua en Huixquilucan"},"content":{"rendered":"<p>&nbsp;<\/p>\n<ul>\n<li><strong><em>Construcci\u00f3n del tanque La Pera<\/em><\/strong><\/li>\n<\/ul>\n<p>&nbsp;<\/p>\n<div id=\"attachment_545926\" style=\"width: 470px\" class=\"wp-caption aligncenter\"><a href=\"https:\/\/www.diarioimagen.net\/?attachment_id=545926\" rel=\"attachment wp-att-545926\"><img loading=\"lazy\" decoding=\"async\" aria-describedby=\"caption-attachment-545926\" class=\"size-full wp-image-545926\" src=\"https:\/\/www.diarioimagen.net\/wp-content\/uploads\/2022\/05\/huixquilucan.jpg\" alt=\"\" width=\"460\" height=\"270\" \/><\/a><p id=\"caption-attachment-545926\" class=\"wp-caption-text\">La presidenta municipal de Huixquilucan, Romina Contreras Carrasco, coloc\u00f3 la primera piedra del tanque La Pera.<\/p><\/div>\n<p>&nbsp;<\/p>\n<p><strong>Huixquilucan, Estado de M\u00e9xico.\u2014<\/strong> Con el objetivo de incrementar el abasto de agua potable en comunidades que han visto reducida la distribuci\u00f3n del l\u00edquido en los \u00faltimos a\u00f1os, el gobierno de Huixquilucan inici\u00f3 la construcci\u00f3n del tanque La Pera, en la comunidad del mismo nombre, con el que se pretende garantizar el recurso y, con ello, elevar la calidad de vida de la poblaci\u00f3n.<\/p>\n<p>Al colocar la primera piedra de este nuevo tanque, la presidenta municipal, Romina Contreras Carrasco, refrend\u00f3 su compromiso de incrementar las fuentes de abastecimiento propio que existen en el municipio, con el objetivo de que las y los huixquiluquenses cada d\u00eda dependan menos del Sistema Cutzamala para poder realizar sus actividades b\u00e1sicas y sin tener que enfrentar los recortes que se realizan de manera peri\u00f3dica ante las \u00e9pocas de sequ\u00eda que enfrenta el Valle de M\u00e9xico.<\/p>\n<p>Record\u00f3 que en los primeros cien d\u00edas de su administraci\u00f3n, se han hecho esfuerzos importantes para incrementar el abastecimiento de agua a la poblaci\u00f3n, como la perforaci\u00f3n del pozo en Hacienda del Ciervo y el inicio de la instalaci\u00f3n de los tanques de Loma del Carmen y El Pedregal, a los cuales se suma el de La Pera, con los que se busca alcanzar este objetivo.<\/p>\n<p>Al respecto, el director del Sistema Aguas de Huixquilucan, V\u00edctor Manuel B\u00e1ez Melo, se\u00f1al\u00f3 que esta obra era una petici\u00f3n que hab\u00eda hecho la poblaci\u00f3n de La Pera por varios a\u00f1os y que hoy se hace realidad, pues con este nuevo tanque se podr\u00e1 incrementar el abasto de agua potable en toda la comunidad que, al ir creciendo, con el paso de los a\u00f1os, fue demandando m\u00e1s l\u00edquido.<\/p>\n","protected":false},"excerpt":{"rendered":"<p>Con el objetivo de incrementar el abasto de agua potable en comunidades que han visto reducida la distribuci\u00f3n del l\u00edquido en los \u00faltimos a\u00f1os, el gobierno de Huixquilucan inici\u00f3 la construcci\u00f3n del tanque La Pera, en la comunidad del mismo nombre, con el que se pretende garantizar el recurso y, con ello, elevar la calidad de vida de la poblaci\u00f3n.<\/p>\n","protected":false},"author":3,"featured_media":545926,"comment_status":"open","ping_status":"open","sticky":false,"template":"","format":"standard","meta":{"_monsterinsights_skip_tracking":false,"_monsterinsights_sitenote_active":false,"_monsterinsights_sitenote_note":"","_monsterinsights_sitenote_category":0,"footnotes":""},"categories":[5],"tags":[45868,162,43675,1097],"class_list":["post-545813","post","type-post","status-publish","format-standard","has-post-thumbnail","hentry","category-estado-de-mexico","tag-abasto","tag-agua","tag-estado-de-mexico","tag-huixquilucan"],"_links":{"self":[{"href":"https:\/\/www.diarioimagen.net\/index.php?rest_route=\/wp\/v2\/posts\/545813","targetHints":{"allow":["GET"]}}],"collection":[{"href":"https:\/\/www.diarioimagen.net\/index.php?rest_route=\/wp\/v2\/posts"}],"about":[{"href":"https:\/\/www.diarioimagen.net\/index.php?rest_route=\/wp\/v2\/types\/post"}],"author":[{"embeddable":true,"href":"https:\/\/www.diarioimagen.net\/index.php?rest_route=\/wp\/v2\/users\/3"}],"replies":[{"embeddable":true,"href":"https:\/\/www.diarioimagen.net\/index.php?rest_route=%2Fwp%2Fv2%2Fcomments&post=545813"}],"version-history":[{"count":0,"href":"https:\/\/www.diarioimagen.net\/index.php?rest_route=\/wp\/v2\/posts\/545813\/revisions"}],"wp:featuredmedia":[{"embeddable":true,"href":"https:\/\/www.diarioimagen.net\/index.php?rest_route=\/wp\/v2\/media\/545926"}],"wp:attachment":[{"href":"https:\/\/www.diarioimagen.net\/index.php?rest_route=%2Fwp%2Fv2%2Fmedia&parent=545813"}],"wp:term":[{"taxonomy":"category","embeddable":true,"href":"https:\/\/www.diarioimagen.net\/index.php?rest_route=%2Fwp%2Fv2%2Fcategories&post=545813"},{"taxonomy":"post_tag","embeddable":true,"href":"https:\/\/www.diarioimagen.net\/index.php?rest_route=%2Fwp%2Fv2%2Ftags&post=545813"}],"curies":[{"name":"wp","href":"https:\/\/api.w.org\/{rel}","templated":true}]}}