{"id":545814,"date":"2022-05-10T00:02:59","date_gmt":"2022-05-10T05:02:59","guid":{"rendered":"https:\/\/www.diarioimagen.net\/?p=545814"},"modified":"2022-05-10T09:38:48","modified_gmt":"2022-05-10T14:38:48","slug":"el-prd-enfrentara-retos-importantes-en-edomex-afirma-la-regidora-lucy-cortes","status":"publish","type":"post","link":"https:\/\/www.diarioimagen.net\/?p=545814","title":{"rendered":"El PRD enfrentar\u00e1 retos importantes en Edomex, afirma la regidora Lucy Cort\u00e9s"},"content":{"rendered":"<p>&nbsp;<\/p>\n<ul>\n<li><strong><em>Poco a poco recupera preferencia en Naucalpan<\/em><\/strong><\/li>\n<\/ul>\n<p>&nbsp;<\/p>\n<h6>Arturo Baena<\/h6>\n<p>&nbsp;<\/p>\n<div id=\"attachment_545934\" style=\"width: 470px\" class=\"wp-caption aligncenter\"><a href=\"https:\/\/www.diarioimagen.net\/?attachment_id=545934\" rel=\"attachment wp-att-545934\"><img loading=\"lazy\" decoding=\"async\" aria-describedby=\"caption-attachment-545934\" class=\"size-full wp-image-545934\" src=\"https:\/\/www.diarioimagen.net\/wp-content\/uploads\/2022\/05\/naucalpan-5.jpg\" alt=\"\" width=\"460\" height=\"270\" \/><\/a><p id=\"caption-attachment-545934\" class=\"wp-caption-text\">Lucina Cort\u00e9s, regidora y presidenta del PRD en Naucalpan afirm\u00f3 que las puertas de sus oficinas estar\u00e1n abiertas para los ciudadanos.<\/p><\/div>\n<p>&nbsp;<\/p>\n<p><strong>Naucalpan, Estado de M\u00e9xico.\u2014<\/strong> Sin lugar a dudas que el PRD enfrentar\u00e1 retos importantes, como fortalecer el trabajo de gobierno en los municipios donde tiene presencia, recuperar poco a poco la preferencia del electorado y reafirmar su compromiso de seguir enarbolando las causas de la sociedad.<\/p>\n<p>Asegur\u00f3 lo anterior, Lucina Cort\u00e9s Cornejo, regidora y presidenta del Comit\u00e9 Municipal del sol azteca en esta localidad, al realizar un magno evento en el marco del 33 aniversario de ese instituto pol\u00edtico, en donde cientos de asistentes disfrutaron de rifas y regalos.<\/p>\n<p>\u201cEl PRD ha sido pionero e impulsor de la creaci\u00f3n de instituciones como la Comisi\u00f3n Nacional de Derechos Humanos, (CNDH) y del ahora Instituto Nacional Electoral (INE)\u201d, dijo.<\/p>\n<p>La representante popular, record\u00f3 qu\u00e9 \u201ccon las aportaciones del PRD, se tiene un M\u00e9xico democr\u00e1tico y de libertades, somos el partido que sembr\u00f3 la semilla de la democracia. Son 33 a\u00f1os de lucha, de entrega, aportando a la construcci\u00f3n de un mejor pa\u00eds\u201d, dijo. Acompa\u00f1ada de diversos actores pol\u00edticos del PRD como lo es el coordinador de la fracci\u00f3n en la C\u00e1mara de Diputados, Omar Ortega, Lucina Cort\u00e9s, afirm\u00f3 que las puertas de sus oficinas estar\u00e1n abiertas para y por los naucalpenses.<\/p>\n<p>Finalmente, la representante popular, afirm\u00f3 que \u201cno podemos titubear, no podemos dar ni un paso atr\u00e1s en las luchas que hemos dado en favor de los derechos de los ciudadanos, es momento de avanzar, de que con unidad retomemos el rumbo de nuestro partido\u201d, se\u00f1al\u00f3 ante la militancia que abarrot\u00f3 el Parque Revoluci\u00f3n.<\/p>\n","protected":false},"excerpt":{"rendered":"<p>Sin lugar a dudas que el PRD enfrentar\u00e1 retos importantes, como fortalecer el trabajo de gobierno en los municipios donde tiene presencia, recuperar poco a poco la preferencia del electorado y reafirmar su compromiso de seguir enarbolando las causas de la sociedad.<\/p>\n","protected":false},"author":3,"featured_media":545934,"comment_status":"open","ping_status":"open","sticky":false,"template":"","format":"standard","meta":{"_monsterinsights_skip_tracking":false,"_monsterinsights_sitenote_active":false,"_monsterinsights_sitenote_note":"","_monsterinsights_sitenote_category":0,"footnotes":""},"categories":[5],"tags":[43675,95405,970,45875],"class_list":["post-545814","post","type-post","status-publish","format-standard","has-post-thumbnail","hentry","category-estado-de-mexico","tag-estado-de-mexico","tag-lucy-cortes","tag-naucalpan","tag-retos"],"_links":{"self":[{"href":"https:\/\/www.diarioimagen.net\/index.php?rest_route=\/wp\/v2\/posts\/545814","targetHints":{"allow":["GET"]}}],"collection":[{"href":"https:\/\/www.diarioimagen.net\/index.php?rest_route=\/wp\/v2\/posts"}],"about":[{"href":"https:\/\/www.diarioimagen.net\/index.php?rest_route=\/wp\/v2\/types\/post"}],"author":[{"embeddable":true,"href":"https:\/\/www.diarioimagen.net\/index.php?rest_route=\/wp\/v2\/users\/3"}],"replies":[{"embeddable":true,"href":"https:\/\/www.diarioimagen.net\/index.php?rest_route=%2Fwp%2Fv2%2Fcomments&post=545814"}],"version-history":[{"count":0,"href":"https:\/\/www.diarioimagen.net\/index.php?rest_route=\/wp\/v2\/posts\/545814\/revisions"}],"wp:featuredmedia":[{"embeddable":true,"href":"https:\/\/www.diarioimagen.net\/index.php?rest_route=\/wp\/v2\/media\/545934"}],"wp:attachment":[{"href":"https:\/\/www.diarioimagen.net\/index.php?rest_route=%2Fwp%2Fv2%2Fmedia&parent=545814"}],"wp:term":[{"taxonomy":"category","embeddable":true,"href":"https:\/\/www.diarioimagen.net\/index.php?rest_route=%2Fwp%2Fv2%2Fcategories&post=545814"},{"taxonomy":"post_tag","embeddable":true,"href":"https:\/\/www.diarioimagen.net\/index.php?rest_route=%2Fwp%2Fv2%2Ftags&post=545814"}],"curies":[{"name":"wp","href":"https:\/\/api.w.org\/{rel}","templated":true}]}}