{"id":545818,"date":"2022-05-10T00:01:01","date_gmt":"2022-05-10T05:01:01","guid":{"rendered":"https:\/\/www.diarioimagen.net\/?p=545818"},"modified":"2022-05-10T09:38:53","modified_gmt":"2022-05-10T14:38:53","slug":"en-tiempo-y-forma-se-conocera-al-candidato-de-morena-para-el-estado-de-mexico-isaac-montoya","status":"publish","type":"post","link":"https:\/\/www.diarioimagen.net\/?p=545818","title":{"rendered":"En tiempo y forma se conocer\u00e1 al candidato de Morena para el Estado de M\u00e9xico: Isaac Montoya"},"content":{"rendered":"<p>&nbsp;<\/p>\n<ul>\n<li><strong><em>Descarta alguna ruptura<\/em><\/strong><\/li>\n<\/ul>\n<p>&nbsp;<\/p>\n<h6>Arturo Baena<\/h6>\n<p>&nbsp;<\/p>\n<div id=\"attachment_545932\" style=\"width: 293px\" class=\"wp-caption alignleft\"><a href=\"https:\/\/www.diarioimagen.net\/?attachment_id=545932\" rel=\"attachment wp-att-545932\"><img loading=\"lazy\" decoding=\"async\" aria-describedby=\"caption-attachment-545932\" class=\" wp-image-545932\" src=\"https:\/\/www.diarioimagen.net\/wp-content\/uploads\/2022\/05\/naucalpan-1-1.jpg\" alt=\"\" width=\"283\" height=\"357\" \/><\/a><p id=\"caption-attachment-545932\" class=\"wp-caption-text\">El diputado Isaac Montoya M\u00e1rquez, destac\u00f3 que \u201cest\u00e1 visto que dentro de Morena siempre ha existido la unidad.<\/p><\/div>\n<p><strong>Naucalpan, Estado de M\u00e9xico.\u2014<\/strong> En tiempo y forma, Morena designar\u00e1 a el o la abanderada para competir por la gubernatura del Estado de M\u00e9xico y no existir\u00e1 ruptura o divisionismo como sucede en otros partidos, y\u00a0 desde luego que se\u00a0 ganar\u00e1 la elecci\u00f3n.<\/p>\n<p>Afirm\u00f3 en entrevista, el diputado Isaac Montoya M\u00e1rquez, al tiempo de destacar que \u201cest\u00e1 visto que, dentro del Movimiento, siempre ha existido la unidad en torno a los principios de la Cuarta Transformaci\u00f3n, lo que nos ha llevado a triunfos importantes y el Estado de M\u00e9xico no ser\u00e1 la excepci\u00f3n\u201d, dijo.<\/p>\n<p>A\u00f1adi\u00f3 que los comicios en el territorio mexiquense son clave para la continuidad del proyecto de naci\u00f3n que encabeza el presidente Andr\u00e9s Manuel L\u00f3pez Manuel Obrador, por lo que ahora, m\u00e1s que nunca, es momento de sumar.<\/p>\n<p>\u201cLos militantes de izquierda estamos listos para apoyar al candidato o candidata que Morena elija. Estoy seguro que ser\u00e1 un proceso claro y transparente en el que se privilegien los resultados de las encuestas y el compromiso del eventual aspirante con los principios de la 4T\u201d, coment\u00f3 el legislador.<\/p>\n<p>\u201cRecordemos que el Estado de M\u00e9xico es la entidad con el padr\u00f3n m\u00e1s grande del pa\u00eds, que supera los diez millones de electores. Su papel es esencial para concretar y dar continuidad al proyecto de Naci\u00f3n \u201c, reiter\u00f3.<\/p>\n<p>Montoya M\u00e1rquez, record\u00f3 que Independientemente de qui\u00e9n sea abanderado o la abanderada de Morena, \u201clo importante es contar con un partido s\u00f3lido, organizado y con estructura interna, que responda a las demandas de las bases sociales\u201d, concluy\u00f3.<\/p>\n","protected":false},"excerpt":{"rendered":"<p>En tiempo y forma, Morena designar\u00e1 a el o la abanderada para competir por la gubernatura del Estado de M\u00e9xico y no existir\u00e1 ruptura o divisionismo como sucede en otros partidos, y\u00a0 desde luego que se\u00a0 ganar\u00e1 la elecci\u00f3n.<\/p>\n","protected":false},"author":3,"featured_media":545932,"comment_status":"open","ping_status":"open","sticky":false,"template":"","format":"standard","meta":{"_monsterinsights_skip_tracking":false,"_monsterinsights_sitenote_active":false,"_monsterinsights_sitenote_note":"","_monsterinsights_sitenote_category":0,"footnotes":""},"categories":[5],"tags":[43675,20663,970],"class_list":["post-545818","post","type-post","status-publish","format-standard","has-post-thumbnail","hentry","category-estado-de-mexico","tag-estado-de-mexico","tag-morena","tag-naucalpan"],"_links":{"self":[{"href":"https:\/\/www.diarioimagen.net\/index.php?rest_route=\/wp\/v2\/posts\/545818","targetHints":{"allow":["GET"]}}],"collection":[{"href":"https:\/\/www.diarioimagen.net\/index.php?rest_route=\/wp\/v2\/posts"}],"about":[{"href":"https:\/\/www.diarioimagen.net\/index.php?rest_route=\/wp\/v2\/types\/post"}],"author":[{"embeddable":true,"href":"https:\/\/www.diarioimagen.net\/index.php?rest_route=\/wp\/v2\/users\/3"}],"replies":[{"embeddable":true,"href":"https:\/\/www.diarioimagen.net\/index.php?rest_route=%2Fwp%2Fv2%2Fcomments&post=545818"}],"version-history":[{"count":0,"href":"https:\/\/www.diarioimagen.net\/index.php?rest_route=\/wp\/v2\/posts\/545818\/revisions"}],"wp:featuredmedia":[{"embeddable":true,"href":"https:\/\/www.diarioimagen.net\/index.php?rest_route=\/wp\/v2\/media\/545932"}],"wp:attachment":[{"href":"https:\/\/www.diarioimagen.net\/index.php?rest_route=%2Fwp%2Fv2%2Fmedia&parent=545818"}],"wp:term":[{"taxonomy":"category","embeddable":true,"href":"https:\/\/www.diarioimagen.net\/index.php?rest_route=%2Fwp%2Fv2%2Fcategories&post=545818"},{"taxonomy":"post_tag","embeddable":true,"href":"https:\/\/www.diarioimagen.net\/index.php?rest_route=%2Fwp%2Fv2%2Ftags&post=545818"}],"curies":[{"name":"wp","href":"https:\/\/api.w.org\/{rel}","templated":true}]}}