{"id":545829,"date":"2022-05-10T00:02:04","date_gmt":"2022-05-10T05:02:04","guid":{"rendered":"https:\/\/www.diarioimagen.net\/?p=545829"},"modified":"2022-05-11T06:57:45","modified_gmt":"2022-05-11T11:57:45","slug":"inflacion-se-acelera-a-7-68-en-abril-su-mayor-nivel-en-21-anos","status":"publish","type":"post","link":"https:\/\/www.diarioimagen.net\/?p=545829","title":{"rendered":"Inflaci\u00f3n se acelera a 7.68% en abril, su mayor nivel en 21 a\u00f1os"},"content":{"rendered":"<p>&nbsp;<\/p>\n<h3 style=\"text-align: center;\">Pese al acuerdo de empresarios y gobierno<\/h3>\n<p>&nbsp;<\/p>\n<ul>\n<li><strong><em>Banxico volver\u00e1 a elevar su tasa clave de inter\u00e9s, esta misma semana<\/em><\/strong><\/li>\n<\/ul>\n<p>&nbsp;<\/p>\n<div id=\"attachment_545914\" style=\"width: 470px\" class=\"wp-caption aligncenter\"><a href=\"https:\/\/www.diarioimagen.net\/?attachment_id=545914\" rel=\"attachment wp-att-545914\"><img loading=\"lazy\" decoding=\"async\" aria-describedby=\"caption-attachment-545914\" class=\"size-full wp-image-545914\" src=\"https:\/\/www.diarioimagen.net\/wp-content\/uploads\/2022\/05\/INFLACION-RECORD.jpg\" alt=\"\" width=\"460\" height=\"270\" \/><\/a><p id=\"caption-attachment-545914\" class=\"wp-caption-text\">De acuerdo a datos del Inegi, en el mes de abril, la inflaci\u00f3n en M\u00e9xico se aceler\u00f3 a 7.68 por ciento anual, su mayor nivel en 21 a\u00f1os.<\/p><\/div>\n<p>&nbsp;<\/p>\n<p>En abril de este a\u00f1o, la inflaci\u00f3n en M\u00e9xico se aceler\u00f3 a 7.68 por ciento anual, niveles no vistos en m\u00e1s de 21 a\u00f1os, revel\u00f3 este lunes el Instituto Nacional de Estad\u00edstica y Geograf\u00eda (Inegi), reforzando las expectativas de que el Banco de M\u00e9xico (Banxico) volver\u00e1 a subir su tasa clave de inter\u00e9s esta semana.<\/p>\n<p>El \u00cdndice Nacional de Precios al Consumidor (INPC) se ubic\u00f3 en un 7.68% a tasa interanual, su mayor nivel desde enero de 2001, de acuerdo con cifras divulgadas el lunes por el Inegi. Aun as\u00ed, estuvo por debajo de las proyecciones del mercado de una tasa de un 7.72%.<\/p>\n<p>Por su parte, la inflaci\u00f3n subyacente, considerada un mejor par\u00e1metro para medir la trayectoria de los precios porque elimina productos de alta volatilidad, registr\u00f3 una variaci\u00f3n de un 7.22%, tambi\u00e9n la m\u00e1s alta desde enero de 2001.<\/p>\n<p>Banco de M\u00e9xico, que tiene un objetivo permanente de inflaci\u00f3n de un 3% +\/- un punto porcentual, ha elevado la tasa referencial en un total de 250 puntos base en sus \u00faltimas siete reuniones de pol\u00edtica monetaria hasta su nivel actual de 6.5%.<\/p>\n<p>Su siguiente decisi\u00f3n est\u00e1 programada para el jueves. Analistas anticipan un nuevo aumento de 50 puntos base -emulando el m\u00e1s reciente movimiento de la Reserva Federal la semana pasada-, seg\u00fan un sondeo del grupo financiero Citibanamex. Adem\u00e1s, esperan que la tasa de fondeo culmine el a\u00f1o en un 8.5%.<\/p>\n<p>S\u00f3lo en abril, los precios crecieron un 0.54%, mientras que el \u00edndice subyacente arroj\u00f3 una tasa del 0.78%. Los productos que m\u00e1s incrementos sufrieron en el mes fueron el jitomate, la gasolina de bajo octanaje, el pollo y el aguacate, dijo el Inegi.<\/p>\n<p>La semana pasada, el gobierno lanz\u00f3 un plan temporal contra la elevada inflaci\u00f3n pactado con las principales empresas de alimentos del pa\u00eds y que incluye una mayor producci\u00f3n de granos como ma\u00edz, frijol y arroz, pero descarta la aplicaci\u00f3n de controles de precios.<\/p>\n","protected":false},"excerpt":{"rendered":"<p>En abril de este a\u00f1o, la inflaci\u00f3n en M\u00e9xico se aceler\u00f3 a 7.68 por ciento anual, niveles no vistos en m\u00e1s de 21 a\u00f1os, revel\u00f3 este lunes el Instituto Nacional de Estad\u00edstica y Geograf\u00eda (Inegi), reforzando las expectativas de que el Banco de M\u00e9xico (Banxico) volver\u00e1 a subir su tasa clave de inter\u00e9s esta semana.<\/p>\n","protected":false},"author":3,"featured_media":545914,"comment_status":"open","ping_status":"open","sticky":false,"template":"","format":"standard","meta":{"_monsterinsights_skip_tracking":false,"_monsterinsights_sitenote_active":false,"_monsterinsights_sitenote_note":"","_monsterinsights_sitenote_category":0,"footnotes":""},"categories":[8],"tags":[95407,77886],"class_list":["post-545829","post","type-post","status-publish","format-standard","has-post-thumbnail","hentry","category-finanzas","tag-inflacion-finanzas","tag-mayor"],"_links":{"self":[{"href":"https:\/\/www.diarioimagen.net\/index.php?rest_route=\/wp\/v2\/posts\/545829","targetHints":{"allow":["GET"]}}],"collection":[{"href":"https:\/\/www.diarioimagen.net\/index.php?rest_route=\/wp\/v2\/posts"}],"about":[{"href":"https:\/\/www.diarioimagen.net\/index.php?rest_route=\/wp\/v2\/types\/post"}],"author":[{"embeddable":true,"href":"https:\/\/www.diarioimagen.net\/index.php?rest_route=\/wp\/v2\/users\/3"}],"replies":[{"embeddable":true,"href":"https:\/\/www.diarioimagen.net\/index.php?rest_route=%2Fwp%2Fv2%2Fcomments&post=545829"}],"version-history":[{"count":0,"href":"https:\/\/www.diarioimagen.net\/index.php?rest_route=\/wp\/v2\/posts\/545829\/revisions"}],"wp:featuredmedia":[{"embeddable":true,"href":"https:\/\/www.diarioimagen.net\/index.php?rest_route=\/wp\/v2\/media\/545914"}],"wp:attachment":[{"href":"https:\/\/www.diarioimagen.net\/index.php?rest_route=%2Fwp%2Fv2%2Fmedia&parent=545829"}],"wp:term":[{"taxonomy":"category","embeddable":true,"href":"https:\/\/www.diarioimagen.net\/index.php?rest_route=%2Fwp%2Fv2%2Fcategories&post=545829"},{"taxonomy":"post_tag","embeddable":true,"href":"https:\/\/www.diarioimagen.net\/index.php?rest_route=%2Fwp%2Fv2%2Ftags&post=545829"}],"curies":[{"name":"wp","href":"https:\/\/api.w.org\/{rel}","templated":true}]}}