{"id":545834,"date":"2022-05-10T00:01:26","date_gmt":"2022-05-10T05:01:26","guid":{"rendered":"https:\/\/www.diarioimagen.net\/?p=545834"},"modified":"2022-05-10T03:43:27","modified_gmt":"2022-05-10T08:43:27","slug":"batalla-del-5-de-mayo","status":"publish","type":"post","link":"https:\/\/www.diarioimagen.net\/?p=545834","title":{"rendered":"Batalla del 5 de mayo"},"content":{"rendered":"<h2>De pe a pa<\/h2>\n<h5>Alberto Vieyra G.<\/h5>\n<p>&nbsp;<\/p>\n<p>\u00bfCu\u00e1l es la raz\u00f3n por la que, en la Casa Blanca en Washington conmemoran tan efusivamente la Batalla del 5 de mayo de 1862 en Puebla? \u00bfBenito Ju\u00e1rez cont\u00f3 con el apoyo norteamericano para derrotar al ej\u00e9rcito franc\u00e9s y echarlo de M\u00e9xico, tras fusilar a Maximiliano de Habsburgo?<\/p>\n<p>Har\u00e9 un poco de historia:<\/p>\n<p>En 1861, M\u00e9xico estaba en la vil ruina econ\u00f3mica, s\u00f3lo 8 estados de la Rep\u00fablica tributaban cualquier cosa a la Federaci\u00f3n. Ante tal ruina, Benito Ju\u00e1rez decretar\u00eda la suspensi\u00f3n del pago de la deuda externa el 17 de julio de 1861, no noviembre de 1891, como afirma AMLO.<\/p>\n<p>M\u00e9xico deb\u00eda a Espa\u00f1a, Inglaterra y Francia 80 millones de pesos, es decir 80 millones de d\u00f3lares, ya que la paridad peso\/d\u00f3lar era de a peso, aunque no faltan historiadores que hablan de solamente 18 millones de pesos. A Francia era la potencia europea a la que menos se le deb\u00eda con solo 2.5 millones de pesos, pero la Francia del Napole\u00f3n III, apodado <em>el peque\u00f1o<\/em> tra\u00eda un perverso plan con ma\u00f1a, igual que Espa\u00f1a e Inglaterra, s\u00f3lo que el gobierno de Benito Ju\u00e1rez por medio de Manuel Doblado arreglo con estas dos \u00faltimas potencias y solamente Francia se qued\u00f3 en el puerto de Veracruz lista para hacer de M\u00e9xico un protectorado y de Am\u00e9rica Latina toda una colonia del imperio franc\u00e9s. Estados Unidos jam\u00e1s permitir\u00eda esa pol\u00edtica expansionista de las potencias europeas en Am\u00e9rica.<\/p>\n<p>Estados Unidos se encontraba en la Guerra de Secesi\u00f3n, conocida tambi\u00e9n como la guerra entre el norte y el sur. Las potencias europeas quisieron aprovechar esa distracci\u00f3n de Estados Unidos para apoderarse de Am\u00e9rica Latina. Por aquellos a\u00f1os de 1862, Benito Ju\u00e1rez acredit\u00f3 como embajador de M\u00e9xico en Estados Unidos a don Melchor Ocampo, pero el presidente norteamericano Abraham Lincoln, el mandatario m\u00e1s narig\u00f3n que ha tenido Estados Unidos, ni siquiera se dign\u00f3 en recibir al diplom\u00e1tico mexicano y solamente se limit\u00f3 a desearle \u201cbuena suerte\u201d al Benem\u00e9rito de las Am\u00e9ricas, reconocimiento que le otorg\u00f3 el Congreso de Colombia para que echara de M\u00e9xico a la brevedad posible a los franceses. En 1876, EU advertir\u00eda a Napole\u00f3n III que, si no retiraba su ej\u00e9rcito de M\u00e9xico con m\u00e1s de 28 mil hombres, Estados Unidos invadir\u00eda territorio franc\u00e9s. El ej\u00e9rcito franc\u00e9s invadir\u00eda M\u00e9xico precedido de ser el ej\u00e9rcito m\u00e1s poderoso del mundo, pero no contaba con que M\u00e9xico ten\u00eda un Presidente, el mejor hasta hoy honesto, valiente, patriota y decidido a morirse en la raya y con generales como Porfirio D\u00edaz e Ignacio Zaragoza Serv\u00edn \u201clas armas mexicanas se cubrieron de gloria el 5 de mayo de 1862 en Puebla\u201d. Ese fue el parte militar rendido por el general Zaragoza. Y en 1867, Ju\u00e1rez fusil\u00f3 a Maximiliano y los franceses huyeron de M\u00e9xico con la cola entre las patas.<\/p>\n<p>Benito Ju\u00e1rez hab\u00eda consumado la segunda Independencia de M\u00e9xico y evitado que Am\u00e9rica Latina se convirtiera en una colonia o protectorado de las potencias europeas. Por ello, los norteamericanos conmemoran con mayor patriotismo que los mexicanos la Batalla del 5 de mayo en Puebla.<\/p>\n<p><a href=\"mailto:info@agenciamn.com\" target=\"_blank\" rel=\"noopener noreferrer\"><em>info@agenciamn.com<\/em><\/a><\/p>\n","protected":false},"excerpt":{"rendered":"<p><span style=\"color: #005497;\"><strong>Alberto Vieyra G.<\/strong><\/span><\/p>\n","protected":false},"author":3,"featured_media":0,"comment_status":"open","ping_status":"open","sticky":false,"template":"","format":"standard","meta":{"_monsterinsights_skip_tracking":false,"_monsterinsights_sitenote_active":false,"_monsterinsights_sitenote_note":"","_monsterinsights_sitenote_category":0,"footnotes":""},"categories":[4596],"tags":[43697,4597,43674],"class_list":["post-545834","post","type-post","status-publish","format-standard","hentry","category-alberto-vieyra-g","tag-alberto-vieyra-g","tag-de-pe-a-pa","tag-opinion"],"_links":{"self":[{"href":"https:\/\/www.diarioimagen.net\/index.php?rest_route=\/wp\/v2\/posts\/545834","targetHints":{"allow":["GET"]}}],"collection":[{"href":"https:\/\/www.diarioimagen.net\/index.php?rest_route=\/wp\/v2\/posts"}],"about":[{"href":"https:\/\/www.diarioimagen.net\/index.php?rest_route=\/wp\/v2\/types\/post"}],"author":[{"embeddable":true,"href":"https:\/\/www.diarioimagen.net\/index.php?rest_route=\/wp\/v2\/users\/3"}],"replies":[{"embeddable":true,"href":"https:\/\/www.diarioimagen.net\/index.php?rest_route=%2Fwp%2Fv2%2Fcomments&post=545834"}],"version-history":[{"count":0,"href":"https:\/\/www.diarioimagen.net\/index.php?rest_route=\/wp\/v2\/posts\/545834\/revisions"}],"wp:attachment":[{"href":"https:\/\/www.diarioimagen.net\/index.php?rest_route=%2Fwp%2Fv2%2Fmedia&parent=545834"}],"wp:term":[{"taxonomy":"category","embeddable":true,"href":"https:\/\/www.diarioimagen.net\/index.php?rest_route=%2Fwp%2Fv2%2Fcategories&post=545834"},{"taxonomy":"post_tag","embeddable":true,"href":"https:\/\/www.diarioimagen.net\/index.php?rest_route=%2Fwp%2Fv2%2Ftags&post=545834"}],"curies":[{"name":"wp","href":"https:\/\/api.w.org\/{rel}","templated":true}]}}