{"id":545835,"date":"2022-05-10T00:02:04","date_gmt":"2022-05-10T05:02:04","guid":{"rendered":"https:\/\/www.diarioimagen.net\/?p=545835"},"modified":"2022-05-11T01:12:10","modified_gmt":"2022-05-11T06:12:10","slug":"caos-en-espacio-aereo-jimenez-pons-no-volvio-a-dar-el-ancho","status":"publish","type":"post","link":"https:\/\/www.diarioimagen.net\/?p=545835","title":{"rendered":"Caos en espacio a\u00e9reo, \u00bfJim\u00e9nez Pons no volvi\u00f3 a dar el ancho?"},"content":{"rendered":"<h2>La Retaguardia<\/h2>\n<h5>Adriana Moreno Cordero<\/h5>\n<p>&nbsp;<\/p>\n<ul>\n<li><strong><em>Mal le pinta a Ver\u00e1stegui Ostos que pierde apoyos en Tamaulipas<\/em><\/strong><\/li>\n<\/ul>\n<p><em>\u00a0<\/em><\/p>\n<p>La ocurrencia del presidente <strong>Andr\u00e9s Manuel L\u00f3pez Obrador<\/strong> de acabar, destruir el nuevo aeropuerto en Texcoco, ha tenido muchas m\u00e1s secuelas de las esperadas y todas negativas. Eso, independientemente de que, como dice un popular refr\u00e1n, al de Tepetit\u00e1n le sali\u00f3 \u201cm\u00e1s caro el\u00a0 caldo que las alb\u00f3ndigas\u201d.<\/p>\n<p>Aqu\u00ed la pregunta es c\u00f3mo le hizo el inquilino de Palacio Nacional para volver el espacio a\u00e9reo un verdadero caos, como producto de imponer lo primero que se le viene a la cabeza que, definitivamente, la mayor\u00eda de las veces, dista much\u00edsimo de ser lo m\u00e1s acertado o adecuado.<\/p>\n<p>Y es que resulta que los controladores a\u00e9reos, supuestamente de ser de los mejores capacitados en el mundo, ahora, en un escenario en el que esta errada y llamada Cuarta Transformaci\u00f3n est\u00e1 forzando al Aeropuerto Internacional \u201cBenito Ju\u00e1rez\u201d a colapsar; a que el Aeropuerto de Toluca est\u00e9 m\u00e1s solo y desierto que el AIFA y que \u00e9ste \u00faltimo, el \u201celefante blanco\u201d, siga pastando en Hidalgo, pues l\u00f3gicamente lo que m\u00e1s impera es el caos propio de esta errada y llamada Cuarta Transformaci\u00f3n.<\/p>\n<p>Cuesti\u00f3n de revisar lo dicho en conferencia de prensa por el Sindicato Nacional de Controladores de Tr\u00e1fico A\u00e9reo, (SINACTA), que lidera <strong>Jos\u00e9 Antonio Covarrubias<\/strong>, quien asegur\u00f3 que se han hecho entrega de alrededor de 30 reportes de incidentes a\u00e9reos graves a lo largo y ancho del pa\u00eds, 10 de los cuales, han tenido lugar en el Aeropuerto Internacional de la Ciudad de M\u00e9xico.<\/p>\n<p>El m\u00e1s reciente se registr\u00f3 el pasado 7 de mayo en el AICM y qu\u00e9 magnitud tendr\u00eda que el mism\u00edsimo subsecretario de Transportes, <strong>Rogelio Jim\u00e9nez Pons<\/strong> tuvo que reconocer que se trat\u00f3 de una situaci\u00f3n sumamente delicada y riesgosa.<\/p>\n<p>Aqu\u00ed hay un detalle. Cuando el ahora subsecretario de Transportes fue removido de la direcci\u00f3n general del Fondo Nacional del Fomento al Turismo, (Fonatur), a su nueva responsabilidad, en uno de sus gustad\u00edsimos \u201cstand-up\u201d ma\u00f1aneros, el presidente L\u00f3pez Obrador dijo que Jim\u00e9nez Pons no le hab\u00eda funcionado en Fonatur, porque no pudo sacar adelante el Tren Maya.<\/p>\n<p>Concretamente, a finales de enero pasado, el Presidente declar\u00f3 que los responsables de sus \u201cobras emblem\u00e1ticas\u201d, deb\u00edan asumir un compromiso pleno y de plano, el ahora flamante subsecretario de Transportes, no hab\u00eda \u201cdado el ancho\u201d, \u00bfas\u00ed como tampoco lo ha hecho en esta nueva responsabilidad? O sea, \u00bfle volvi\u00f3 a fallar al Ejecutivo?<\/p>\n<p>Si es el caso, el subsecretario Jim\u00e9nez Pons tendr\u00e1 que responder en otras instancias. Por lo pronto, en el Senado de la Rep\u00fablica existe el consenso para llamar a comparecer a las autoridades de la Secretar\u00eda de Comunicaciones y Transportes y respondan sobre incidencias que pueden costar vidas, ya que es evidente que los cambios en Seneam no son suficientes, es decir, la renuncia irrevocable de su ex titular, <strong>V\u00edctor Hern\u00e1ndez<\/strong>.<\/p>\n<p>Tan hay consenso, que por un lado, la senadora panista <strong>Kenia L\u00f3pez Rabad\u00e1n<\/strong>, urgi\u00f3 sobre la necesidad de que estos funcionarios comparezcan en la C\u00e1mara alta, \u201cno puede ser que haya un silencio (sobre estos incidentes), porque si reconocen el problema lo pueden resolver\u201d.<\/p>\n<p>Sin duda, el Presidente deber\u00eda aceptar que hay un problema terrible tanto en el AIFA como en el AICM y en cambio, s\u00f3lo se limita a decir que se trat\u00f3 de \u201cal parecer un error\u201d, subestimando completamente un delicado asunto, de entrada, porque se nota que no entiende nada.<\/p>\n<p>Por su parte, el coordinador parlamentario de Morena en la C\u00e1mara alta, <strong>Ricardo Monreal \u00c1vila<\/strong>, solicit\u00f3 ya la comparecencia del Secretario de Infraestructura, Comunicaciones y Transportes, <strong>Jorge Arganis D\u00edaz Leal<\/strong>, as\u00ed como de los responsables de la Direcci\u00f3n General de Aeron\u00e1utica Civil, para revisar la situaci\u00f3n en la que se encuentra el Aeropuerto Internacional de la Ciudad de M\u00e9xico.<\/p>\n<p>El senador Monreal destac\u00f3 que en los \u00faltimos d\u00edas se ha observado en los aeropuertos del Valle de M\u00e9xico el desv\u00edo de los destinos, demoras excesivas de vuelos, incidentes de conexi\u00f3n y desviaci\u00f3n a lugares remotos y todo ello, \u201ccon la preocupaci\u00f3n sobre el abastecimiento de combustible e incluso, alertas de acercamiento de aviones. Me dicen que est\u00e1 ocurriendo un redise\u00f1o del espacio a\u00e9reo, pero de manera personal estoy muy preocupado\u201d, de ah\u00ed que Monreal \u00c1vila determinara que el Senado de la Rep\u00fablica, como instituci\u00f3n, tiene que intervenir. \u201cEstamos en receso, pero son temas t\u00e9cnicos que tenemos que estar revisando para poder prever y evitar cualquier incidente mayor\u201d. \u00a0Sin duda alguna.<\/p>\n<p>Ya por la tarde, trascendi\u00f3 que el diputado del PAN, <strong>V\u00edctor Manuel P\u00e9rez D\u00edaz<\/strong>, presidente de la Comisi\u00f3n de Transportes en San L\u00e1zaro, solicit\u00f3 al secretario de Infraestructura, Comunicaciones y Transportes, <strong>Jorge Arganis,<\/strong> v\u00eda una carta que se\u00a0 suspendan actividades en el AICM hasta que no se aclare qu\u00e9 pas\u00f3 el s\u00e1bado pasado.<\/p>\n<p style=\"text-align: center;\"><strong>Municiones<\/strong><\/p>\n<p>*** A quien no le pintan bien las cosas en este mes de mayo, es a <strong>C\u00e9sar Ver\u00e1stegui Ostos<\/strong>, mejor conocido en tierras tamaulipecas como \u201cEl Truko\u201d, candidato de la coalici\u00f3n \u201cVa por Tamaulipas\u201d que integran PAN-PRI-PRD. Primero se public\u00f3, en la revista <em>Proceso<\/em>, un reportaje que lo vincula ni m\u00e1s ni menos que con <strong>Sergio Carmona Angulo<\/strong>, presunto delincuente ajusticiado el a\u00f1o pasado en Nuevo Le\u00f3n, a quien el gobierno estatal benefici\u00f3 con contratos por m\u00e1s de 150 millones de pesos, ahora, este fin de semana, se encuentra con la noticia que destacados pol\u00edticos de las filas del PAN y del PRI, como <strong>H\u00e9ctor P\u00e9rez Ibarra, Oscar Luebbert<\/strong> y <strong>Mauro Barrera<\/strong>, entre otros, se sumaron a la campa\u00f1a del candidato de MORENA-PT-PVEM, <strong>Am\u00e9rico Villarreal Anaya<\/strong>. Sin embargo, lo que m\u00e1s llam\u00f3 la atenci\u00f3n fue la adhesi\u00f3n al proyecto del morenista Villarreal, del actual presidente municipal de Reynosa, <strong>Carlos Pe\u00f1a Ortiz<\/strong>, hijo de <strong>Maki Esther Ortiz Dom\u00ednguez<\/strong> que fue senadora de la Rep\u00fablica y presidenta municipal de Reynosa, adem\u00e1s, particip\u00f3 en el proceso interno de Morena para elegir candidato a la gubernatura. Con la postura manifestada por Carlos Pe\u00f1a el fin de semana, se da como un hecho el respaldo de Maki Ortiz y el suyo a la candidatura de Am\u00e9rico Villarreal.<\/p>\n<p>*** Ayer fueron asesinadas dos periodistas, <strong>Yesenia Mollinedo<\/strong> y su camar\u00f3grafa, <strong>Johana Garc\u00eda<\/strong> al ser atacadas a balazos en Cosoleacaque. Qu\u00e9 grave que esta errada y llamada Cuarta Transformaci\u00f3n no dimensione que al parecer, no pasar\u00e1 semana sin que se ultime a alg\u00fan representante de los medios mientras ellos se cruzan de brazos y no hacen nada.\u00a0 Y, \u00bfqu\u00e9 tal aquello del \u201cabrazos, no balazos\u201d? El gobernador prometi\u00f3 que habr\u00e1 justicia y no impunidad, como su administraci\u00f3n lo ha hecho en otros casos (\u00bfc\u00f3mo en cu\u00e1les?). Mentiroso sin duda, el mandatario estatal que agreg\u00f3 por las \u201cex benditas redes\u201d que van tras los asesinos, pero se equivoc\u00f3 Cuitl\u00e1huac Garc\u00eda y se refiri\u00f3 al asesinato de una periodista, cuando son dos.<\/p>\n<p><u><a href=\"mailto:morcora@gmail.com\" target=\"_blank\" rel=\"noopener noreferrer\"><em>morcora@gmail.com<\/em><\/a><\/u><\/p>\n","protected":false},"excerpt":{"rendered":"<p><span style=\"color: #005497;\"><strong>Adriana Moreno Cordero<\/strong><\/span><\/p>\n","protected":false},"author":3,"featured_media":0,"comment_status":"open","ping_status":"open","sticky":false,"template":"","format":"standard","meta":{"_monsterinsights_skip_tracking":false,"_monsterinsights_sitenote_active":false,"_monsterinsights_sitenote_note":"","_monsterinsights_sitenote_category":0,"footnotes":""},"categories":[69370],"tags":[69369,69368,43674],"class_list":["post-545835","post","type-post","status-publish","format-standard","hentry","category-adriana-moreno-cordero","tag-adriana-moreno-cordero","tag-la-retaguardia","tag-opinion"],"_links":{"self":[{"href":"https:\/\/www.diarioimagen.net\/index.php?rest_route=\/wp\/v2\/posts\/545835","targetHints":{"allow":["GET"]}}],"collection":[{"href":"https:\/\/www.diarioimagen.net\/index.php?rest_route=\/wp\/v2\/posts"}],"about":[{"href":"https:\/\/www.diarioimagen.net\/index.php?rest_route=\/wp\/v2\/types\/post"}],"author":[{"embeddable":true,"href":"https:\/\/www.diarioimagen.net\/index.php?rest_route=\/wp\/v2\/users\/3"}],"replies":[{"embeddable":true,"href":"https:\/\/www.diarioimagen.net\/index.php?rest_route=%2Fwp%2Fv2%2Fcomments&post=545835"}],"version-history":[{"count":0,"href":"https:\/\/www.diarioimagen.net\/index.php?rest_route=\/wp\/v2\/posts\/545835\/revisions"}],"wp:attachment":[{"href":"https:\/\/www.diarioimagen.net\/index.php?rest_route=%2Fwp%2Fv2%2Fmedia&parent=545835"}],"wp:term":[{"taxonomy":"category","embeddable":true,"href":"https:\/\/www.diarioimagen.net\/index.php?rest_route=%2Fwp%2Fv2%2Fcategories&post=545835"},{"taxonomy":"post_tag","embeddable":true,"href":"https:\/\/www.diarioimagen.net\/index.php?rest_route=%2Fwp%2Fv2%2Ftags&post=545835"}],"curies":[{"name":"wp","href":"https:\/\/api.w.org\/{rel}","templated":true}]}}