{"id":545838,"date":"2022-05-10T00:04:59","date_gmt":"2022-05-10T05:04:59","guid":{"rendered":"https:\/\/www.diarioimagen.net\/?p=545838"},"modified":"2022-05-11T01:15:49","modified_gmt":"2022-05-11T06:15:49","slug":"unidad-sin-exclusiones","status":"publish","type":"post","link":"https:\/\/www.diarioimagen.net\/?p=545838","title":{"rendered":"Unidad sin exclusiones"},"content":{"rendered":"<h2>Desde el portal<\/h2>\n<h5>\u00c1ngel Soriano<\/h5>\n<p>&nbsp;<\/p>\n<p>El periplo del presidente Andr\u00e9s Manuel L\u00f3pez Obrador por Centroam\u00e9rica y el Caribe tuvo como prop\u00f3sito -adem\u00e1s de firmar convenios comerciales y de colaboraci\u00f3n en otros rubros- hacer un llamado a la unidad ante la cambiante situaci\u00f3n pol\u00edtica del mundo y los afanes expansionistas de las potencias.<\/p>\n<p>Sin duda que el conflicto EU-Rusia en torno a Ucrania modifica las relaciones econ\u00f3micas a nivel mundial al convertir el mercado de las materias primas en instrumento de control y dominaci\u00f3n que se ve reflejado ya en la incontrolable inflaci\u00f3n a nivel global.<\/p>\n<p>No s\u00f3lo es la amenaza del uso de poderosas armas qu\u00edmicas, que sin duda est\u00e1n ya en marcha, sino que el manejo y control de los suministros para la industria y el bloqueo comercial da\u00f1a la econom\u00eda y el bienestar familiar. Ante este escenario, la regi\u00f3n tiene que adoptar medidas de protecci\u00f3n en leg\u00edtima defensa de su soberan\u00eda.<\/p>\n<p>El presidente L\u00f3pez Obrador propone la unidad sin exclusiones y el aprovechamiento del vasto territorio latinoamericano no s\u00f3lo para ser autosuficiente, sino para abastecer a las naciones que lo requieran; esto, por encima de diferencias personales o ideol\u00f3gicas ante la contienda mundial de las potencias. El llamado necesariamente tendr\u00e1 que ser una respuesta positiva.<\/p>\n<p style=\"text-align: center;\"><strong>Turbulencias<br \/>\nAcuerdos con pa\u00edses anfitriones<\/strong><\/p>\n<p>L\u00f3pez Obrador no s\u00f3lo extiende los exitosos programas sociales hacia pa\u00edses centroamericanos, sino apoya en otros rubros. Suscribi\u00f3 acuerdos con Cuba en materia sanitaria de la que la isla tiene amplia experiencia y reconocimiento para el intercambio acad\u00e9mico en el ramo de la medicina. Desde luego que los acuerdos de nuestro pa\u00eds con los vecinos es el principio de colaboraci\u00f3n mediante la eliminaci\u00f3n de barreras arancelarias y fronteras militares para regular el tr\u00e1fico humano, deben tomarse medidas que ataquen el origen de las corrientes migratorias y retener a los connacionales en su propio pa\u00eds. En tanto el presidente cubano Miguel D\u00edaz-Canel denunci\u00f3 que el bloqueo a la isla se ha recrudecido en los momentos actuales, por lo cual el Presidente mexicano dijo que volver\u00e1 a plantearle el tema al presidente Joe Biden y conf\u00eda en lograr su prop\u00f3sito\u2026 M\u00e1s que cocinado, el relevo gubernamental en Oaxaca: los m\u00e1s \u201cfuertes\u201d aspirantes a la gubernatura, Salom\u00f3n Jara, de Morena, y Alejandro \u00c1lvarez Avil\u00e9s, del PRI, suscriben acuerdos de \u201ccivilidad\u201d -como si la tuvieran- y toman otro tipo de actitudes similares frente a sus aparentes electores, como el no acudir a los debates -porque no hay propuestas- y de aprovechar o despreciar algunos otros foros. Todo parece ser que hay buen entendimiento\u2026 Lo que no se entiende es el porqu\u00e9 el ex director de Radio y Televisi\u00f3n Oaxaque\u00f1a (CORTV), Mart\u00edn V\u00e1zquez Villanueva, despu\u00e9s de tener una prolongada carrera pol\u00edtica dentro del PRI que le dio oportunidad de ser alcalde de su natal Tehuantepec, diputado local y federal, y aspirante a la candidatura del PRI al gobierno del estado, avent\u00f3 el cargo y renunci\u00f3 v\u00eda WhatsApp denunciando \u201cun galimat\u00edas\u201d en la administraci\u00f3n actual, cuando fue bajo las siglas del tricolor recibi\u00f3 las m\u00e1ximas oportunidades pero esto se toma como parte de las maniobras pol\u00edticas para fortalecer o debilitar a los adversarios\u2026 A la que le restan posibilidades por el mal manejo del Metro y la L\u00ednea 12 es a la jefa de gobierno capitalino, Claudia Sheinbaum Pardo, que en realidad tiene escasas posibilidades y s\u00f3lo es utilizada como escaparate para ocultar al verdadero candidato. Y pese a ello, la cient\u00edfica insiste en mantener su postura inflexible para dar una salida a \u00e9ste y a otros problemas pol\u00edticos en la capital del pa\u00eds\u2026 Una calurosa felicitaci\u00f3n a las madres en este 10 de mayo.<\/p>\n<p><u><a href=\"mailto:asorianocarrasco@yahoo.com\" target=\"_blank\" rel=\"noopener noreferrer\"><em>asorianocarrasco@yahoo.com<\/em><\/a><br \/>\n<em><a href=\"https:\/\/revistabrecha.com\" target=\"_blank\" rel=\"noopener noreferrer\">www.revistabrecha.com<\/a><br \/>\n<a href=\"https:\/\/twitter.com\/brecharevista\" target=\"_blank\" rel=\"noopener noreferrer\">@BrechaRevista<\/a><\/em><\/u><\/p>\n","protected":false},"excerpt":{"rendered":"<p><span style=\"color: #005497;\"><strong>\u00c1ngel Soriano<\/strong><\/span><\/p>\n","protected":false},"author":3,"featured_media":0,"comment_status":"open","ping_status":"open","sticky":false,"template":"","format":"standard","meta":{"_monsterinsights_skip_tracking":false,"_monsterinsights_sitenote_active":false,"_monsterinsights_sitenote_note":"","_monsterinsights_sitenote_category":0,"footnotes":""},"categories":[135],"tags":[85,86,43674],"class_list":["post-545838","post","type-post","status-publish","format-standard","hentry","category-angel-soriano-opinion","tag-angel-soriano","tag-desde-el-portal","tag-opinion"],"_links":{"self":[{"href":"https:\/\/www.diarioimagen.net\/index.php?rest_route=\/wp\/v2\/posts\/545838","targetHints":{"allow":["GET"]}}],"collection":[{"href":"https:\/\/www.diarioimagen.net\/index.php?rest_route=\/wp\/v2\/posts"}],"about":[{"href":"https:\/\/www.diarioimagen.net\/index.php?rest_route=\/wp\/v2\/types\/post"}],"author":[{"embeddable":true,"href":"https:\/\/www.diarioimagen.net\/index.php?rest_route=\/wp\/v2\/users\/3"}],"replies":[{"embeddable":true,"href":"https:\/\/www.diarioimagen.net\/index.php?rest_route=%2Fwp%2Fv2%2Fcomments&post=545838"}],"version-history":[{"count":0,"href":"https:\/\/www.diarioimagen.net\/index.php?rest_route=\/wp\/v2\/posts\/545838\/revisions"}],"wp:attachment":[{"href":"https:\/\/www.diarioimagen.net\/index.php?rest_route=%2Fwp%2Fv2%2Fmedia&parent=545838"}],"wp:term":[{"taxonomy":"category","embeddable":true,"href":"https:\/\/www.diarioimagen.net\/index.php?rest_route=%2Fwp%2Fv2%2Fcategories&post=545838"},{"taxonomy":"post_tag","embeddable":true,"href":"https:\/\/www.diarioimagen.net\/index.php?rest_route=%2Fwp%2Fv2%2Ftags&post=545838"}],"curies":[{"name":"wp","href":"https:\/\/api.w.org\/{rel}","templated":true}]}}