{"id":545847,"date":"2022-05-10T00:03:53","date_gmt":"2022-05-10T05:03:53","guid":{"rendered":"https:\/\/www.diarioimagen.net\/?p=545847"},"modified":"2022-05-10T03:56:27","modified_gmt":"2022-05-10T08:56:27","slug":"inseguridad-en-la-cima-campanas-en-la-sima","status":"publish","type":"post","link":"https:\/\/www.diarioimagen.net\/?p=545847","title":{"rendered":"Inseguridad en la cima, campa\u00f1as en la sima"},"content":{"rendered":"<h2>Espacio Electoral<\/h2>\n<h5>Eleazar Flores<strong>\u00a0<\/strong><\/h5>\n<p>&nbsp;<\/p>\n<p><strong>RET\u00d3RICA, SOBRA-.<\/strong> Como la Cuarta Transformaci\u00f3n cree que le creemos todo como el \u201cINCIDENTE\u201d de la L\u00ednea 12\u00a0 del Metro, la corrupci\u00f3n noruega que hasta el mejor pescado seco ya no es blanco y 234 feminicidios del primer trimestre 2022 en M\u00e9xico son poco, entonces no tome en serio que la inseguridad es alta rec\u00edprocamente proporcional al discurso oficial\u2026 pero en contra.<\/p>\n<p>Tiene todo el derecho de dudar y creer que el texto se apoya en datos \u201cconservadores o neoliberales\u201d, lo cierto es que est\u00e1n a la vista de las personas pendientes de informaci\u00f3n.<\/p>\n<p><strong>VAN DATOS-.<\/strong> De acuerdo al Observatorio de Igualdad de g\u00e9nero del Centro de Estudios para Am\u00e9rica Latina, CEPAL, por cada cien mil mujeres Brasil ocupa el primer lugar en feminicidios con mil 748 v\u00edctimas y M\u00e9xico ocupa el segundo lugar con 948, ambas cifras nada envidiables, m\u00e1xime si se compara el aspecto demogr\u00e1fico carioca con el azteca.<\/p>\n<p>Mientras que el pa\u00eds sudamericano cuenta con unos 217 millones de habitantes, M\u00e9xico llega a los 126 millones o sea, noventa millones menos.<\/p>\n<p>En lugar de instrumentar acciones y no s\u00f3lo reacciones declarativas despu\u00e9s de asaltos y masacres como sucede por todo el pa\u00eds -empezando por Michoac\u00e1n, Zacatecas y Guerrero-, la Cuarta Transformaci\u00f3n enfoca sus bater\u00edas en investigar fortunas de periodistas cr\u00edticos, ante lo cual el Instituto Nacional de Acceso a la Informaci\u00f3n, Inai, puede hacer poco m\u00e1s all\u00e1 de sus declaraciones por sustentadas que sean.<\/p>\n<p>De sacrificios contra periodistas por desgracia ya ni las quejas ni manifestaciones prosperan, as\u00ed que a seguir oyendo el disco que las investigaciones llegar\u00e1n \u201chasta las \u00faltimas consecuencias y nada quedar\u00e1 impune\u201d. Olvid\u00e9 agregar las infaltables \u201ccarpetas de investigaci\u00f3n\u201d\u00a0 que al ritmo de la violencia ya deber\u00e1n sumar millones en todos los niveles de investigaci\u00f3n e impartici\u00f3n de justicia.<\/p>\n<p><strong>CAMPA\u00d1AS A LA SIMA-.<\/strong> Casi en v\u00edsperas de los comicios locales para elegir gobernador, diputado-as y alcaldes-sas, el sector m\u00e1s pendiente no son los partidos pol\u00edticos sino el selecto grupo de encuestadoras, \u2014que est\u00e1n haciendo su trabajo\u2014, para informar qu\u00e9 partidos, alianzas y candidatos van atr\u00e1s, adelanten o en medio del escalaf\u00f3n de preferencias.<\/p>\n<p>Olvidan muchos de esos partidos y pol\u00edticos que la \u00fanica encuesta que valdr\u00e1 ser\u00e1 la del d\u00eda de la elecci\u00f3n, por lo que aun cuando no necesiten consejos, pues aduladores les sobrar\u00e1n, los de adelante no deber\u00edan confiarse ni los de atr\u00e1s tampoco caer en des\u00e1nimo.<\/p>\n<p>Por las muchas experiencias anteriores vividas como borracho y tambi\u00e9n como cantinero, fui testigo de resultados inesperados, a favor y en contra, as\u00ed que tome con cautela las informaciones y declaraciones sobre el particular.<\/p>\n<p>Morenos y no, tendr\u00e1n sorpresas.<\/p>\n<p><em><a href=\"mailto:elefa44@gmail.com\" target=\"_blank\" rel=\"noopener noreferrer\">elefa44@gmail.com<\/a><\/em><\/p>\n","protected":false},"excerpt":{"rendered":"<p><span style=\"color: #005497;\"><strong>Eleazar Flores<\/strong><\/span><\/p>\n","protected":false},"author":3,"featured_media":0,"comment_status":"open","ping_status":"open","sticky":false,"template":"","format":"standard","meta":{"_monsterinsights_skip_tracking":false,"_monsterinsights_sitenote_active":false,"_monsterinsights_sitenote_note":"","_monsterinsights_sitenote_category":0,"footnotes":""},"categories":[81743],"tags":[81744,81776,43674],"class_list":["post-545847","post","type-post","status-publish","format-standard","hentry","category-eleazar-flores","tag-eleazar-flores","tag-espacio-electoral","tag-opinion"],"_links":{"self":[{"href":"https:\/\/www.diarioimagen.net\/index.php?rest_route=\/wp\/v2\/posts\/545847","targetHints":{"allow":["GET"]}}],"collection":[{"href":"https:\/\/www.diarioimagen.net\/index.php?rest_route=\/wp\/v2\/posts"}],"about":[{"href":"https:\/\/www.diarioimagen.net\/index.php?rest_route=\/wp\/v2\/types\/post"}],"author":[{"embeddable":true,"href":"https:\/\/www.diarioimagen.net\/index.php?rest_route=\/wp\/v2\/users\/3"}],"replies":[{"embeddable":true,"href":"https:\/\/www.diarioimagen.net\/index.php?rest_route=%2Fwp%2Fv2%2Fcomments&post=545847"}],"version-history":[{"count":0,"href":"https:\/\/www.diarioimagen.net\/index.php?rest_route=\/wp\/v2\/posts\/545847\/revisions"}],"wp:attachment":[{"href":"https:\/\/www.diarioimagen.net\/index.php?rest_route=%2Fwp%2Fv2%2Fmedia&parent=545847"}],"wp:term":[{"taxonomy":"category","embeddable":true,"href":"https:\/\/www.diarioimagen.net\/index.php?rest_route=%2Fwp%2Fv2%2Fcategories&post=545847"},{"taxonomy":"post_tag","embeddable":true,"href":"https:\/\/www.diarioimagen.net\/index.php?rest_route=%2Fwp%2Fv2%2Ftags&post=545847"}],"curies":[{"name":"wp","href":"https:\/\/api.w.org\/{rel}","templated":true}]}}