{"id":545861,"date":"2022-05-10T00:12:53","date_gmt":"2022-05-10T05:12:53","guid":{"rendered":"https:\/\/www.diarioimagen.net\/?p=545861"},"modified":"2022-05-10T04:12:01","modified_gmt":"2022-05-10T09:12:01","slug":"ricardo-monreal-insiste-no-podemos-marginar-a-empresarios-e-inversionistas-de-tareas-legislativas","status":"publish","type":"post","link":"https:\/\/www.diarioimagen.net\/?p=545861","title":{"rendered":"Ricardo Monreal insiste: no podemos marginar a empresarios e inversionistas de tareas legislativas"},"content":{"rendered":"<h2>Tras la puerta del poder<\/h2>\n<h5>Roberto Vizca\u00edno<\/h5>\n<p>&nbsp;<\/p>\n<p>Luego de un encuentro con quienes integran la C\u00e1mara de la Industria de la Transformaci\u00f3n de Nuevo Le\u00f3n,\u00a0<strong>Ricardo Monreal<\/strong>, presidente de la Junta de Coordinaci\u00f3n Pol\u00edtica del Senado consider\u00f3 que la voz de las y los empresarios nacionales y extranjeros es indispensable en el Congreso y en los \u00f3rganos deliberativos.<\/p>\n<p>Sin duda, la tarea del empresariado es esencial en cualquier proceso de desarrollo econ\u00f3mico y social de un pa\u00eds, precis\u00f3 el zacatecano.<\/p>\n<p>Reconoci\u00f3 que el encuentro fue una reuni\u00f3n franca y abierta en la que se resolvieron dudas sobre el trabajo legislativo que se realiza para impulsar la econom\u00eda nacional y apoyar a la industria mexicana.<\/p>\n<p>El zacatecano les explic\u00f3 que el proyecto de reforma electoral enviado por el presidente\u00a0<strong>Andr\u00e9s Manuel L\u00f3pez Obrado<\/strong>r al Congreso no plantea de ninguna forma la desaparici\u00f3n del Instituto Nacional Electoral, sino una transformaci\u00f3n.<\/p>\n<p>Se busca una nueva composici\u00f3n, nuevas reglas de operaci\u00f3n y una forma distinta de elegir a sus integrantes, puntualiz\u00f3.<\/p>\n<p>Les explic\u00f3 que la propuesta establece que los tres poderes propondr\u00e1n a las y los candidatos para ser consejeras y consejeros, as\u00ed como de magistradas y magistrados electorales.<\/p>\n<p>Por ello descart\u00f3 que exista injerencia del gobierno, ya que la ciudadan\u00eda ser\u00e1 la que decida con su voto.<\/p>\n<p>En ese sentido, dijo, la propuesta est\u00e1 en la C\u00e1mara de Diputados, pero subray\u00f3 que el Senado actuar\u00e1 como C\u00e1mara revisora, por lo que estar\u00e1n atentos al desarrollo de la discusi\u00f3n y abiertos al debate.<\/p>\n<p>Adem\u00e1s, <strong>Monreal <\/strong>adelant\u00f3 que buscar\u00e1n aprobar seis iniciativas en materia de plataformas digitales durante este periodo de receso, para lo cual buscar\u00e1n un amplio consenso.<\/p>\n<p>Las tecnolog\u00edas de la informaci\u00f3n deben legislarse, asent\u00f3 <strong>Monreal<\/strong>, al igual que la inteligencia artificial, la ciberseguridad, la geopol\u00edtica y la rob\u00f3tica, pues son desaf\u00edos que ya nos alcanzaron y deben regularse.<\/p>\n<p>En este punto, indic\u00f3 que el Senado planea aprobar, en el periodo de receso, un paquete de iniciativas para regular tecnolog\u00edas de la informaci\u00f3n.<\/p>\n<p>M\u00e1s adelante, durante una conferencia de prensa en Monterrey, el zacatecano coment\u00f3 que se pretende sacar una propuesta de ley que se aprueben por consenso y \u201cque ya est\u00e1 muy avanzada\u201d y que contempla temas como la justicia digital, y la regulaci\u00f3n del home office, entre otros.<\/p>\n<p>\u201cLas tecnolog\u00edas de la informaci\u00f3n es un tema que tenemos que legislar ya, al igual que la inteligencia artificial, la ciberseguridad, las plataformas digitales y la rob\u00f3tica porque son desaf\u00edos que ya nos llegaron y que tenemos que enfrentarlos y legislar y regular porque son muy importantes para M\u00e9xico\u201d, se\u00f1al\u00f3.<\/p>\n<p>Asegur\u00f3 que la presencia de los empresarios es indispensable para el trabajo del Congreso, porque cada vez es m\u00e1s necesaria la interlocuci\u00f3n con los diversos sectores para construir leyes que satisfagan sus demandas.<\/p>\n<p>As\u00ed, tras reunirse con integrantes del Caintra, organismo empresarial que representa a los industriales de Nuevo Le\u00f3n, el senador manifest\u00f3 la disposici\u00f3n del Poder Legislativo de darles voz a todos para que los y las legisladoras cuenten con todos los elementos que les permitan implementar las pol\u00edticas p\u00fablicas y el andamiaje legal que beneficie al pa\u00eds.<\/p>\n<p>\u201cYo creo que su participaci\u00f3n y opiniones son indispensables para enriquecer el trabajo legislativo y en los \u00f3rganos deliberativos. Porque, cada vez es m\u00e1s necesaria la interlocuci\u00f3n y su voz tiene que ser escuchada, no externamente, sino internamente\u201d, se\u00f1al\u00f3.<\/p>\n<p style=\"text-align: center;\"><strong>Y van 11 periodistas ejecutados en 2022<\/strong><\/p>\n<p>La tarde de ayer, a las puertas de un Oxxo, fueron ejecutadas en Cosoleacaque, en el sur de Veracruz, las periodistas <strong>Yesenia Mollinedo<\/strong>\u00a0y\u00a0<strong>Sheila Johana Garc\u00eda.<\/strong><\/p>\n<p>La primera era directora del portal El Veraz y la segunda, su fotorreportera.<\/p>\n<p>Ellas son la 57 y 58 periodistas ejecutadas durante lo que va del sexenio de\u00a0<strong>Andr\u00e9s Manuel L\u00f3pez Obrador<\/strong>.<\/p>\n<p>En t\u00e9rminos generales van 155 periodistas y defensores de derechos humanos asesinados en esta administraci\u00f3n que prometi\u00f3 un cambio en todo y mayor protecci\u00f3n para periodistas y defensores de Derechos Humanos.<\/p>\n<p>El 57 por ciento de estas ejecuciones se han realizado en 6 entidades: Veracruz, Estado de M\u00e9xico, Guerrero, Michoac\u00e1n, Sonora y Oaxaca.<\/p>\n<p>Hasta la media tarde de ayer, ni el gobernador morenista\u00a0<strong>Cuitl\u00e1huac Garc\u00eda,<\/strong>\u00a0ni ninguno de sus funcionarios hab\u00edan emitido alg\u00fan pronunciamiento. El mandatario s\u00f3lo prometi\u00f3 que se encontrar\u00eda y castigar\u00eda a los responsables.<\/p>\n<p><em><a href=\"mailto:rvizcainoa@gmail.com\" target=\"_blank\" rel=\"noopener noreferrer\">vizcainoa@gmail.com<\/a><a href=\"mailto:rvizcainoa@gmail.com\" target=\"_blank\" rel=\"noopener noreferrer\"><br \/>\n<\/a><a href=\"http:\/\/endirecto.mx\" target=\"_blank\" rel=\"noopener noreferrer\">www.endirecto.mx<\/a><a href=\"mailto:rvizcainoa@gmail.com\" target=\"_blank\" rel=\"noopener noreferrer\"><br \/>\n<\/a><a href=\"https:\/\/twitter.com\/_rvizcaino\" target=\"_blank\" rel=\"noopener noreferrer\">@_RVizcaino<\/a><a href=\"mailto:rvizcainoa@gmail.com\" target=\"_blank\" rel=\"noopener noreferrer\"><br \/>\n<\/a><a href=\"https:\/\/www.facebook.com\/rvizcainoa\" target=\"_blank\" rel=\"noopener noreferrer\">facebook.com\/rvizcainoa<\/a><\/em><\/p>\n","protected":false},"excerpt":{"rendered":"<p><span style=\"color: #005497;\"><strong>Roberto Vizca\u00edno<\/strong><\/span><br \/>\n<br \/>\nLuego de un encuentro con quienes integran la C\u00e1mara de la Industria de la Transformaci\u00f3n de Nuevo Le\u00f3n, <strong>Ricardo Monreal<\/strong>, presidente de la Junta de Coordinaci\u00f3n Pol\u00edtica del Senado consider\u00f3 que la voz de las y los empresarios nacionales y extranjeros es indispensable en el Congreso y en los \u00f3rganos deliberativos.<\/p>\n","protected":false},"author":3,"featured_media":0,"comment_status":"open","ping_status":"open","sticky":false,"template":"","format":"standard","meta":{"_monsterinsights_skip_tracking":false,"_monsterinsights_sitenote_active":false,"_monsterinsights_sitenote_note":"","_monsterinsights_sitenote_category":0,"footnotes":""},"categories":[136],"tags":[43674,93,94],"class_list":["post-545861","post","type-post","status-publish","format-standard","hentry","category-roberto-vizcaino-opinion","tag-opinion","tag-roberto-vizcaino","tag-tras-la-puerta-del-poder"],"_links":{"self":[{"href":"https:\/\/www.diarioimagen.net\/index.php?rest_route=\/wp\/v2\/posts\/545861","targetHints":{"allow":["GET"]}}],"collection":[{"href":"https:\/\/www.diarioimagen.net\/index.php?rest_route=\/wp\/v2\/posts"}],"about":[{"href":"https:\/\/www.diarioimagen.net\/index.php?rest_route=\/wp\/v2\/types\/post"}],"author":[{"embeddable":true,"href":"https:\/\/www.diarioimagen.net\/index.php?rest_route=\/wp\/v2\/users\/3"}],"replies":[{"embeddable":true,"href":"https:\/\/www.diarioimagen.net\/index.php?rest_route=%2Fwp%2Fv2%2Fcomments&post=545861"}],"version-history":[{"count":0,"href":"https:\/\/www.diarioimagen.net\/index.php?rest_route=\/wp\/v2\/posts\/545861\/revisions"}],"wp:attachment":[{"href":"https:\/\/www.diarioimagen.net\/index.php?rest_route=%2Fwp%2Fv2%2Fmedia&parent=545861"}],"wp:term":[{"taxonomy":"category","embeddable":true,"href":"https:\/\/www.diarioimagen.net\/index.php?rest_route=%2Fwp%2Fv2%2Fcategories&post=545861"},{"taxonomy":"post_tag","embeddable":true,"href":"https:\/\/www.diarioimagen.net\/index.php?rest_route=%2Fwp%2Fv2%2Ftags&post=545861"}],"curies":[{"name":"wp","href":"https:\/\/api.w.org\/{rel}","templated":true}]}}