{"id":545863,"date":"2022-05-10T00:09:53","date_gmt":"2022-05-10T05:09:53","guid":{"rendered":"https:\/\/www.diarioimagen.net\/?p=545863"},"modified":"2022-05-10T04:17:43","modified_gmt":"2022-05-10T09:17:43","slug":"mezquindad-de-morena-desvia-dinero-a-elecciones","status":"publish","type":"post","link":"https:\/\/www.diarioimagen.net\/?p=545863","title":{"rendered":"Mezquindad de Morena, desv\u00eda dinero a elecciones"},"content":{"rendered":"<h2>Poder y dinero<\/h2>\n<h5>V\u00edctor S\u00e1nchez Ba\u00f1os<\/h5>\n<p><em>\u00a0<\/em><\/p>\n<ul>\n<li><strong><em>Adem\u00e1s son incompetentes; crean caos<\/em><\/strong><\/li>\n<li><strong><em>Un a\u00f1o de degradaci\u00f3n de seguridad a\u00e9rea<\/em><\/strong><\/li>\n<li><strong><em>Seguimos en niveles de pa\u00edses lumpen<\/em><\/strong><\/li>\n<li><strong><em>M\u00e9xico tiene regulaciones de aviaci\u00f3n inadecuadas<\/em><\/strong><\/li>\n<li><strong><em>No tiene capacidad de hacerlas cumplir<\/em><\/strong><\/li>\n<li><strong><em>Controladores sobreexplotados <\/em><\/strong><\/li>\n<li><strong><em>\u00a0Renuncia director de Seneam<\/em><\/strong><\/li>\n<li><strong><em>\u00bfQu\u00e9 presagian estos s\u00edntomas pol\u00edticos?<\/em><\/strong><\/li>\n<\/ul>\n<p><em>\u00a0<\/em><\/p>\n<p style=\"text-align: right;\"><em>Puedes jugar con fuego, pero te quemar\u00e1s<br \/>\n<\/em><strong>Bob Dylan<\/strong> (1941-?), cantautor, compositor y m\u00fasico estadounidense<\/p>\n<p>&nbsp;<\/p>\n<p>&nbsp;<\/p>\n<p>Los recursos presupuestales deben estar destinados para el beneficio de los mexicanos. No para cumplir los caprichos de poder y dinero de los gobernantes en turno. Esto no es privativo de administraciones pasadas en el pa\u00eds.<\/p>\n<p>En entrevistas recientes que hice a actores de controladores a\u00e9reos, pilotos y con funcionarios de la SITC, el \u00fanico sentimiento que queda es la grave inseguridad que priva en los cielos del pa\u00eds, pero en especial del \u00e1rea metropolitana de la Ciudad de M\u00e9xico.<\/p>\n<p>Esto, no lo digo yo, sino lo mencionan quienes ven desde M\u00e9xico y el mundo, que urgen medidas de seguridad a\u00e9rea en el pa\u00eds.<\/p>\n<p>En un af\u00e1n de desviar recursos presupuestales a preservar el poder, el gobierno morenista abandona la seguridad a\u00e9rea, entre otras \u00e1reas vitales para la vida de los mexicanos (salud, seguridad p\u00fablica, infraestructura, educaci\u00f3n, entre otras), lo que deja en la indefensi\u00f3n a la poblaci\u00f3n; merced a accidentes impactantes.<\/p>\n<p>No se trata de fastidiar a L\u00f3pez Obrador. Se trata de lanzar voces de alerta a su gobierno, ante se\u00f1ales de un desastre que pueda ser infinitamente peor que el colapso de la L\u00ednea 12 del Metro.<\/p>\n<p>El video que se difundi\u00f3 en las \u201cbenditas redes sociales\u201d, en el que se observa a un avi\u00f3n de Volaris que se acerca al aterrizaje en el aeropuerto Benito Ju\u00e1rez, de la Ciudad de M\u00e9xico, mientras otro avi\u00f3n de la misma aerol\u00ednea que recibe la orden de despegar, es espeluznante. S\u00f3lo hab\u00eda una diferencia de 10 metros entre uno y el otro. Afortunadamente, la habilidad del piloto de uno de ellos, levant\u00f3 el vuelo, evit\u00f3 una desgracia.<\/p>\n<p>Aqu\u00ed vamos con lo que he reporteado en un a\u00f1o.<\/p>\n<p>El 20 de mayo del a\u00f1o pasado, el gobierno de Estados Unidos, degrad\u00f3 de la \u00f3ptima calificaci\u00f3n de seguridad a\u00e9rea al pa\u00eds, debido a que M\u00e9xico carece de una supervisi\u00f3n adecuada en esa materia. A un a\u00f1o, no hemos recuperado la categor\u00eda 1, y parece que Comunicaci\u00f3n y Transportes, que encabeza Jorge Arganis, ni sudan, ni se acongojan por tener la categor\u00eda 2.<\/p>\n<p>En esa categor\u00eda est\u00e1n naciones como Bangladesh, Pakist\u00e1n, Venezuela y Tailandia, que no pasan las auditor\u00edas que hace la Administraci\u00f3n Federal de Aviaci\u00f3n (FAA) y que versan sobre regulaciones de aviaci\u00f3n adecuadas, la capacidad de hacerlas cumplir. Adem\u00e1s, los est\u00e1ndares los establece la Organizaci\u00f3n de Aviaci\u00f3n Civil Internacional, un brazo de las Naciones Unidas.<\/p>\n<p>\u00a1Una alerta que se dio desde hace un a\u00f1o! Un controlador an\u00f3nimo, que nos contact\u00f3, coment\u00f3 sobre esta degradaci\u00f3n y los problemas que exist\u00edan en el espacio a\u00e9reo mexicano, raz\u00f3n por la que disminuyeron la categor\u00eda. Estos percances no son nuevos.<\/p>\n<p>Habla de favoritismo y nepotismo del ex director general de Servicios a la Navegaci\u00f3n en el Espacio A\u00e9reo Mexicano, V\u00edctor Manuel Hern\u00e1ndez Sandoval, quien ya present\u00f3 su renuncia al cargo de manera irrevocable el fin de semana, luego de que la Federaci\u00f3n Internacional de Pilotos de L\u00edneas A\u00e9reas alert\u00f3 de diversos incidentes en la llegada de aviones al AICM. A Hern\u00e1ndez lo entrevist\u00e9 y mostraba inquietud por lo que pasaba en el espacio a\u00e9reo, pero afirmaba que todo estaba \u201cseguro\u201d. Sin embargo, ahora renuncia. \u00bfEs la manera como se lavar\u00eda las manos en caso de un desastre?<\/p>\n<p>Las condiciones laborales de los controladores son crueles. A los m\u00e1s experimentados los segregan y a los nuevos les dan mejores salarios, as\u00ed como descansos. Es una actividad de gran tensi\u00f3n y estr\u00e9s. Por ello necesitan un ambiente de descanso para realizar sus actividades. Adem\u00e1s, sabemos que hay poco personal y el nuevo, que llega recomendados por los pol\u00edticos de la Cuarta Transformaci\u00f3n, no tienen la capacitaci\u00f3n necesaria.<\/p>\n<p>A no ser por la habilidad de los controladores experimentados y de pilotos entrenados, se han evitado decenas de accidentes, que son calificadas como \u201cincidentes\u201d. Muchos se guardan en el secreto secret\u00edsimo de las paredes burocr\u00e1ticas de la SICT o de las mismas aerol\u00edneas. Sin embargo, son m\u00e1s de 30 de esas incidencias las reportadas.<\/p>\n<p>Otro acto de miserable manejo presupuestal es el gasto de 2 millones de d\u00f3lares para comprar radares meteorol\u00f3gicos, necesarios para la navegaci\u00f3n segura. Mucho menos de lo que se gasta por tener guardado el TP01, que representa los gobiernos de Felipe Calder\u00f3n y Enrique Pe\u00f1a.<\/p>\n<p>Una vez m\u00e1s, vemos como gana terreno la incompetencia, la voracidad y mezquindad en la 4-T. No importan la vida de los mexicanos. S\u00f3lo importa mantenerse en el poder y con acceso al dinero.<\/p>\n<p>Es triste ver el deterioro del pa\u00eds. Una cosa es el ahorro y otra, muy diferente, es poner en riesgo la vida de los mexicanos. Primero fue la salud, luego la seguridad, ahora hasta el espacio a\u00e9reo. Es una \u201cgansada\u201d.<\/p>\n<p>&nbsp;<\/p>\n<blockquote>\n<p style=\"text-align: right;\"><strong>Esc\u00fachame de lunes a viernes, de 21 a 22 horas,<br \/>\nen \u201cV\u00edctor S\u00e1nchez Ba\u00f1os en MVS\u201d<\/strong><\/p>\n<\/blockquote>\n<p>&nbsp;<\/p>\n<p><a href=\"https:\/\/mvsnoticias.com\/\" target=\"_blank\" rel=\"noopener noreferrer\"><em>MVSnoticias.com<\/em><\/a><br \/>\n<a href=\"http:\/\/poderydinero.mx\" target=\"_blank\" rel=\"noopener noreferrer\"><em>poderydinero.mx<\/em><\/a><em><b><br \/>\n<\/b><a href=\"mailto:vsb@poderydinero.mx\" target=\"_blank\" rel=\"noopener noreferrer\">vsb@poderydinero.mx<\/a><a href=\"mailto:vsanchezb@gmail.com\" target=\"_blank\" rel=\"noopener noreferrer\"><br \/>\n<\/a><strong>Twitter:<\/strong><a href=\"https:\/\/twitter.com\/vsanchezbanos\" target=\"_blank\" rel=\"noopener noreferrer\">@vsanchezbanos<br \/>\n<\/a><strong>Facebook: <\/strong><a href=\"https:\/\/www.facebook.com\/vsanchezbanos?fref=ts\" target=\"_blank\" rel=\"noopener noreferrer\">vsanchezbanos<\/a><\/em><\/p>\n","protected":false},"excerpt":{"rendered":"<p><span style=\"color: #005497;\"><strong>V\u00edctor S\u00e1nchez Ba\u00f1os<\/strong><\/span><\/p>\n","protected":false},"author":3,"featured_media":0,"comment_status":"open","ping_status":"open","sticky":false,"template":"","format":"standard","meta":{"_monsterinsights_skip_tracking":false,"_monsterinsights_sitenote_active":false,"_monsterinsights_sitenote_note":"","_monsterinsights_sitenote_category":0,"footnotes":""},"categories":[38844],"tags":[43674,38847,38848],"class_list":["post-545863","post","type-post","status-publish","format-standard","hentry","category-victor-sanchez-banos","tag-opinion","tag-poder-y-dinero","tag-victor-sanchez-banos"],"_links":{"self":[{"href":"https:\/\/www.diarioimagen.net\/index.php?rest_route=\/wp\/v2\/posts\/545863","targetHints":{"allow":["GET"]}}],"collection":[{"href":"https:\/\/www.diarioimagen.net\/index.php?rest_route=\/wp\/v2\/posts"}],"about":[{"href":"https:\/\/www.diarioimagen.net\/index.php?rest_route=\/wp\/v2\/types\/post"}],"author":[{"embeddable":true,"href":"https:\/\/www.diarioimagen.net\/index.php?rest_route=\/wp\/v2\/users\/3"}],"replies":[{"embeddable":true,"href":"https:\/\/www.diarioimagen.net\/index.php?rest_route=%2Fwp%2Fv2%2Fcomments&post=545863"}],"version-history":[{"count":0,"href":"https:\/\/www.diarioimagen.net\/index.php?rest_route=\/wp\/v2\/posts\/545863\/revisions"}],"wp:attachment":[{"href":"https:\/\/www.diarioimagen.net\/index.php?rest_route=%2Fwp%2Fv2%2Fmedia&parent=545863"}],"wp:term":[{"taxonomy":"category","embeddable":true,"href":"https:\/\/www.diarioimagen.net\/index.php?rest_route=%2Fwp%2Fv2%2Fcategories&post=545863"},{"taxonomy":"post_tag","embeddable":true,"href":"https:\/\/www.diarioimagen.net\/index.php?rest_route=%2Fwp%2Fv2%2Ftags&post=545863"}],"curies":[{"name":"wp","href":"https:\/\/api.w.org\/{rel}","templated":true}]}}