{"id":545957,"date":"2022-05-11T00:02:33","date_gmt":"2022-05-11T05:02:33","guid":{"rendered":"https:\/\/www.diarioimagen.net\/?p=545957"},"modified":"2022-05-11T08:26:45","modified_gmt":"2022-05-11T13:26:45","slug":"supervisa-el-gobierno-estatal-acciones-de-alerta-de-violencia-de-genero-en-naucalpan","status":"publish","type":"post","link":"https:\/\/www.diarioimagen.net\/?p=545957","title":{"rendered":"Supervisa el gobierno estatal acciones de Alerta de\u00a0Violencia de G\u00e9nero, en Naucalpan"},"content":{"rendered":"<p>&nbsp;<\/p>\n<ul>\n<li><strong><em>Coordinaci\u00f3n entre los 3 niveles de gobierno<\/em><\/strong><\/li>\n<\/ul>\n<p>&nbsp;<\/p>\n<div id=\"attachment_546079\" style=\"width: 470px\" class=\"wp-caption aligncenter\"><a href=\"https:\/\/www.diarioimagen.net\/?attachment_id=546079\" rel=\"attachment wp-att-546079\"><img loading=\"lazy\" decoding=\"async\" aria-describedby=\"caption-attachment-546079\" class=\"size-full wp-image-546079\" src=\"https:\/\/www.diarioimagen.net\/wp-content\/uploads\/2022\/05\/naucalpan-6.jpg\" alt=\"\" width=\"460\" height=\"270\" \/><\/a><p id=\"caption-attachment-546079\" class=\"wp-caption-text\">La titular de la Secretar\u00eda de la Mujer, Martha Hilda Gonz\u00e1lez Calder\u00f3n, supervis\u00f3 acciones de la Alerta de Violencia de G\u00e9nero.<\/p><\/div>\n<p>&nbsp;<\/p>\n<p><strong>Naucalpan, Estado de M\u00e9xico.\u2014<\/strong> Al supervisar en los municipios mexiquenses se\u00f1alados en la \u201cEstrategia Nacional de Seguridad P\u00fablica\u201d, las acciones atendidas en la Alerta de Violencia de G\u00e9nero, en conjunto con la Comisi\u00f3n Nacional para Prevenir y Erradicar la Violencia contra las Mujeres (CONAVIM), la titular de la Secretar\u00eda de la Mujer (SeMujer), Martha Hilda Gonz\u00e1lez Calder\u00f3n.<\/p>\n<p>\u201cPara atender la violencia de g\u00e9nero es necesario que m\u00e1s mujeres se sumen y aporten en la esfera p\u00fablica y privada, como lo ha instruido el mandatario estatal, Alfredo Del Mazo Maza, pero sobre todo, se requiere de una coordinaci\u00f3n entre los niveles de gobierno, para trabajar en beneficio de las mexiquenses\u201d, afirm\u00f3.<\/p>\n<p>Derivado del recurso aplicado por los tres niveles de Gobierno, federal, estatal y municipal, en Naucalpan se han implementado distintas estrategias y acciones, por ejemplo, se realizaron 17 capacitaciones en beneficio de 450 personas, 296 mujeres y 154 hombres, en materia de violencia, se atendi\u00f3 con los diferentes servicios que se ofrecen, L\u00ednea Sin Violencia, de Hombre a Hombre, Brigada de Seguimiento, entre otros, a 696 personas, 502 mujeres y 194 hombres.<\/p>\n<p>Se dio seguimiento a 459 carpetas de investigaci\u00f3n de la Fiscal\u00eda, de las cuales 22 fueron por violencia de g\u00e9nero y de la mano de la Comisi\u00f3n de B\u00fasqueda de Personas (Cobupem), se impartieron talleres en temas del protocolo homologado para la b\u00fasqueda de personas, sensibilizaci\u00f3n para la b\u00fasqueda de personas y capacitaci\u00f3n Interinstitucional de la Alerta de Violencia de G\u00e9nero para los municipios alertados de la Zona Valle de M\u00e9xico y Toluca.<\/p>\n<p>La Secretar\u00eda de Seguridad atendi\u00f3 726 llamadas a trav\u00e9s de la Unidad Especializada de Primera Intervenci\u00f3n para la Atenci\u00f3n de violencia de G\u00e9nero, as\u00ed como mil 532 seguimientos a casos prioritarios, 44 acompa\u00f1amientos por parte del Polic\u00eda de G\u00e9nero a instancias especializadas, 70 carpetas de investigaci\u00f3n, acompa\u00f1adas del otorgamiento de medidas de protecci\u00f3n y se llev\u00f3 a cabo el rescate de espacios p\u00fablicos.<\/p>\n<p>En Naucalpan se cuenta con una Agencia del Ministerio P\u00fablico Especializada en Violencia Familiar, Sexual y de G\u00e9nero (AMPEVFSyG) y una Unidad de Investigaci\u00f3n para la Atenci\u00f3n de los Delitos Vinculados a la Violencia de G\u00e9nero.<\/p>\n","protected":false},"excerpt":{"rendered":"<p>Al supervisar en los municipios mexiquenses se\u00f1alados en la \u201cEstrategia Nacional de Seguridad P\u00fablica\u201d, las acciones atendidas en la Alerta de Violencia de G\u00e9nero, en conjunto con la Comisi\u00f3n Nacional para Prevenir y Erradicar la Violencia contra las Mujeres (CONAVIM), la titular de la Secretar\u00eda de la Mujer (SeMujer), Martha Hilda Gonz\u00e1lez Calder\u00f3n.<\/p>\n","protected":false},"author":3,"featured_media":546079,"comment_status":"open","ping_status":"open","sticky":false,"template":"","format":"standard","meta":{"_monsterinsights_skip_tracking":false,"_monsterinsights_sitenote_active":false,"_monsterinsights_sitenote_note":"","_monsterinsights_sitenote_category":0,"footnotes":""},"categories":[5],"tags":[95410,43675,970],"class_list":["post-545957","post","type-post","status-publish","format-standard","has-post-thumbnail","hentry","category-estado-de-mexico","tag-alerta-de-violencia-de-genero","tag-estado-de-mexico","tag-naucalpan"],"_links":{"self":[{"href":"https:\/\/www.diarioimagen.net\/index.php?rest_route=\/wp\/v2\/posts\/545957","targetHints":{"allow":["GET"]}}],"collection":[{"href":"https:\/\/www.diarioimagen.net\/index.php?rest_route=\/wp\/v2\/posts"}],"about":[{"href":"https:\/\/www.diarioimagen.net\/index.php?rest_route=\/wp\/v2\/types\/post"}],"author":[{"embeddable":true,"href":"https:\/\/www.diarioimagen.net\/index.php?rest_route=\/wp\/v2\/users\/3"}],"replies":[{"embeddable":true,"href":"https:\/\/www.diarioimagen.net\/index.php?rest_route=%2Fwp%2Fv2%2Fcomments&post=545957"}],"version-history":[{"count":0,"href":"https:\/\/www.diarioimagen.net\/index.php?rest_route=\/wp\/v2\/posts\/545957\/revisions"}],"wp:featuredmedia":[{"embeddable":true,"href":"https:\/\/www.diarioimagen.net\/index.php?rest_route=\/wp\/v2\/media\/546079"}],"wp:attachment":[{"href":"https:\/\/www.diarioimagen.net\/index.php?rest_route=%2Fwp%2Fv2%2Fmedia&parent=545957"}],"wp:term":[{"taxonomy":"category","embeddable":true,"href":"https:\/\/www.diarioimagen.net\/index.php?rest_route=%2Fwp%2Fv2%2Fcategories&post=545957"},{"taxonomy":"post_tag","embeddable":true,"href":"https:\/\/www.diarioimagen.net\/index.php?rest_route=%2Fwp%2Fv2%2Ftags&post=545957"}],"curies":[{"name":"wp","href":"https:\/\/api.w.org\/{rel}","templated":true}]}}