{"id":545959,"date":"2022-05-11T00:01:47","date_gmt":"2022-05-11T05:01:47","guid":{"rendered":"https:\/\/www.diarioimagen.net\/?p=545959"},"modified":"2022-05-11T07:25:57","modified_gmt":"2022-05-11T12:25:57","slug":"festejo-el-gobierno-de-tlalnepantla-a-mas-de-50-mil-mamas-con-musica-en-vivo-y-cientos-de-regalos","status":"publish","type":"post","link":"https:\/\/www.diarioimagen.net\/?p=545959","title":{"rendered":"Festej\u00f3 el gobierno de Tlalnepantla a\u00a0m\u00e1s de 50 mil mam\u00e1s con m\u00fasica en vivo y cientos de regalos"},"content":{"rendered":"<p>&nbsp;<\/p>\n<ul>\n<li><strong><em>Se extendi\u00f3 durante tres d\u00edas<\/em><\/strong><\/li>\n<\/ul>\n<p>&nbsp;<\/p>\n<p><strong>Tlalnepantla, Estado de M\u00e9xico.\u2014<\/strong> El gobierno de Tlalnepantla concluy\u00f3 los festejos a las mam\u00e1s de este municipio, eventos que con motivo del D\u00eda de las Madres se extendi\u00f3 durante tres d\u00edas a lo largo y ancho de la localidad, logrando concentrar a m\u00e1s de 50 mil tlalnepantlenses que disfrutaron de m\u00fasica en vivo y cientos de regalos.<\/p>\n<p>Con una gira de eventos en la zona oriente de este municipio, el alcalde Marco Antonio Rodr\u00edguez Hurtado dio por finalizadas las celebraciones previas a este 10 de mayo, deseando a las tlalnepantlenses muchas felicidades.<\/p>\n<p>\u201cLa lecci\u00f3n que nos dej\u00f3 la pandemia es que debemos disfrutar cada momento, por eso hoy les pido que vivan a plenitud, de la forma que sea pero junto a sus familias, porque las p\u00e9rdidas que sufrimos en los dos \u00faltimos a\u00f1os nos recuerdan que la vida es lo m\u00e1s preciado que tenemos\u201d, refiri\u00f3 Tony Rodr\u00edguez.<\/p>\n<p>Acompa\u00f1ado de los integrantes del Cuerpo Edilicio; directores generales; del Comisionado Municipal, Ramiro Mart\u00ednez; la coordinadora de las Mesas para la Construcci\u00f3n de la Paz, Mar\u00eda de los \u00c1ngeles Moreno; as\u00ed como del Secretario T\u00e9cnico de la regi\u00f3n, Alejandro Abad, el Alcalde puntualiz\u00f3 que su gobierno ser\u00e1 corresponsable en cada una de las necesidades que se tienen en cada comunidad.<\/p>\n","protected":false},"excerpt":{"rendered":"<p>El gobierno de Tlalnepantla concluy\u00f3 los festejos a las mam\u00e1s de este municipio, eventos que con motivo del D\u00eda de las Madres se extendi\u00f3 durante tres d\u00edas a lo largo y ancho de la localidad, logrando concentrar a m\u00e1s de 50 mil tlalnepantlenses que disfrutaron de m\u00fasica en vivo y cientos de regalos.<\/p>\n","protected":false},"author":3,"featured_media":0,"comment_status":"open","ping_status":"open","sticky":false,"template":"","format":"standard","meta":{"_monsterinsights_skip_tracking":false,"_monsterinsights_sitenote_active":false,"_monsterinsights_sitenote_note":"","_monsterinsights_sitenote_category":0,"footnotes":""},"categories":[5],"tags":[95411,43675,1534,2208,169],"class_list":["post-545959","post","type-post","status-publish","format-standard","hentry","category-estado-de-mexico","tag-cientos","tag-estado-de-mexico","tag-musica","tag-regalos","tag-tlalnepantla"],"_links":{"self":[{"href":"https:\/\/www.diarioimagen.net\/index.php?rest_route=\/wp\/v2\/posts\/545959","targetHints":{"allow":["GET"]}}],"collection":[{"href":"https:\/\/www.diarioimagen.net\/index.php?rest_route=\/wp\/v2\/posts"}],"about":[{"href":"https:\/\/www.diarioimagen.net\/index.php?rest_route=\/wp\/v2\/types\/post"}],"author":[{"embeddable":true,"href":"https:\/\/www.diarioimagen.net\/index.php?rest_route=\/wp\/v2\/users\/3"}],"replies":[{"embeddable":true,"href":"https:\/\/www.diarioimagen.net\/index.php?rest_route=%2Fwp%2Fv2%2Fcomments&post=545959"}],"version-history":[{"count":0,"href":"https:\/\/www.diarioimagen.net\/index.php?rest_route=\/wp\/v2\/posts\/545959\/revisions"}],"wp:attachment":[{"href":"https:\/\/www.diarioimagen.net\/index.php?rest_route=%2Fwp%2Fv2%2Fmedia&parent=545959"}],"wp:term":[{"taxonomy":"category","embeddable":true,"href":"https:\/\/www.diarioimagen.net\/index.php?rest_route=%2Fwp%2Fv2%2Fcategories&post=545959"},{"taxonomy":"post_tag","embeddable":true,"href":"https:\/\/www.diarioimagen.net\/index.php?rest_route=%2Fwp%2Fv2%2Ftags&post=545959"}],"curies":[{"name":"wp","href":"https:\/\/api.w.org\/{rel}","templated":true}]}}