{"id":545981,"date":"2022-05-11T00:02:46","date_gmt":"2022-05-11T05:02:46","guid":{"rendered":"https:\/\/www.diarioimagen.net\/?p=545981"},"modified":"2022-05-12T04:46:29","modified_gmt":"2022-05-12T09:46:29","slug":"paradojico-madruguete-amlo-amenaza-con-no-ir-a-la-cumbre-de-las-americas","status":"publish","type":"post","link":"https:\/\/www.diarioimagen.net\/?p=545981","title":{"rendered":"Parad\u00f3jico madruguete, AMLO amenaza con no ir a la Cumbre de las Am\u00e9ricas"},"content":{"rendered":"<h2>La Retaguardia<\/h2>\n<h5>Adriana Moreno Cordero<\/h5>\n<p>&nbsp;<\/p>\n<ul>\n<li><strong><em>Marchan madres de desaparecidos en demanda de atenci\u00f3n<\/em><\/strong><\/li>\n<\/ul>\n<p>&nbsp;<\/p>\n<p>Un asunto parad\u00f3jico, sin duda, esa especie de \u201cmadruguete\u201d que dio el presidente <strong>Andr\u00e9s Manuel L\u00f3pez Obrador<\/strong> en su gustad\u00edsimo \u201cstand-up\u201d ma\u00f1anero, al amenazar con que no asistir\u00e1 a la Cumbre de las Am\u00e9ricas, a celebrarse en junio pr\u00f3ximo en Los Angeles, si el gobierno de Estados Unidos que encabeza el presidente <strong>Joe Biden<\/strong>, no invita a Cuba, Venezuela y Nicaragua, pa\u00edses donde no sobra se\u00f1alar, gobiernan dictadores del tama\u00f1o de <strong>Miguel D\u00edaz-Canel<\/strong>, <strong>Nicol\u00e1s Maduro<\/strong> y <strong>Daniel Ortega<\/strong>.<\/p>\n<p>Bueno, seguramente en la Casa Blanca estar\u00e1n preocupad\u00edsimos y muy angustiados por la inminente ausencia del tabasque\u00f1o en dicho c\u00f3nclave. Sin embargo, hay que ver m\u00e1s a fondo y si L\u00f3pez Obrador no asistir\u00e1 a esta reuni\u00f3n, es adem\u00e1s porque no tiene el nivel para estar junto a verdaderos jefes de Estado, no como \u00e9l que es tan, pero tan dom\u00e9stico; dir\u00edase que hasta rudimentario y que tiene la mala costumbre de negar la dram\u00e1tica realidad que se le planta a la cara, ech\u00e1ndole la culpa de todo a sus adversarios.<\/p>\n<p>Por eso, el tabasque\u00f1o viaja tan poco, porque se le nota muy inc\u00f3modo en reuniones internacionales, o sea, le quedan muy grandes ese tipo de eventos.<\/p>\n<p>Por otro lado, en el vecino pa\u00eds del norte -del que M\u00e9xico es patio trasero o delantero, seg\u00fan se quiera ver-, s\u00ed existe hasta cierto desconcierto. Levantan la ceja porque el de Tepetit\u00e1n muestra afanes de querer convertirse, ahora, en un mes\u00edas centroamericano, que con un est\u00e9ril discurso de fraternidad, m\u00e1s af\u00edn a la religi\u00f3n que profesa, logre juntar \u201cel agua con el aceite\u201d.<\/p>\n<p>Ah\u00ed est\u00e1 como muestra lo que en la ma\u00f1anera le preguntaron a L\u00f3pez Obrador respecto a su presencia o no en la Cumbre de las Am\u00e9ricas: \u201c\u00bfSer\u00eda un mensaje de protesta?, a lo que respondi\u00f3: \u201cS\u00ed, porque no quiero que contin\u00fae la misma pol\u00edtica en Am\u00e9rica, y quiero, en los hechos, hacer valer la independencia, la soberan\u00eda y manifestarme por la fraternidad universal. No estamos para confrontaci\u00f3n, estamos para hermanarnos y aunque tengamos diferencias las podemos resolver, no excluyendo a nadie. No tenemos el derecho de excluir, que nadie excluya a nadie\u201d. O sea, el barato discurso de p\u00falpito, contin\u00faa permeando en Palacio Nacional.<\/p>\n<p>Debido a lo anterior, el embajador de Estados Unidos en M\u00e9xico, <strong>Ken Salazar<\/strong>, de inmediato se aperson\u00f3 en Palacio Nacional para hablar con el Presidente mexicano, as\u00ed como antes lo hizo con el tema de la reforma el\u00e9ctrica que \u201ccontra viento y marea\u201d, el tabasque\u00f1o intent\u00f3 sacar adelante, pero al parecer, no hubo resultados.<\/p>\n<p>La respuesta del gobierno norteamericano vino de inmediato y de nueva cuenta, la Casa Blanca le reiter\u00f3 a L\u00f3pez Obrador que no est\u00e1n convocados los gobiernos de Cuba, Venezuela y Nicaragua porque en esos tres pa\u00edses no hay democracia. Aun as\u00ed y\u00a0 por lo visto obnubilado, el inquilino de Palacio Nacional dijo confiar en su capacidad para convencer al presidente Biden de que le cumpla su caprichito.<\/p>\n<p>Lo m\u00e1s probable es que en su visita a Palacio Nacional, el embajador Ken Salazar le haya dicho que no hay \u201cvuelta de hoja\u201d en eso de convocar a dictadores a encuentros como el de la Cumbre de las Am\u00e9ricas. Hay que ser diplom\u00e1ticos pero contundentes, \u00bfo no?<\/p>\n<p>As\u00ed, muy mal hizo L\u00f3pez Obrador, en andarle prometiendo lo que no puede cumplir al mandatario cubano, D\u00edaz-Canel. En fin, eso es parte del discurso del tabasque\u00f1o, dejar en su camino puras promesas incumplidas. Con raz\u00f3n, en la gira que realiz\u00f3 la semana pasada por Centroam\u00e9rica, ni de su nombre se acuerdan o se lo cambian.<\/p>\n<p style=\"text-align: center;\"><strong>Municiones<\/strong><\/p>\n<p>*** El 10 de mayo, una fecha tan simb\u00f3lica en M\u00e9xico, madres de hijos desaparecidos pertenecientes a alrededor de 60 colectivos, que marcharon en la avenida Paseo de la Reforma de la Ciudad de M\u00e9xico, se\u00f1alaron que principalmente en el norte del pa\u00eds, se han presentado las m\u00e1s importantes deficiencias y fallas\u00a0 por parte de las autoridades que generalmente hacen caso omiso de las denuncias. Asimismo, dichas madres que no tuvieron nada que celebrar ayer, informaron que tienen registro de alrededor de 100 mil personas desaparecidas y 52 mil cuerpos sin identificar, por lo que demandaron la atenci\u00f3n del presidente L\u00f3pez Obrador, pidi\u00e9ndole una audiencia, algo que, dicho sea de paso, no va a suceder. Una de las demandas principales de las madres de desaparecidos, es que haya un Banco de Datos Gen\u00e9ticos para poder identificar a sus hijos y finalmente hallarlos, vivos o muertos. Asimismo, propusieron que la Glorieta de la Palma -donde en breve ser\u00e1 colocado un ahuehuete- sea rebautizado como \u201cEl Espacio de las personas desaparecidas\u201d. Esa es otra cosa que tampoco va a ocurrir.<\/p>\n<p>*** Por cierto, el gobierno de Nuevo Le\u00f3n, a cargo de un silente <strong>Samuel Garc\u00eda<\/strong>, tiene serios problemas con la desaparici\u00f3n forzada de personas. Se calcula que son alrededor de 6 mil, del 2011 a la fecha. En ese estado hay gran actividad por parte de colectivos de madres que, incansables, buscan a sus hijos. La fecha se celebr\u00f3 ayer cuando en el caso Debanhi Susana Escobar, tuvo lugar un nuevo cateo al motel Nueva Castilla, que viene a demostrar que el gobierno no puede con este sonado caso, pues siguen pasando los d\u00edas y no hay para cu\u00e1ndo se aclare este expediente. El padre de Debanhi, <strong>Mario Escobar<\/strong>, en base a sus propias investigaciones, sostiene que su hija fue asesinada.<\/p>\n<p>*** Y mientras el presidente L\u00f3pez Obrador asegura a voz en cuello que no se revisar\u00e1 el redise\u00f1o a\u00e9reo en la zona del Valle de M\u00e9xico porque los problemas que se difunden han sido inventados por sus adversarios, el Colectivo Ciudadano<strong> M\u00e1s Seguridad A\u00e9rea, Menos Ruido<\/strong>, conformado por comit\u00e9s ciudadanos de m\u00e1s de 150 colonias del Valle de M\u00e9xico, llevar\u00e1n a cabo hoy una rueda de prensa virtual para ofrecer un posicionamiento sobre las fallas en el redise\u00f1o del Espacio A\u00e9reo de la Zona Metropolitana del Valle de M\u00e9xico y su exigencia de que las decisiones deben ser tomadas desde el punto de la t\u00e9cnica en seguridad a\u00e9rea, entre ellas, volver a la ruta anterior ya probada y sin incidentes desde hace m\u00e1s de 30 a\u00f1os<strong>.<\/strong><\/p>\n<p>*** Parece incre\u00edble que mejor el embajador Ken Salazar, haya mostrado mayor empat\u00eda y solidaridad por el desafortunado y reciente asesinato de las reporteras<strong>, Yesenia Mollinedo<\/strong> y <strong>Johana Garc\u00eda<\/strong>, ocurrido en Veracruz, que el presidente L\u00f3pez Obrador, que hasta con flojera, declar\u00f3 que como siempre, enviaba un abrazo solidario a los familiares de estas dos v\u00edctimas, pero de ah\u00ed no pas\u00f3. \u201cLa libertad de prensa est\u00e1 bajo ataque\u201d, puso por las \u201cex benditas redes sociales\u201d el diplom\u00e1tico estadunidense.<\/p>\n<p><u><a href=\"mailto:morcora@gmail.com\" target=\"_blank\" rel=\"noopener noreferrer\"><em>morcora@gmail.com<\/em><\/a><\/u><\/p>\n","protected":false},"excerpt":{"rendered":"<p><span style=\"color: #005497;\"><strong>Adriana Moreno Cordero<\/strong><\/span><\/p>\n","protected":false},"author":3,"featured_media":0,"comment_status":"open","ping_status":"open","sticky":false,"template":"","format":"standard","meta":{"_monsterinsights_skip_tracking":false,"_monsterinsights_sitenote_active":false,"_monsterinsights_sitenote_note":"","_monsterinsights_sitenote_category":0,"footnotes":""},"categories":[69370],"tags":[69369,69368,43674],"class_list":["post-545981","post","type-post","status-publish","format-standard","hentry","category-adriana-moreno-cordero","tag-adriana-moreno-cordero","tag-la-retaguardia","tag-opinion"],"_links":{"self":[{"href":"https:\/\/www.diarioimagen.net\/index.php?rest_route=\/wp\/v2\/posts\/545981","targetHints":{"allow":["GET"]}}],"collection":[{"href":"https:\/\/www.diarioimagen.net\/index.php?rest_route=\/wp\/v2\/posts"}],"about":[{"href":"https:\/\/www.diarioimagen.net\/index.php?rest_route=\/wp\/v2\/types\/post"}],"author":[{"embeddable":true,"href":"https:\/\/www.diarioimagen.net\/index.php?rest_route=\/wp\/v2\/users\/3"}],"replies":[{"embeddable":true,"href":"https:\/\/www.diarioimagen.net\/index.php?rest_route=%2Fwp%2Fv2%2Fcomments&post=545981"}],"version-history":[{"count":0,"href":"https:\/\/www.diarioimagen.net\/index.php?rest_route=\/wp\/v2\/posts\/545981\/revisions"}],"wp:attachment":[{"href":"https:\/\/www.diarioimagen.net\/index.php?rest_route=%2Fwp%2Fv2%2Fmedia&parent=545981"}],"wp:term":[{"taxonomy":"category","embeddable":true,"href":"https:\/\/www.diarioimagen.net\/index.php?rest_route=%2Fwp%2Fv2%2Fcategories&post=545981"},{"taxonomy":"post_tag","embeddable":true,"href":"https:\/\/www.diarioimagen.net\/index.php?rest_route=%2Fwp%2Fv2%2Ftags&post=545981"}],"curies":[{"name":"wp","href":"https:\/\/api.w.org\/{rel}","templated":true}]}}