{"id":545984,"date":"2022-05-11T00:04:20","date_gmt":"2022-05-11T05:04:20","guid":{"rendered":"https:\/\/www.diarioimagen.net\/?p=545984"},"modified":"2022-05-11T01:16:35","modified_gmt":"2022-05-11T06:16:35","slug":"unidad-en-riesgo","status":"publish","type":"post","link":"https:\/\/www.diarioimagen.net\/?p=545984","title":{"rendered":"Unidad en riesgo"},"content":{"rendered":"<h2>Desde el portal<\/h2>\n<h5>\u00c1ngel Soriano<\/h5>\n<p>&nbsp;<\/p>\n<p>El presidente Andr\u00e9s Manuel L\u00f3pez Obrador expres\u00f3 que si no se invita a todos los pa\u00edses de la regi\u00f3n, no acudir\u00e1 a la Cumbre de las Am\u00e9ricas a realizarse el mes pr\u00f3ximo en Los \u00c1ngeles, California, toda vez que no debe prevalecer la exclusi\u00f3n que promueven grupos conservadores con fines hegem\u00f3nicos, sino que debe prevalecer la unidad sin distingos.<\/p>\n<p>La postura presidencial desde luego encontrar\u00e1 resistencia del pa\u00eds anfitri\u00f3n, pues esos poderosos grupos conservadores podr\u00edan desestabilizar al mismo gobierno estadounidense con protestas radicales por la presencia de gobernantes que consideran impresentables y contra los que se tiene una sistem\u00e1tica actividad de protesta.<\/p>\n<p>Los mismos gobernantes no invitados tampoco se ver\u00e1n afectados si van a no, pues el control que mantienen sobre sus pa\u00edses -y que es lo que les interesa-, les permite gobernar a su antojo, sin la m\u00ednima injerencia estadunidense para decidir el destino de los pueblos, aunque el prop\u00f3sito de \u00e9ste es precisamente mantener la supremac\u00eda sobre los mismos.<\/p>\n<p>De acuerdo a las fuerzas en disputa, ser\u00e1 dif\u00edcil la presencia de los gobernantes rechazados, por lo que la unidad de Am\u00e9rica Latina continuar\u00e1 siendo una utop\u00eda, pues los intereses pol\u00edticos y econ\u00f3micos en juego son vastos y est\u00e1n sobre los mismos intereses comunes en los que se inspira la cohesi\u00f3n de la regi\u00f3n. Sin embargo, estamos a unos d\u00edas de ver que ocurre.<\/p>\n<p style=\"text-align: center;\"><strong>Turbulencias<br \/>\nNo pasa nada en el espacio a\u00e9reo<\/strong><\/p>\n<p>En el espacio a\u00e9reo no pasa nada, afirma el presidente L\u00f3pez Obrador al considerar que el problema de los controladores se resuelve y quienes han hecho un esc\u00e1ndalo por los incidentes ocurridos en los \u00faltimos d\u00edas, es porque representan grupos de poder plenamente identificados y se oponen a todo. Nada tiene que ver el AIFA y pronto \u00e9ste recobrar\u00e1 su dinamismo, afirma el primer mandatario al minimizar el descontrol en los controladores que deben recuperar la confianza de los millones de usuarios del AICM\u2026 La Secretar\u00eda de las Infraestructuras y el Ordenamiento Territorial Sustentable de Oaxaca (Sinfra) refrend\u00f3 su compromiso de culminar sin contratiempos las obras de infraestructura que realiza en la capital oaxaque\u00f1a e inform\u00f3 que actualmente, tanto el Circuito Interior, como los trabajos de modernizaci\u00f3n de la Avenida S\u00edmbolos Patrios, contin\u00faan su programa de trabajo para ser culminado en el pr\u00f3ximo mes de agosto\u2026 Sigue la violencia ense\u00f1or\u00e9andose en diversas regiones del pa\u00eds y las y los periodistas siguen siendo el objetivo de los grupos criminales, sin que se vea alguna acci\u00f3n de parte de la secretar\u00eda de Seguridad P\u00fablica federal, tal parece que los hechos de violencia -como tales-, salen del control de las autoridades. Hasta los mismos polic\u00edas o soldados son sometidos por la delincuencia com\u00fan u organizada lo cual exhibe su poder\u00edo\u2026 Si con tanta facilidad de sustituye una palmera emblem\u00e1tica del Paseo de la Reforma, resulta injustificado entonces la existencia de entes burocr\u00e1ticos creados para la conservaci\u00f3n y mantenimiento del patrimonio de la ciudad de M\u00e9xico, pues las autoridades s\u00f3lo se concretan a informar que le cay\u00f3 una plaga y que se cambiar\u00e1, sin que se exijan responsabilidades. As\u00ed ocurri\u00f3 con la L\u00ednea 12 del Metro: colaps\u00f3 por falta de mantenimiento. Y lo que falta si se sigue con el mismo criterio y con los mismos gobernantes\u2026 Mientras la jefa de gobierno capitalino, Claudia Sheinbaum, sigue en su fren\u00e9tica carrera electoral recurriendo a las campa\u00f1as de sus correligionarios y apostando por su candidatura presidencial mientras temas esenciales de la capital del pa\u00eds son descuidados.<\/p>\n<p><u><a href=\"mailto:asorianocarrasco@yahoo.com\" target=\"_blank\" rel=\"noopener noreferrer\"><em>asorianocarrasco@yahoo.com<\/em><\/a><br \/>\n<em><a href=\"https:\/\/revistabrecha.com\" target=\"_blank\" rel=\"noopener noreferrer\">www.revistabrecha.com<\/a><br \/>\n<a href=\"https:\/\/twitter.com\/brecharevista\" target=\"_blank\" rel=\"noopener noreferrer\">@BrechaRevista<\/a><\/em><\/u><\/p>\n","protected":false},"excerpt":{"rendered":"<p><span style=\"color: #005497;\"><strong>\u00c1ngel Soriano<\/strong><\/span><\/p>\n","protected":false},"author":3,"featured_media":0,"comment_status":"open","ping_status":"open","sticky":false,"template":"","format":"standard","meta":{"_monsterinsights_skip_tracking":false,"_monsterinsights_sitenote_active":false,"_monsterinsights_sitenote_note":"","_monsterinsights_sitenote_category":0,"footnotes":""},"categories":[135],"tags":[85,86,43674],"class_list":["post-545984","post","type-post","status-publish","format-standard","hentry","category-angel-soriano-opinion","tag-angel-soriano","tag-desde-el-portal","tag-opinion"],"_links":{"self":[{"href":"https:\/\/www.diarioimagen.net\/index.php?rest_route=\/wp\/v2\/posts\/545984","targetHints":{"allow":["GET"]}}],"collection":[{"href":"https:\/\/www.diarioimagen.net\/index.php?rest_route=\/wp\/v2\/posts"}],"about":[{"href":"https:\/\/www.diarioimagen.net\/index.php?rest_route=\/wp\/v2\/types\/post"}],"author":[{"embeddable":true,"href":"https:\/\/www.diarioimagen.net\/index.php?rest_route=\/wp\/v2\/users\/3"}],"replies":[{"embeddable":true,"href":"https:\/\/www.diarioimagen.net\/index.php?rest_route=%2Fwp%2Fv2%2Fcomments&post=545984"}],"version-history":[{"count":0,"href":"https:\/\/www.diarioimagen.net\/index.php?rest_route=\/wp\/v2\/posts\/545984\/revisions"}],"wp:attachment":[{"href":"https:\/\/www.diarioimagen.net\/index.php?rest_route=%2Fwp%2Fv2%2Fmedia&parent=545984"}],"wp:term":[{"taxonomy":"category","embeddable":true,"href":"https:\/\/www.diarioimagen.net\/index.php?rest_route=%2Fwp%2Fv2%2Fcategories&post=545984"},{"taxonomy":"post_tag","embeddable":true,"href":"https:\/\/www.diarioimagen.net\/index.php?rest_route=%2Fwp%2Fv2%2Ftags&post=545984"}],"curies":[{"name":"wp","href":"https:\/\/api.w.org\/{rel}","templated":true}]}}