{"id":545988,"date":"2022-05-11T00:05:15","date_gmt":"2022-05-11T05:05:15","guid":{"rendered":"https:\/\/www.diarioimagen.net\/?p=545988"},"modified":"2022-05-11T01:17:38","modified_gmt":"2022-05-11T06:17:38","slug":"improvisacion-la-constante","status":"publish","type":"post","link":"https:\/\/www.diarioimagen.net\/?p=545988","title":{"rendered":"Improvisaci\u00f3n, la constante"},"content":{"rendered":"<h2>Perfil de M\u00e9xico<\/h2>\n<h5>Armando R\u00edos Ruiz<\/h5>\n<p>&nbsp;<\/p>\n<p>Es visto que la improvisaci\u00f3n en este sexenio es la constante. El Presidente cree, porque es notorio advertirlo, que cualquiera sin m\u00e9ritos soporta cargos de importancia. Piensa que como el hombre orquesta, en \u00faltima instancia podr\u00eda asumir cualquier papel en el que otro falla, cuando no puede siquiera con el suyo.<\/p>\n<p>Hay quienes creen que si fuera presidente de Tepetit\u00e1n, su tierra natal, ya le hubiera fallado en grande. \u00bfC\u00f3mo no fallar en el cargo que ahora desempe\u00f1a, con acciones al parecer ensayadas para destruir el pa\u00eds? Hoy est\u00e1 convertido en candil de la calle, con el compromiso a cuestas de resolver en otros lugares los mismos problemas que aqu\u00ed padecemos y que permanecen sin soluci\u00f3n.<\/p>\n<p>Si nos asomamos a cualquier instituci\u00f3n, nos damos cuenta de que ninguna tiene piloto. La jefa de Gobierrno, Claudia Sheinbaum, por ejemplo, no es capaz de dar un paso por s\u00ed sola. Cuando act\u00faa motu propio incurre entonces en errores garrafales, dignos de alguien que carece de cerebro, por lo menos para peinarlo por fuera. \u00bfDe veras cient\u00edfica?<\/p>\n<p>Acaba de declarar que no le gust\u00f3 el dictamen de la empresa Noruega Det Norske Veritas (DNV) por considerarlo \u201ctendencioso\u201d y sin rigor cient\u00edfico, con nada menos que 150 a\u00f1os de experiencia y un prestigio mundial bien ganado. Para verg\u00fcenza de M\u00e9xico, dijo que\u00a0 se coludi\u00f3 con sus adversarios. \u00a1En serio, es para verg\u00fcenza un juicio tan ligero y falto de seso!<\/p>\n<p>Pero si enumeramos los desatinos de todos los ahora flamantes servidores p\u00fablicos, tendr\u00edamos entonces la engorrosa tarea de escribir muchos vol\u00famenes y no encontrar el final. Lo de servidores p\u00fablicos es un t\u00edtulo que les queda gigante. Apenas atinan a ser servidores de quien les otorg\u00f3 el puesto, igual que senadores y diputados, que elige el pueblo para que sirvan a un solo patr\u00f3n.<\/p>\n<p>Todo lo anterior viene a cuento por el reciente incidente en el Aeropuerto Internacional de la Ciudad de M\u00e9xico, en donde dos aviones de la empresa Volaris estuvieron a punto de chocar. \u00bfPor qu\u00e9? Se dice que por la irresponsabilidad de V\u00edctor Hern\u00e1ndez, quien tuvo que ser conminado a renunciar a la subsecretar\u00eda de Servicios a la Navegaci\u00f3n en el Espacio A\u00e9reo Mexicano.<strong>\u00a0<\/strong><\/p>\n<p>Se sabe adem\u00e1s, que no es la primera vez que ocurren incidentes peligrosos. Tambi\u00e9n se habla de que la apertura del Aeropuerto Felipe \u00c1ngeles, en Santa Lucia, estado de M\u00e9xico, ha coadyuvado a que en el mes de abril pasado se suscitaran otros connatos de riesgo. Ha podido m\u00e1s la necedad de un Presidente a quien le tiene totalmente sin cuidado que otros pierdan la vida.<\/p>\n<p>Dice Expansi\u00f3n Pol\u00edtica en una nota: \u201cEn la \u00faltima semana, el tema de la seguridad en el tr\u00e1fico a\u00e9reo de la Ciudad de M\u00e9xico ha abierto un debate. La Federaci\u00f3n de Asociaciones de Pilotos de L\u00edneas A\u00e9reas emiti\u00f3 recientemente un comunicado en el que alertaba por 17 incidentes relacionados con los controladores a\u00e9reos cerca del AICM, durante abril. La organizaci\u00f3n atribuye las complicaciones a la apertura del Aeropuerto Internacional Felipe \u00c1ngeles.<\/p>\n<p>Legisladores de oposici\u00f3n demandaron la cancelaci\u00f3n inmediata de las operaciones en el Aeropuerto de Santa Luc\u00eda, en tanto no se resuelva la saturaci\u00f3n en el de la ciudad, que tal vez ya estar\u00eda de pl\u00e1cemes, si el Presidente no hubiera cancelado la construcci\u00f3n en Texcoco y tirado cientos de miles de millones de pesos que nos sobran hasta para regalar a Cuba y Centroam\u00e9rica.<\/p>\n<p>Un p\u00e1rrafo de la petici\u00f3n dice as\u00ed: \u201cMe permito solicitar de manera respetuosa la detenci\u00f3n de las operaciones en el Aeropuerto Internacional Felipe \u00c1ngeles, en tanto no se garantice la seguridad de los pasajeros dentro de las instalaciones aeroportuarias. Esto con motivo de la situaci\u00f3n ocurrida el pasado 7 de mayo, cuando se dio a conocer un posible accidente entre dos aeronaves en el Aeropuerto Internacional de la Ciudad de M\u00e9xico\u201d.<\/p>\n<p>La petici\u00f3n no ser\u00e1 escuchada. Es m\u00e1s grande el capricho de mantener el AIFA, que naci\u00f3 fracasado, al cual habr\u00e1 que inyectarle vuelos por la fuerza, que hacer uso de la raz\u00f3n. \u00bfY Trump? S\u00f3lo \u00e9l ser\u00eda capaz de doblar la necedad.<\/p>\n<p><a href=\"mailto:ariosruiz@gmail.com\" target=\"_blank\" rel=\"noopener noreferrer\"><em>ariosruiz@gmail.com<\/em><\/a><\/p>\n","protected":false},"excerpt":{"rendered":"<p><span style=\"color: #005497;\"><strong>Armando R\u00edos Ruiz<\/strong><\/span><\/p>\n","protected":false},"author":3,"featured_media":0,"comment_status":"open","ping_status":"open","sticky":false,"template":"","format":"standard","meta":{"_monsterinsights_skip_tracking":false,"_monsterinsights_sitenote_active":false,"_monsterinsights_sitenote_note":"","_monsterinsights_sitenote_category":0,"footnotes":""},"categories":[88405],"tags":[88407,43674,91193],"class_list":["post-545988","post","type-post","status-publish","format-standard","hentry","category-armando-rios-ruiz","tag-armando-rios-ruiz","tag-opinion","tag-perfil-de-mexico"],"_links":{"self":[{"href":"https:\/\/www.diarioimagen.net\/index.php?rest_route=\/wp\/v2\/posts\/545988","targetHints":{"allow":["GET"]}}],"collection":[{"href":"https:\/\/www.diarioimagen.net\/index.php?rest_route=\/wp\/v2\/posts"}],"about":[{"href":"https:\/\/www.diarioimagen.net\/index.php?rest_route=\/wp\/v2\/types\/post"}],"author":[{"embeddable":true,"href":"https:\/\/www.diarioimagen.net\/index.php?rest_route=\/wp\/v2\/users\/3"}],"replies":[{"embeddable":true,"href":"https:\/\/www.diarioimagen.net\/index.php?rest_route=%2Fwp%2Fv2%2Fcomments&post=545988"}],"version-history":[{"count":0,"href":"https:\/\/www.diarioimagen.net\/index.php?rest_route=\/wp\/v2\/posts\/545988\/revisions"}],"wp:attachment":[{"href":"https:\/\/www.diarioimagen.net\/index.php?rest_route=%2Fwp%2Fv2%2Fmedia&parent=545988"}],"wp:term":[{"taxonomy":"category","embeddable":true,"href":"https:\/\/www.diarioimagen.net\/index.php?rest_route=%2Fwp%2Fv2%2Fcategories&post=545988"},{"taxonomy":"post_tag","embeddable":true,"href":"https:\/\/www.diarioimagen.net\/index.php?rest_route=%2Fwp%2Fv2%2Ftags&post=545988"}],"curies":[{"name":"wp","href":"https:\/\/api.w.org\/{rel}","templated":true}]}}