{"id":545991,"date":"2022-05-11T00:08:41","date_gmt":"2022-05-11T05:08:41","guid":{"rendered":"https:\/\/www.diarioimagen.net\/?p=545991"},"modified":"2022-05-11T01:20:54","modified_gmt":"2022-05-11T06:20:54","slug":"ya-van-once-periodistas-ejecutados","status":"publish","type":"post","link":"https:\/\/www.diarioimagen.net\/?p=545991","title":{"rendered":"Ya van once periodistas ejecutados"},"content":{"rendered":"<h2>Punto por punto<\/h2>\n<h5>Augusto Corro<\/h5>\n<p>&nbsp;<\/p>\n<p>Las periodistas Yesenia Mollinedo Falconi y Sheila Johana Garc\u00eda Olivera fueron asesinadas a balazos. La primera, que se desempe\u00f1aba como directora del portal <em>El Veraz<\/em>, de Veracruz, muri\u00f3 en el sitio de la agresi\u00f3n y la segunda, como camar\u00f3grafa de ese medio, falleci\u00f3 a los pocos minutos de llegar al hospital. Los hechos ocurrieron alrededor de las 15 horas frente a un Oxxo, en la calle Benito Ju\u00e1rez, en el municipio de Cosoleacaque, Veracruz.<\/p>\n<p>En 2022 van once periodistas asesinados. Cuatro d\u00edas antes de este doble homicidio, en Culiac\u00e1n, Sinaloa, fue ultimado el comunicador Luis Enrique Ram\u00edrez Ramos. Precisamente, el lunes en la tarde se realiz\u00f3 una manifestaci\u00f3n en la Ciudad de M\u00e9xico, para exigir justicia en el caso del sinaloense.<\/p>\n<p>En Veracruz, lleg\u00f3 a siete el n\u00famero de periodistas asesinados en el gobierno de Cuitl\u00e1huac Garc\u00eda, de extracci\u00f3n morenista. En la citada entidad crece la espiral de violencia debido a la presencia de grupos relacionados con la delincuencia organizada. En Cosoleacaque se agudiz\u00f3 la extracci\u00f3n legal de combustible en los ductos de Petr\u00f3leo Mexicanos (Pemex).<\/p>\n<p>Seguramente las autoridades tendr\u00e1n que llevar las investigaciones al tema del <em>huachicoleo<\/em>, como una de las causas de la agresi\u00f3n contra las comunicadoras, que publicaron informaci\u00f3n sobre esas actividades al margen de la ley.<\/p>\n<p style=\"text-align: center;\"><strong>Impunidad<\/strong><\/p>\n<p>Los asesinatos de Yesenia, madre de dos menores, y de Sheila, impactaron una vez m\u00e1s a una poblaci\u00f3n veracruzana cansada de tanta violencia. A las redes sociales se subieron mensajes de repudio y condena a la impunidad que favorece a los criminales. Conforme avanzan los d\u00edas, el asunto se olvida y el expediente es enviado al archivo, el olvido.<\/p>\n<p>Entre otros periodistas asesinados en el presente a\u00f1o se encuentran los siguientes: Jos\u00e9 Luis Gamboa, el 10 de enero en Veracruz; Margarito Mart\u00ednez, el 17 de enero en Baja California; Lourdes Maldonado, el 23 de enero en Michoac\u00e1n; Heber L\u00f3pez, el 10 de febrero en Oaxaca; Jorge Camero, el 24 de febrero, en Sonora; Juan Carlos Mu\u00f1oz, en Zacatecas; Armando Linares, el 15 de marzo en Michoac\u00e1n; y Luis Enrique Ram\u00edrez, el 5 de mayo, en Sinaloa.<\/p>\n<p>Seg\u00fan las autoridades se realizan las investigaciones de los diferentes casos, aunque los resultados son negativos. A la lentitud de la justicia se le suma la ineptitud de las Fiscal\u00edas, en todo el pa\u00eds. Esto lleva, sin duda alguna, a la impunidad total. Adem\u00e1s, no hay ninguna esperanza de que la situaci\u00f3n cambie; pues en algunos sitios las autoridades est\u00e1n asociados con el crimen organizado, raz\u00f3n por la que es imposible proteger a la sociedad.<\/p>\n<p>Uno de los sectores de la poblaci\u00f3n m\u00e1s afectados, debido a la falta de protecci\u00f3n, est\u00e1 el gremio de los periodistas. Como se vio en m\u00faltiples casos, las bandas criminales y los caciques de pueblo, son los principales autores intelectuales y materiales de los asesinatos de periodistas. \u00bfQu\u00e9 hacer donde la delincuencia gobierna? De ah\u00ed que en algunas regiones del pa\u00eds los comunicadores que se atreven a denunciar a los delincuentes, corran el riego de sufrir agresiones que van desde las amenazas hasta los asesinatos.<\/p>\n<p style=\"text-align: center;\"><strong>Exigencias de justicia<\/strong><\/p>\n<p>Esta misma semana, en este espacio tratamos el tema de los periodistas asesinados. Planteamos que 2022 se encamina a convertirse en el a\u00f1o m\u00e1s letal en la historia del periodismo en M\u00e9xico. As\u00ed lo consider\u00f3 Tyler Maltiace, investigador para Am\u00e9rica Latina de Human Rights Watch (HRW). Dijo que M\u00e9xico es el segundo pa\u00eds m\u00e1s violento para ejercer el periodismo, solo despu\u00e9s de Ucrania.<\/p>\n<p>En M\u00e9xico no son castigados m\u00e1s del 90% de los cr\u00edmenes en contra de los comunicadores. Es extrema la violencia. De acuerdo con los registros de la organizaci\u00f3n Art\u00edculo 19, es de 151 la cifra de periodistas asesinados a partir del 2000.<\/p>\n<p>En fin, urgen medidas preventivas que protejan a los periodistas. Ya basta de asesinatos.<\/p>\n<p>\u00bfUsted qu\u00e9 opina amable lector?<\/p>\n<p><a href=\"mailto:aco2742@hotmail.com\" target=\"_blank\" rel=\"noopener noreferrer\"><em>aco2742@hotmail.com<\/em><\/a><\/p>\n","protected":false},"excerpt":{"rendered":"<p><span style=\"color: #005497;\"><strong>Augusto Corro<\/strong><\/span><\/p>\n","protected":false},"author":3,"featured_media":0,"comment_status":"open","ping_status":"open","sticky":false,"template":"","format":"standard","meta":{"_monsterinsights_skip_tracking":false,"_monsterinsights_sitenote_active":false,"_monsterinsights_sitenote_note":"","_monsterinsights_sitenote_category":0,"footnotes":""},"categories":[157],"tags":[43686,43674,11515],"class_list":["post-545991","post","type-post","status-publish","format-standard","hentry","category-augusto-corro","tag-augusto-corro","tag-opinion","tag-punto-por-punto"],"_links":{"self":[{"href":"https:\/\/www.diarioimagen.net\/index.php?rest_route=\/wp\/v2\/posts\/545991","targetHints":{"allow":["GET"]}}],"collection":[{"href":"https:\/\/www.diarioimagen.net\/index.php?rest_route=\/wp\/v2\/posts"}],"about":[{"href":"https:\/\/www.diarioimagen.net\/index.php?rest_route=\/wp\/v2\/types\/post"}],"author":[{"embeddable":true,"href":"https:\/\/www.diarioimagen.net\/index.php?rest_route=\/wp\/v2\/users\/3"}],"replies":[{"embeddable":true,"href":"https:\/\/www.diarioimagen.net\/index.php?rest_route=%2Fwp%2Fv2%2Fcomments&post=545991"}],"version-history":[{"count":0,"href":"https:\/\/www.diarioimagen.net\/index.php?rest_route=\/wp\/v2\/posts\/545991\/revisions"}],"wp:attachment":[{"href":"https:\/\/www.diarioimagen.net\/index.php?rest_route=%2Fwp%2Fv2%2Fmedia&parent=545991"}],"wp:term":[{"taxonomy":"category","embeddable":true,"href":"https:\/\/www.diarioimagen.net\/index.php?rest_route=%2Fwp%2Fv2%2Fcategories&post=545991"},{"taxonomy":"post_tag","embeddable":true,"href":"https:\/\/www.diarioimagen.net\/index.php?rest_route=%2Fwp%2Fv2%2Ftags&post=545991"}],"curies":[{"name":"wp","href":"https:\/\/api.w.org\/{rel}","templated":true}]}}