{"id":545994,"date":"2022-05-11T00:03:46","date_gmt":"2022-05-11T05:03:46","guid":{"rendered":"https:\/\/www.diarioimagen.net\/?p=545994"},"modified":"2022-05-11T01:26:47","modified_gmt":"2022-05-11T06:26:47","slug":"victimas-del-periodismo-aumentan","status":"publish","type":"post","link":"https:\/\/www.diarioimagen.net\/?p=545994","title":{"rendered":"V\u00edctimas del periodismo, aumentan"},"content":{"rendered":"<h2>Espacio Electoral<\/h2>\n<h5>Eleazar Flores<strong>\u00a0<\/strong><\/h5>\n<p>&nbsp;<\/p>\n<p><strong>DOS M\u00c1S EN VERACRUZ-.<\/strong> Para variar, la muerte de dos periodistas m\u00e1s, en el violento estado de Veracruz este lunes pasado, tambi\u00e9n es culpa de los gobiernos neoliberales y conservadores, con lo que el padre de la Cuarta Transformaci\u00f3n exculpa en autom\u00e1tico al \u201ctranquilo\u201d gobernador morenista Cuitl\u00e1huac Garc\u00eda.<\/p>\n<p>La muerte de periodistas obedece a la descomposici\u00f3n social heredada de los gobiernos conservadores y neoliberales y en cuanto al desquiciamiento del espacio a\u00e9reo en los \u00faltimos d\u00edas es producto, entre otras cosas,\u00a0 de la prensa enemiga del actual gobierno.<\/p>\n<p><strong>VERACRUZ-.<\/strong> Este lunes 9 se anunci\u00f3 el asesinato de dos reporteras veracruzanas, Yesenia Mollinedo, directora de la agencia de noticias El Veraz, y Johanna Garc\u00eda. Los fat\u00eddicos hechos se registraron en el municipio de Cosoleacaque, sin que hasta ayer al mediod\u00eda no hab\u00eda alguna pista de investigaci\u00f3n firme sobre ambos casos.<\/p>\n<p>En el serm\u00f3n ma\u00f1anero, el presidente Andr\u00e9s Manuel L\u00f3pez Obrador dijo desde su p\u00falpito presidencial que como nunca se trabaja en la protecci\u00f3n a los profesionales de la comunicaci\u00f3n, pero la violencia viene de la descomposici\u00f3n social heredada de los pasados gobiernos neoliberales o sea que quienes ahora gobiernan son unas blancas palomas.<\/p>\n<p>Con el fallecimiento de la directora de la agencia noticiosa EL Veraz, Yesenia Mollinedo as\u00ed como de la reportera Johanna Garc\u00eda, llega a once el n\u00famero de vidas perdidas solamente en los cuatro meses y diez d\u00edas de este 2022, cifra que jam\u00e1s se hab\u00eda registrado en los sexenios anteriores, no obstante que no exist\u00eda la pol\u00edtica \u201cabrazos no balazos\u201d.<\/p>\n<p>Apenas la semana pasada fue privado de la vida otro periodista sinaloense, Enrique Ram\u00edrez, sin que la autoridad respectiva tenga una pista en busca del o los culpables.<\/p>\n<p>Lo parad\u00f3jico del caso de las periodistas veracruzanas asesinadas el lunes por la tarde en tierras jarochas, se supo justamente cuando decenas de periodistas chilangos en su mayor\u00eda, participaban en un mitin de protesta para exigir justamente parar la la violencia contra los periodistas y el esclarecimiento del asesinato del colega Enrique Ram\u00edrez.<\/p>\n<p>Ni pensar si las dos reporteras a quienes se les quit\u00f3 la vida el pasado lunes 9, pudieran ya haber sido mam\u00e1s y dejaran de existir justamente un d\u00eda antes de celebrarse en nuestro pa\u00eds el d\u00eda de las madres. Si, pues en otros pa\u00edses ese festejo se celebra en otras fechas.<\/p>\n<p>Olvidando los niveles de gobierno, federal, estatal o municipal, realmente es de preocupaci\u00f3n may\u00fascula la agresi\u00f3n mortal contra colegas reporteras, tanto en el sur como ahora, en el occidente, como sucedi\u00f3 la semana pasada y en la meseta central que incluye las entidades del centro del pa\u00eds como la capital y el Estado de M\u00e9xico, sedes de muchos medios y periodistas.<\/p>\n<p><em><a href=\"mailto:elefa44@gmail.com\" target=\"_blank\" rel=\"noopener noreferrer\">elefa44@gmail.com<\/a><\/em><\/p>\n","protected":false},"excerpt":{"rendered":"<p><span style=\"color: #005497;\"><strong>Eleazar Flores<\/strong><\/span><\/p>\n","protected":false},"author":3,"featured_media":0,"comment_status":"open","ping_status":"open","sticky":false,"template":"","format":"standard","meta":{"_monsterinsights_skip_tracking":false,"_monsterinsights_sitenote_active":false,"_monsterinsights_sitenote_note":"","_monsterinsights_sitenote_category":0,"footnotes":""},"categories":[81743],"tags":[],"class_list":["post-545994","post","type-post","status-publish","format-standard","hentry","category-eleazar-flores"],"_links":{"self":[{"href":"https:\/\/www.diarioimagen.net\/index.php?rest_route=\/wp\/v2\/posts\/545994","targetHints":{"allow":["GET"]}}],"collection":[{"href":"https:\/\/www.diarioimagen.net\/index.php?rest_route=\/wp\/v2\/posts"}],"about":[{"href":"https:\/\/www.diarioimagen.net\/index.php?rest_route=\/wp\/v2\/types\/post"}],"author":[{"embeddable":true,"href":"https:\/\/www.diarioimagen.net\/index.php?rest_route=\/wp\/v2\/users\/3"}],"replies":[{"embeddable":true,"href":"https:\/\/www.diarioimagen.net\/index.php?rest_route=%2Fwp%2Fv2%2Fcomments&post=545994"}],"version-history":[{"count":0,"href":"https:\/\/www.diarioimagen.net\/index.php?rest_route=\/wp\/v2\/posts\/545994\/revisions"}],"wp:attachment":[{"href":"https:\/\/www.diarioimagen.net\/index.php?rest_route=%2Fwp%2Fv2%2Fmedia&parent=545994"}],"wp:term":[{"taxonomy":"category","embeddable":true,"href":"https:\/\/www.diarioimagen.net\/index.php?rest_route=%2Fwp%2Fv2%2Fcategories&post=545994"},{"taxonomy":"post_tag","embeddable":true,"href":"https:\/\/www.diarioimagen.net\/index.php?rest_route=%2Fwp%2Fv2%2Ftags&post=545994"}],"curies":[{"name":"wp","href":"https:\/\/api.w.org\/{rel}","templated":true}]}}